{"id":16084,"date":"2025-01-08T18:39:30","date_gmt":"2025-01-08T15:39:30","guid":{"rendered":"https:\/\/kibrisayna.com\/index.php\/2025\/01\/08\/sosyal-yardimlar-yasa-tasarisi-ele-alindi-brtk\/"},"modified":"2025-01-08T18:39:30","modified_gmt":"2025-01-08T15:39:30","slug":"sosyal-yardimlar-yasa-tasarisi-ele-alindi-brtk","status":"publish","type":"post","link":"https:\/\/kibrisayna.com\/index.php\/2025\/01\/08\/sosyal-yardimlar-yasa-tasarisi-ele-alindi-brtk\/","title":{"rendered":"\u201cSosyal Yard\u0131mlar Yasa Tasar\u0131s\u0131\u201d ele al\u0131nd\u0131 \u2013 BRTK"},"content":{"rendered":"<p> <br \/>\n<\/p>\n<div>\n<div class=\"mariselle-image-container none\">\n                <img loading=\"lazy\" decoding=\"async\" width=\"1800\" height=\"1200\" class=\"lazy-image\" alt=\"\" sizes=\"auto, (max-width: 1800px) 100vw, 1800px\" src=\"https:\/\/brtk.net\/wp-content\/uploads\/2025\/01\/08\/1736343918069MECLIS-IDARI-KOMITE3.jpeg?ver=9e83868d38a3043af47d6ee705d0d4a4\" srcset=\"https:\/\/brtk.net\/wp-content\/uploads\/2025\/01\/08\/1736343918069MECLIS-IDARI-KOMITE3.jpeg?ver=9e83868d38a3043af47d6ee705d0d4a4 1800w, https:\/\/brtk.net\/wp-content\/uploads\/2025\/01\/08\/1736343918069MECLIS-IDARI-KOMITE3-300x200.jpeg?ver=ae244cab886fc6de78aaa4b7e6a1144d 300w, https:\/\/brtk.net\/wp-content\/uploads\/2025\/01\/08\/1736343918069MECLIS-IDARI-KOMITE3-1024x683.jpeg?ver=ae244cab886fc6de78aaa4b7e6a1144d 1024w, https:\/\/brtk.net\/wp-content\/uploads\/2025\/01\/08\/1736343918069MECLIS-IDARI-KOMITE3-768x512.jpeg?ver=ae244cab886fc6de78aaa4b7e6a1144d 768w, https:\/\/brtk.net\/wp-content\/uploads\/2025\/01\/08\/1736343918069MECLIS-IDARI-KOMITE3-1536x1024.jpeg?ver=c20eee69fa760e8810f659e707099ac5 1536w\"\/>                            <\/div>\n<p>Cumhuriyet Meclisi \u0130dari, Kamu ve Sa\u011fl\u0131k \u0130\u015fleri Komitesi, 1989\u2019da yap\u0131lan \u201cSosyal Yard\u0131mlar Yasas\u0131\u2019n\u0131n g\u00fcn\u00fcm\u00fcz ko\u015fullar\u0131nda uygun hale getirilmesi amac\u0131yla haz\u0131rlanan yasa tasar\u0131s\u0131n\u0131 g\u00f6r\u00fc\u015fmeye ba\u015flad\u0131.<\/p>\n<p>Cumhuriyet Meclisi\u2019nden yap\u0131lan a\u00e7\u0131klamaya g\u00f6re, \u201cSosyal Yard\u0131mlar Yasa Tasar\u0131s\u0131\u201dn\u0131n genel g\u00f6r\u00fc\u015fmesini tamamlayarak, madde madde g\u00f6r\u00fc\u015fmeye ba\u015flayan komite, \u00e7al\u0131\u015fmalar\u0131na bir sonraki toplant\u0131da devam edecek.<\/p>\n<p>UBP Milletvekili Sunat Atun ba\u015fkanl\u0131\u011f\u0131nda yap\u0131lan \u0130dari, Kamu ve Sa\u011fl\u0131k \u0130\u015fleri Komitesi toplant\u0131s\u0131na Komite Ba\u015fkan Vekili, CTP Milletvekili Filiz Besim, UBP Milletvekilleri \u0130zlem G\u00fcr\u00e7a\u011f Altu\u011fra ve Ahmet Sava\u015fan ile CTP Milletvekili Devrim Bar\u00e7\u0131n kat\u0131ld\u0131. Komite toplant\u0131s\u0131nda ayr\u0131ca CTP Milletvekili Do\u011fu\u015f Derya ile Ba\u011f\u0131ms\u0131z Milletvekilleri Jale Refik Rogers ve Ay\u015feg\u00fcl Baybars da yer ald\u0131.<\/p>\n<p>Komite toplant\u0131s\u0131na davetli olarak, \u00c7al\u0131\u015fma ve Sosyal G\u00fcvenlik Bakanl\u0131\u011f\u0131, Maliye Bakanl\u0131\u011f\u0131, Sosyal Hizmetler Dairesi ve \u0130nsan Kaynaklar\u0131 Ba\u015fkanl\u0131\u011f\u0131, Samtay Vakf\u0131 ve ZAYDER\u2019den yetkililer de kat\u0131larak, g\u00f6r\u00fc\u015flerini payla\u015ft\u0131.<\/p>\n<\/p><\/div>\n<p><script async\n                    defer\n                    crossorigin=\"anonymous\"\n                    src=\"https:\/\/connect.facebook.net\/tr_TR\/sdk.js#xfbml=1&#038;version=v3.3\"\n            ><\/script><br \/>\n<br \/><br \/>\n<br \/><a href=\"https:\/\/brtk.net\/sosyal-yardimlar-yasa-tasarisi-ele-alindi\/\">Kaynak BRT <\/a><\/p>\n","protected":false},"excerpt":{"rendered":"<p>Cumhuriyet Meclisi \u0130dari, Kamu ve Sa\u011fl\u0131k \u0130\u015fleri Komitesi, 1989\u2019da yap\u0131lan \u201cSosyal Yard\u0131mlar Yasas\u0131\u2019n\u0131n g\u00fcn\u00fcm\u00fcz ko\u015fullar\u0131nda uygun hale getirilmesi amac\u0131yla haz\u0131rlanan yasa tasar\u0131s\u0131n\u0131 g\u00f6r\u00fc\u015fmeye ba\u015flad\u0131. Cumhuriyet Meclisi\u2019nden yap\u0131lan a\u00e7\u0131klamaya g\u00f6re, \u201cSosyal Yard\u0131mlar Yasa Tasar\u0131s\u0131\u201dn\u0131n genel g\u00f6r\u00fc\u015fmesini tamamlayarak, madde madde g\u00f6r\u00fc\u015fmeye ba\u015flayan komite, \u00e7al\u0131\u015fmalar\u0131na bir sonraki toplant\u0131da devam edecek. UBP Milletvekili Sunat Atun ba\u015fkanl\u0131\u011f\u0131nda yap\u0131lan \u0130dari, Kamu [&hellip;]<\/p>\n","protected":false},"author":908,"featured_media":16085,"comment_status":"open","ping_status":"open","sticky":false,"template":"","format":"standard","meta":{"_jetpack_memberships_contains_paid_content":false,"footnotes":"","jetpack_publicize_message":"","jetpack_publicize_feature_enabled":true,"jetpack_social_post_already_shared":true,"jetpack_social_options":{"image_generator_settings":{"template":"highway","default_image_id":0,"font":"","enabled":false},"version":2}},"categories":[253],"tags":[],"class_list":["post-16084","post","type-post","status-publish","format-standard","has-post-thumbnail","hentry","category-gundem"],"jetpack_publicize_connections":[],"jetpack_featured_media_url":"https:\/\/kibrisayna.com\/wp-content\/uploads\/2025\/01\/1736343918069MECLIS-IDARI-KOMITE3.jpeg","jetpack_sharing_enabled":true,"_links":{"self":[{"href":"https:\/\/kibrisayna.com\/index.php\/wp-json\/wp\/v2\/posts\/16084","targetHints":{"allow":["GET"]}}],"collection":[{"href":"https:\/\/kibrisayna.com\/index.php\/wp-json\/wp\/v2\/posts"}],"about":[{"href":"https:\/\/kibrisayna.com\/index.php\/wp-json\/wp\/v2\/types\/post"}],"author":[{"embeddable":true,"href":"https:\/\/kibrisayna.com\/index.php\/wp-json\/wp\/v2\/users\/908"}],"replies":[{"embeddable":true,"href":"https:\/\/kibrisayna.com\/index.php\/wp-json\/wp\/v2\/comments?post=16084"}],"version-history":[{"count":0,"href":"https:\/\/kibrisayna.com\/index.php\/wp-json\/wp\/v2\/posts\/16084\/revisions"}],"wp:featuredmedia":[{"embeddable":true,"href":"https:\/\/kibrisayna.com\/index.php\/wp-json\/wp\/v2\/media\/16085"}],"wp:attachment":[{"href":"https:\/\/kibrisayna.com\/index.php\/wp-json\/wp\/v2\/media?parent=16084"}],"wp:term":[{"taxonomy":"category","embeddable":true,"href":"https:\/\/kibrisayna.com\/index.php\/wp-json\/wp\/v2\/categories?post=16084"},{"taxonomy":"post_tag","embeddable":true,"href":"https:\/\/kibrisayna.com\/index.php\/wp-json\/wp\/v2\/tags?post=16084"}],"curies":[{"name":"wp","href":"https:\/\/api.w.org\/{rel}","templated":true}]}}