{"id":16082,"date":"2025-01-08T18:34:00","date_gmt":"2025-01-08T15:34:00","guid":{"rendered":"https:\/\/kibrisayna.com\/index.php\/2025\/01\/08\/ombudsman-ilkan-varol-posta-dairesindeki-havale-sorunu-konusundaki-raporunu-yayinladi-brtk\/"},"modified":"2025-01-08T18:34:00","modified_gmt":"2025-01-08T15:34:00","slug":"ombudsman-ilkan-varol-posta-dairesindeki-havale-sorunu-konusundaki-raporunu-yayinladi-brtk","status":"publish","type":"post","link":"https:\/\/kibrisayna.com\/index.php\/2025\/01\/08\/ombudsman-ilkan-varol-posta-dairesindeki-havale-sorunu-konusundaki-raporunu-yayinladi-brtk\/","title":{"rendered":"Ombudsman \u0130lkan Varol, Posta Dairesi\u2019ndeki havale sorunu konusundaki raporunu yay\u0131nlad\u0131 \u2013 BRTK"},"content":{"rendered":"<p> <br \/>\n<\/p>\n<div>\n<div class=\"mariselle-image-container none\">\n                <img loading=\"lazy\" decoding=\"async\" width=\"296\" height=\"171\" class=\"lazy-image\" alt=\"\" src=\"https:\/\/brtk.net\/wp-content\/uploads\/2025\/01\/08\/ilkan-varol.jpg?ver=c457e7ae5fad01124a447a3d90608803\"\/>                            <\/div>\n<p>Y\u00fcksek Y\u00f6netim Denet\u00e7isi (Ombudsman) \u0130lkan Varol, \u00d6mer S. Beydola\u2019n\u0131n \u015fik\u00e2yeti \u00fczerine ba\u015flat\u0131lan Posta Dairesi\u2019ndeki havale \u00f6demeleriyle ilgili soru\u015fturman\u0131n raporunu yay\u0131nlad\u0131.<\/p>\n<p>Y\u00fcksek Y\u00f6netim Denet\u00e7isi (Ombudsman) \u0130lkan Varol\u2019un raporuna g\u00f6re, Beydola, kirac\u0131lar\u0131 taraf\u0131ndan Posta Dairesine havale edilen kira bedellerinin kendisine ge\u00e7 \u00f6dendi\u011fini iddia ederek Ombudsmanl\u0131\u011fa ba\u015fvurdu.<\/p>\n<p>Varol, yap\u0131lan incelemenin ard\u0131ndan, Posta Dairesi Kurulu\u015f, G\u00f6rev ve Yetkileri T\u00fcz\u00fc\u011f\u00fc\u2019n\u00fcn g\u00fcn\u00fcn \u015fartlar\u0131na uygun olmamas\u0131 veya uygulamada s\u0131k\u0131nt\u0131 yaratmas\u0131 halinde T\u00fcz\u00fc\u011f\u00fcn g\u00fcncellenmesi ve \u00f6zellikle havale \u00f6demeleri gibi g\u00f6nderimler s\u00f6z konusu oldu\u011funda konu \u00f6demelerin bilgisinin al\u0131c\u0131ya k\u0131sa mesaj g\u00f6nderilerek verilmesinin \u00e7ok daha i\u015flevsel olaca\u011f\u0131 kanaatinde oldu\u011funu kaydetti.<\/p>\n<p>Ombudsman raporu :<\/p>\n<p><a href=\"https:\/\/brtk.net\/wp-content\/uploads\/2025\/01\/08\/1736345191330Ombudsman-Raporu.docx?ver=fa2ecf0f632c2086aaa4d000c6dff47b\">1736345191330Ombudsman Raporu<\/a><\/p>\n<\/p><\/div>\n<p><script async\n                    defer\n                    crossorigin=\"anonymous\"\n                    src=\"https:\/\/connect.facebook.net\/tr_TR\/sdk.js#xfbml=1&#038;version=v3.3\"\n            ><\/script><br \/>\n<br \/><br \/>\n<br \/><a href=\"https:\/\/brtk.net\/ombudsman-ilkan-varol-posta-dairesindeki-havale-sorunu-konusundaki-raporunu-yayinladi\/\">Kaynak BRT <\/a><\/p>\n","protected":false},"excerpt":{"rendered":"<p>Y\u00fcksek Y\u00f6netim Denet\u00e7isi (Ombudsman) \u0130lkan Varol, \u00d6mer S. Beydola\u2019n\u0131n \u015fik\u00e2yeti \u00fczerine ba\u015flat\u0131lan Posta Dairesi\u2019ndeki havale \u00f6demeleriyle ilgili soru\u015fturman\u0131n raporunu yay\u0131nlad\u0131. Y\u00fcksek Y\u00f6netim Denet\u00e7isi (Ombudsman) \u0130lkan Varol\u2019un raporuna g\u00f6re, Beydola, kirac\u0131lar\u0131 taraf\u0131ndan Posta Dairesine havale edilen kira bedellerinin kendisine ge\u00e7 \u00f6dendi\u011fini iddia ederek Ombudsmanl\u0131\u011fa ba\u015fvurdu. Varol, yap\u0131lan incelemenin ard\u0131ndan, Posta Dairesi Kurulu\u015f, G\u00f6rev ve Yetkileri T\u00fcz\u00fc\u011f\u00fc\u2019n\u00fcn [&hellip;]<\/p>\n","protected":false},"author":908,"featured_media":16083,"comment_status":"open","ping_status":"open","sticky":false,"template":"","format":"standard","meta":{"_jetpack_memberships_contains_paid_content":false,"footnotes":"","jetpack_publicize_message":"","jetpack_publicize_feature_enabled":true,"jetpack_social_post_already_shared":true,"jetpack_social_options":{"image_generator_settings":{"template":"highway","default_image_id":0,"font":"","enabled":false},"version":2}},"categories":[253],"tags":[],"class_list":["post-16082","post","type-post","status-publish","format-standard","has-post-thumbnail","hentry","category-gundem"],"jetpack_publicize_connections":[],"jetpack_featured_media_url":"https:\/\/kibrisayna.com\/wp-content\/uploads\/2025\/01\/ilkan-varol.jpg","jetpack_sharing_enabled":true,"_links":{"self":[{"href":"https:\/\/kibrisayna.com\/index.php\/wp-json\/wp\/v2\/posts\/16082","targetHints":{"allow":["GET"]}}],"collection":[{"href":"https:\/\/kibrisayna.com\/index.php\/wp-json\/wp\/v2\/posts"}],"about":[{"href":"https:\/\/kibrisayna.com\/index.php\/wp-json\/wp\/v2\/types\/post"}],"author":[{"embeddable":true,"href":"https:\/\/kibrisayna.com\/index.php\/wp-json\/wp\/v2\/users\/908"}],"replies":[{"embeddable":true,"href":"https:\/\/kibrisayna.com\/index.php\/wp-json\/wp\/v2\/comments?post=16082"}],"version-history":[{"count":0,"href":"https:\/\/kibrisayna.com\/index.php\/wp-json\/wp\/v2\/posts\/16082\/revisions"}],"wp:featuredmedia":[{"embeddable":true,"href":"https:\/\/kibrisayna.com\/index.php\/wp-json\/wp\/v2\/media\/16083"}],"wp:attachment":[{"href":"https:\/\/kibrisayna.com\/index.php\/wp-json\/wp\/v2\/media?parent=16082"}],"wp:term":[{"taxonomy":"category","embeddable":true,"href":"https:\/\/kibrisayna.com\/index.php\/wp-json\/wp\/v2\/categories?post=16082"},{"taxonomy":"post_tag","embeddable":true,"href":"https:\/\/kibrisayna.com\/index.php\/wp-json\/wp\/v2\/tags?post=16082"}],"curies":[{"name":"wp","href":"https:\/\/api.w.org\/{rel}","templated":true}]}}