{"id":16078,"date":"2025-01-08T18:21:02","date_gmt":"2025-01-08T15:21:02","guid":{"rendered":"https:\/\/kibrisayna.com\/index.php\/2025\/01\/08\/fidanin-ziyareti-bundan-sonrasi-icin-belirleyici-ve-onemli-brtk\/"},"modified":"2025-01-08T18:21:02","modified_gmt":"2025-01-08T15:21:02","slug":"fidanin-ziyareti-bundan-sonrasi-icin-belirleyici-ve-onemli-brtk","status":"publish","type":"post","link":"https:\/\/kibrisayna.com\/index.php\/2025\/01\/08\/fidanin-ziyareti-bundan-sonrasi-icin-belirleyici-ve-onemli-brtk\/","title":{"rendered":"Fidan\u2019\u0131n ziyareti bundan sonras\u0131 i\u00e7in belirleyici ve \u00f6nemli \u2013 BRTK"},"content":{"rendered":"<p> <br \/>\n<\/p>\n<div>\n<div class=\"mariselle-image-container center\">\n                <img loading=\"lazy\" decoding=\"async\" width=\"864\" height=\"486\" class=\"lazy-image\" alt=\"\" sizes=\"auto, (max-width: 864px) 100vw, 864px\" src=\"https:\/\/brtk.net\/wp-content\/uploads\/2023\/02\/02\/KUDRET-OZERSAY-4635353.jpg?ver=4394c58ae30924d7164e543efd7c40d7\" srcset=\"https:\/\/brtk.net\/wp-content\/uploads\/2023\/02\/02\/KUDRET-OZERSAY-4635353.jpg?ver=4394c58ae30924d7164e543efd7c40d7 864w, https:\/\/brtk.net\/wp-content\/uploads\/2023\/02\/02\/KUDRET-OZERSAY-4635353-300x169.jpg?ver=4394c58ae30924d7164e543efd7c40d7 300w, https:\/\/brtk.net\/wp-content\/uploads\/2023\/02\/02\/KUDRET-OZERSAY-4635353-768x432.jpg?ver=4394c58ae30924d7164e543efd7c40d7 768w\"\/>                            <\/div>\n<p>Halk\u0131n Partisi (HP) Genel Ba\u015fkan\u0131 Kudret \u00d6zersay, T\u00fcrkiye D\u0131\u015fi\u015fleri Bakan\u0131 Hakan Fidan\u2019\u0131n KKTC\u2019ye ger\u00e7ekle\u015ftirdi\u011fi ziyaretin \u00f6nemine i\u015faret ederek, \u201cBu ziyaretin, K\u0131br\u0131s sorununun gelece\u011fi ve Do\u011fu Akdeniz\u2019de T\u00fcrkiye ile KKTC\u2019nin ortak yol haritas\u0131n\u0131 belirlemesi a\u00e7\u0131s\u0131ndan bir ba\u015flang\u0131\u00e7 olaca\u011f\u0131n\u0131\u201d s\u00f6yledi.\u00a0<\/p>\n<p>Partiden yap\u0131lan a\u00e7\u0131klamaya g\u00f6re Kudret \u00d6zersay, T\u00fcrkiye D\u0131\u015fi\u015fleri Bakan\u0131 Fidan\u2019\u0131n KKTC\u2019ye ziyaretinin \u00f6nemine vurgu yapt\u0131 ve Orta Do\u011fu ve Do\u011fu Akdeniz\u2019deki dengelerin yeniden \u015fekillendi\u011fi bir d\u00f6nemde, yeni ABD Ba\u015fkan\u0131\u2019n\u0131n g\u00f6reve ba\u015flamas\u0131 ve mart ay\u0131nda K\u0131br\u0131s konusunda \u00e7ok tarafl\u0131 toplant\u0131 haz\u0131rl\u0131klar\u0131n\u0131n yap\u0131lmas\u0131 s\u00fcrecinde ger\u00e7ekle\u015fen bu ziyaretin anlaml\u0131 oldu\u011funu ifade etti.<\/p>\n<p>\u00d6zersay, \u201cBu ziyaretin, K\u0131br\u0131s sorununun gelece\u011fi ve Do\u011fu Akdeniz\u2019de T\u00fcrkiye ile KKTC\u2019nin ortak yol haritas\u0131n\u0131 belirlemesi a\u00e7\u0131s\u0131ndan bir ba\u015flang\u0131\u00e7 olaca\u011f\u0131n\u0131 d\u00fc\u015f\u00fcn\u00fcyorum. Sadece bas\u0131na yap\u0131lacak a\u00e7\u0131klamalara bakarak aceleci yorum yapmak do\u011fru olmaz.\u201d dedi.<\/p>\n<p><strong>-\u201cT\u00fcrkiye ve KKTC\u2019nin izleyece\u011fi ortak politika masaya yat\u0131r\u0131lmal\u0131d\u0131r\u2026\u201d<\/strong><\/p>\n<p>T\u00fcrkiye ve KKTC\u2019nin kader ortakl\u0131\u011f\u0131na vurgu yapan Kudret \u00d6zersay, de\u011fi\u015fen k\u00fcresel dengelere i\u015faret ederek, \u201cBu co\u011frafyada kader ortakl\u0131\u011f\u0131 yapan T\u00fcrkiye ve KKTC\u2019nin bundan sonras\u0131 i\u00e7in izleyece\u011fi ortak politika, strateji ve taktikler masaya yat\u0131r\u0131lmal\u0131d\u0131r \u00e7\u00fcnk\u00fc uluslararas\u0131 politikada yeni bir d\u00f6neme giriyoruz. Haz\u0131rl\u0131kl\u0131 olmal\u0131y\u0131z,\u201d \u015feklinde konu\u015ftu.<\/p>\n<p>D\u0131\u015f ili\u015fkilerde T\u00fcrkiye\u2019nin artan \u00f6nemine dikkat \u00e7eken \u00d6zersay, do\u011fru politikalar\u0131n belirlenmesi halinde K\u0131br\u0131s T\u00fcrk taraf\u0131n\u0131n da g\u00fcc\u00fcn\u00fcn ve \u00f6neminin artaca\u011f\u0131n\u0131 belirtti. B\u00f6lgesel bar\u0131\u015f ve istikrar\u0131n sa\u011flanmas\u0131na katk\u0131da bulunacak stratejiler geli\u015ftirmenin elzem oldu\u011funu vurgulad\u0131.<\/p>\n<\/p><\/div>\n<p><script async\n                    defer\n                    crossorigin=\"anonymous\"\n                    src=\"https:\/\/connect.facebook.net\/tr_TR\/sdk.js#xfbml=1&#038;version=v3.3\"\n            ><\/script><br \/>\n<br \/><br \/>\n<br \/><a href=\"https:\/\/brtk.net\/ozersay-fidanin-ziyareti-bundan-sonrasi-icin-belirleyici-ve-onemli\/\">Kaynak BRT <\/a><\/p>\n","protected":false},"excerpt":{"rendered":"<p>Halk\u0131n Partisi (HP) Genel Ba\u015fkan\u0131 Kudret \u00d6zersay, T\u00fcrkiye D\u0131\u015fi\u015fleri Bakan\u0131 Hakan Fidan\u2019\u0131n KKTC\u2019ye ger\u00e7ekle\u015ftirdi\u011fi ziyaretin \u00f6nemine i\u015faret ederek, \u201cBu ziyaretin, K\u0131br\u0131s sorununun gelece\u011fi ve Do\u011fu Akdeniz\u2019de T\u00fcrkiye ile KKTC\u2019nin ortak yol haritas\u0131n\u0131 belirlemesi a\u00e7\u0131s\u0131ndan bir ba\u015flang\u0131\u00e7 olaca\u011f\u0131n\u0131\u201d s\u00f6yledi.\u00a0 Partiden yap\u0131lan a\u00e7\u0131klamaya g\u00f6re Kudret \u00d6zersay, T\u00fcrkiye D\u0131\u015fi\u015fleri Bakan\u0131 Fidan\u2019\u0131n KKTC\u2019ye ziyaretinin \u00f6nemine vurgu yapt\u0131 ve Orta [&hellip;]<\/p>\n","protected":false},"author":908,"featured_media":16079,"comment_status":"open","ping_status":"open","sticky":false,"template":"","format":"standard","meta":{"_jetpack_memberships_contains_paid_content":false,"footnotes":"","jetpack_publicize_message":"","jetpack_publicize_feature_enabled":true,"jetpack_social_post_already_shared":true,"jetpack_social_options":{"image_generator_settings":{"template":"highway","default_image_id":0,"font":"","enabled":false},"version":2}},"categories":[253],"tags":[],"class_list":["post-16078","post","type-post","status-publish","format-standard","has-post-thumbnail","hentry","category-gundem"],"jetpack_publicize_connections":[],"jetpack_featured_media_url":"https:\/\/kibrisayna.com\/wp-content\/uploads\/2025\/01\/KUDRET-OZERSAY-4635353.jpg","jetpack_sharing_enabled":true,"_links":{"self":[{"href":"https:\/\/kibrisayna.com\/index.php\/wp-json\/wp\/v2\/posts\/16078","targetHints":{"allow":["GET"]}}],"collection":[{"href":"https:\/\/kibrisayna.com\/index.php\/wp-json\/wp\/v2\/posts"}],"about":[{"href":"https:\/\/kibrisayna.com\/index.php\/wp-json\/wp\/v2\/types\/post"}],"author":[{"embeddable":true,"href":"https:\/\/kibrisayna.com\/index.php\/wp-json\/wp\/v2\/users\/908"}],"replies":[{"embeddable":true,"href":"https:\/\/kibrisayna.com\/index.php\/wp-json\/wp\/v2\/comments?post=16078"}],"version-history":[{"count":0,"href":"https:\/\/kibrisayna.com\/index.php\/wp-json\/wp\/v2\/posts\/16078\/revisions"}],"wp:featuredmedia":[{"embeddable":true,"href":"https:\/\/kibrisayna.com\/index.php\/wp-json\/wp\/v2\/media\/16079"}],"wp:attachment":[{"href":"https:\/\/kibrisayna.com\/index.php\/wp-json\/wp\/v2\/media?parent=16078"}],"wp:term":[{"taxonomy":"category","embeddable":true,"href":"https:\/\/kibrisayna.com\/index.php\/wp-json\/wp\/v2\/categories?post=16078"},{"taxonomy":"post_tag","embeddable":true,"href":"https:\/\/kibrisayna.com\/index.php\/wp-json\/wp\/v2\/tags?post=16078"}],"curies":[{"name":"wp","href":"https:\/\/api.w.org\/{rel}","templated":true}]}}