{"id":16068,"date":"2025-01-08T16:45:31","date_gmt":"2025-01-08T13:45:31","guid":{"rendered":"https:\/\/kibrisayna.com\/index.php\/2025\/01\/08\/cumhurbaskani-tatarin-tc-disisleri-bakani-fidani-kabulunun-ardindan-heyetler-arasi-toplantiya-gecildi\/"},"modified":"2025-01-08T16:45:31","modified_gmt":"2025-01-08T13:45:31","slug":"cumhurbaskani-tatarin-tc-disisleri-bakani-fidani-kabulunun-ardindan-heyetler-arasi-toplantiya-gecildi","status":"publish","type":"post","link":"https:\/\/kibrisayna.com\/index.php\/2025\/01\/08\/cumhurbaskani-tatarin-tc-disisleri-bakani-fidani-kabulunun-ardindan-heyetler-arasi-toplantiya-gecildi\/","title":{"rendered":"Cumhurba\u015fkan\u0131 Tatar\u2019\u0131n TC D\u0131\u015fi\u015fleri Bakan\u0131 Fidan\u2019\u0131 kabul\u00fcn\u00fcn ard\u0131ndan heyetler aras\u0131 toplant\u0131ya ge\u00e7ildi"},"content":{"rendered":"<p> <br \/>\n<\/p>\n<div class=\"mariselle-image-container center\">\n                <img width=\"1600\" height=\"1066\" class=\"lazy-image\" alt=\"\" data-src=\"https:\/\/brtk.net\/wp-content\/uploads\/2025\/01\/08\/f5ecca7b-e49f-4a61-a826-efdbee2cbba7.jpg?ver=a8d2644c0b5a35cdc7b46a67b3360f88\" data-srcset=\"https:\/\/brtk.net\/wp-content\/uploads\/2025\/01\/08\/f5ecca7b-e49f-4a61-a826-efdbee2cbba7.jpg?ver=a8d2644c0b5a35cdc7b46a67b3360f88 1600w, https:\/\/brtk.net\/wp-content\/uploads\/2025\/01\/08\/f5ecca7b-e49f-4a61-a826-efdbee2cbba7-300x200.jpg?ver=67f0d5735158901df0a10e568eff3aea 300w, https:\/\/brtk.net\/wp-content\/uploads\/2025\/01\/08\/f5ecca7b-e49f-4a61-a826-efdbee2cbba7-1024x682.jpg?ver=67f0d5735158901df0a10e568eff3aea 1024w, https:\/\/brtk.net\/wp-content\/uploads\/2025\/01\/08\/f5ecca7b-e49f-4a61-a826-efdbee2cbba7-768x512.jpg?ver=430a1dfaabca028797cac1c72035522a 768w, https:\/\/brtk.net\/wp-content\/uploads\/2025\/01\/08\/f5ecca7b-e49f-4a61-a826-efdbee2cbba7-1536x1023.jpg?ver=430a1dfaabca028797cac1c72035522a 1536w\" \/>                            <\/div>\n<p>Cumhurba\u015fkan\u0131 Ersin Tatar\u2019\u0131n T\u00fcrkiye Cumhuriyeti D\u0131\u015fi\u015fleri Bakan\u0131 Hakan Fidan\u2019\u0131 kabul\u00fcn\u00fcn ard\u0131ndan heyetler aras\u0131 toplant\u0131ya ge\u00e7ildi.<\/p>\n<div class=\"mariselle-image-container center\">\n                <img width=\"1600\" height=\"1066\" class=\"lazy-image\" alt=\"\" data-src=\"https:\/\/brtk.net\/wp-content\/uploads\/2025\/01\/08\/98ffab8b-09bc-4078-b306-10786b111990.jpg?ver=7dfbcb2010b28a6c3bfa2d1901a845b3\" data-srcset=\"https:\/\/brtk.net\/wp-content\/uploads\/2025\/01\/08\/98ffab8b-09bc-4078-b306-10786b111990.jpg?ver=7dfbcb2010b28a6c3bfa2d1901a845b3 1600w, https:\/\/brtk.net\/wp-content\/uploads\/2025\/01\/08\/98ffab8b-09bc-4078-b306-10786b111990-300x200.jpg?ver=7dfbcb2010b28a6c3bfa2d1901a845b3 300w, https:\/\/brtk.net\/wp-content\/uploads\/2025\/01\/08\/98ffab8b-09bc-4078-b306-10786b111990-1024x682.jpg?ver=7dfbcb2010b28a6c3bfa2d1901a845b3 1024w, https:\/\/brtk.net\/wp-content\/uploads\/2025\/01\/08\/98ffab8b-09bc-4078-b306-10786b111990-768x512.jpg?ver=b5901616f4d2b1148db001d1a9996c89 768w, https:\/\/brtk.net\/wp-content\/uploads\/2025\/01\/08\/98ffab8b-09bc-4078-b306-10786b111990-1536x1023.jpg?ver=b5901616f4d2b1148db001d1a9996c89 1536w\" \/>                            <\/div>\n<p><br \/>\n<br \/><a href=\"https:\/\/brtk.net\/cumhurbaskani-tatarin-tc-disisleri-bakani-fidani-kabulunun-ardindan-heyetler-arasi-toplantiya-gecildi\/\">Kaynak BRT <\/a><\/p>\n","protected":false},"excerpt":{"rendered":"<p>Cumhurba\u015fkan\u0131 Ersin Tatar\u2019\u0131n T\u00fcrkiye Cumhuriyeti D\u0131\u015fi\u015fleri Bakan\u0131 Hakan Fidan\u2019\u0131 kabul\u00fcn\u00fcn ard\u0131ndan heyetler aras\u0131 toplant\u0131ya ge\u00e7ildi. Kaynak BRT<\/p>\n","protected":false},"author":908,"featured_media":16069,"comment_status":"open","ping_status":"open","sticky":false,"template":"","format":"standard","meta":{"_jetpack_memberships_contains_paid_content":false,"footnotes":"","jetpack_publicize_message":"","jetpack_publicize_feature_enabled":true,"jetpack_social_post_already_shared":true,"jetpack_social_options":{"image_generator_settings":{"template":"highway","default_image_id":0,"font":"","enabled":false},"version":2}},"categories":[253],"tags":[],"class_list":["post-16068","post","type-post","status-publish","format-standard","has-post-thumbnail","hentry","category-gundem"],"jetpack_publicize_connections":[],"jetpack_featured_media_url":"https:\/\/kibrisayna.com\/wp-content\/uploads\/2025\/01\/98ffab8b-09bc-4078-b306-10786b111990.jpg","jetpack_sharing_enabled":true,"_links":{"self":[{"href":"https:\/\/kibrisayna.com\/index.php\/wp-json\/wp\/v2\/posts\/16068","targetHints":{"allow":["GET"]}}],"collection":[{"href":"https:\/\/kibrisayna.com\/index.php\/wp-json\/wp\/v2\/posts"}],"about":[{"href":"https:\/\/kibrisayna.com\/index.php\/wp-json\/wp\/v2\/types\/post"}],"author":[{"embeddable":true,"href":"https:\/\/kibrisayna.com\/index.php\/wp-json\/wp\/v2\/users\/908"}],"replies":[{"embeddable":true,"href":"https:\/\/kibrisayna.com\/index.php\/wp-json\/wp\/v2\/comments?post=16068"}],"version-history":[{"count":0,"href":"https:\/\/kibrisayna.com\/index.php\/wp-json\/wp\/v2\/posts\/16068\/revisions"}],"wp:featuredmedia":[{"embeddable":true,"href":"https:\/\/kibrisayna.com\/index.php\/wp-json\/wp\/v2\/media\/16069"}],"wp:attachment":[{"href":"https:\/\/kibrisayna.com\/index.php\/wp-json\/wp\/v2\/media?parent=16068"}],"wp:term":[{"taxonomy":"category","embeddable":true,"href":"https:\/\/kibrisayna.com\/index.php\/wp-json\/wp\/v2\/categories?post=16068"},{"taxonomy":"post_tag","embeddable":true,"href":"https:\/\/kibrisayna.com\/index.php\/wp-json\/wp\/v2\/tags?post=16068"}],"curies":[{"name":"wp","href":"https:\/\/api.w.org\/{rel}","templated":true}]}}