{"id":16055,"date":"2025-01-08T15:02:31","date_gmt":"2025-01-08T12:02:31","guid":{"rendered":"https:\/\/kibrisayna.com\/index.php\/2025\/01\/08\/gereken-adimlarin-atilmamasi-halinde-grev-ve-eylem-karari-almaya-haziriz-brtk\/"},"modified":"2025-01-08T15:02:31","modified_gmt":"2025-01-08T12:02:31","slug":"gereken-adimlarin-atilmamasi-halinde-grev-ve-eylem-karari-almaya-haziriz-brtk","status":"publish","type":"post","link":"https:\/\/kibrisayna.com\/index.php\/2025\/01\/08\/gereken-adimlarin-atilmamasi-halinde-grev-ve-eylem-karari-almaya-haziriz-brtk\/","title":{"rendered":"Gereken ad\u0131mlar\u0131n at\u0131lmamas\u0131 halinde grev ve eylem karar\u0131 almaya haz\u0131r\u0131z \u2013 BRTK"},"content":{"rendered":"<p> <br \/>\n<\/p>\n<div>\n<div class=\"mariselle-image-container center\">\n                <img loading=\"lazy\" decoding=\"async\" width=\"2048\" height=\"819\" class=\"lazy-image\" alt=\"\" sizes=\"auto, (max-width: 2048px) 100vw, 2048px\" src=\"https:\/\/brtk.net\/wp-content\/uploads\/2025\/01\/08\/471486326_930567139178748_2589551434369891612_n.jpg?ver=7c5698a117089bb2dd7cf3b37d29bd32\" srcset=\"https:\/\/brtk.net\/wp-content\/uploads\/2025\/01\/08\/471486326_930567139178748_2589551434369891612_n.jpg?ver=7c5698a117089bb2dd7cf3b37d29bd32 2048w, https:\/\/brtk.net\/wp-content\/uploads\/2025\/01\/08\/471486326_930567139178748_2589551434369891612_n-300x120.jpg?ver=fb600aafeb1d8d56af012ad8b78d28f0 300w, https:\/\/brtk.net\/wp-content\/uploads\/2025\/01\/08\/471486326_930567139178748_2589551434369891612_n-1024x410.jpg?ver=8cef4a314fe329e78beb1fe92bdc5b1e 1024w, https:\/\/brtk.net\/wp-content\/uploads\/2025\/01\/08\/471486326_930567139178748_2589551434369891612_n-768x307.jpg?ver=8cef4a314fe329e78beb1fe92bdc5b1e 768w, https:\/\/brtk.net\/wp-content\/uploads\/2025\/01\/08\/471486326_930567139178748_2589551434369891612_n-1536x614.jpg?ver=8cef4a314fe329e78beb1fe92bdc5b1e 1536w\"\/>                            <\/div>\n<p>K\u0131br\u0131s T\u00fcrk \u00d6\u011fretmenler Sendikas\u0131(KT\u00d6S) , g\u00fc\u00e7lendirme \u00e7al\u0131\u015fmalar\u0131 devam eden \u015eehit Zeki Salih \u0130lkokulu\u2019na ait foto\u011fraflar\u0131 payla\u015f\u0131p \u201cg\u00fcvenlik\u201d sorununa i\u015faret etti.<\/p>\n<p>K\u0131br\u0131s T\u00fcrk \u00d6\u011fretmenler Sendikas\u0131 taraf\u0131ndan E\u011fitim Sekreteri S\u00fcleyman Gelener imzas\u0131yla yay\u0131mlanan bildiride, \u015eehit Zeki Salih \u0130lkokulu\u2019nun durumu ile ilgili de\u011ferlendirmede bulunuldu.<\/p>\n<p>Bildiride, okulda ba\u015flat\u0131lan g\u00fc\u00e7lendirme \u00e7al\u0131\u015fmalar\u0131n\u0131n tamamlanmad\u0131\u011f\u0131 ve okulun kaderine terk edildi\u011fi ileri s\u00fcr\u00fcld\u00fc.<\/p>\n<p>Sendikan\u0131n bildirisinde, KT\u00d6S olarak uyar\u0131yoruz, gereken ad\u0131mlar\u0131n at\u0131lmamas\u0131 halinde Okul Aile Birli\u011fi ile birlikte hareket ederek, bu \u015fartlarda okulu kapatma dahil her t\u00fcrl\u00fc grev ve eylem karar\u0131 almaya haz\u0131r\u0131z\u201d denildi.<\/p>\n<p>Bildiride, okullardaki g\u00fc\u00e7lendirme \u00e7al\u0131\u015fmalar\u0131n\u0131n takvimlendirilmesi ve tamamlanmas\u0131; e\u011fitim ve g\u00fcvenlik standartlar\u0131n\u0131n eksiksiz yerine getirilmesi; g\u00fcvenlik sa\u011flanmadan bu okullarda e\u011fitime devam edilmemesi; okul y\u00f6netimi, \u00f6\u011fretmenler ve velilerin s\u00fcre\u00e7 hakk\u0131nda d\u00fczenli bilgilendirilmesi de istendi.<\/p>\n<\/p><\/div>\n<p><script async\n                    defer\n                    crossorigin=\"anonymous\"\n                    src=\"https:\/\/connect.facebook.net\/tr_TR\/sdk.js#xfbml=1&#038;version=v3.3\"\n            ><\/script><br \/>\n<br \/><br \/>\n<br \/><a href=\"https:\/\/brtk.net\/ktos-gereken-adimlarin-atilmamasi-halinde-grev-ve-eylem-karari-almaya-haziriz\/\">Kaynak BRT <\/a><\/p>\n","protected":false},"excerpt":{"rendered":"<p>K\u0131br\u0131s T\u00fcrk \u00d6\u011fretmenler Sendikas\u0131(KT\u00d6S) , g\u00fc\u00e7lendirme \u00e7al\u0131\u015fmalar\u0131 devam eden \u015eehit Zeki Salih \u0130lkokulu\u2019na ait foto\u011fraflar\u0131 payla\u015f\u0131p \u201cg\u00fcvenlik\u201d sorununa i\u015faret etti. K\u0131br\u0131s T\u00fcrk \u00d6\u011fretmenler Sendikas\u0131 taraf\u0131ndan E\u011fitim Sekreteri S\u00fcleyman Gelener imzas\u0131yla yay\u0131mlanan bildiride, \u015eehit Zeki Salih \u0130lkokulu\u2019nun durumu ile ilgili de\u011ferlendirmede bulunuldu. Bildiride, okulda ba\u015flat\u0131lan g\u00fc\u00e7lendirme \u00e7al\u0131\u015fmalar\u0131n\u0131n tamamlanmad\u0131\u011f\u0131 ve okulun kaderine terk edildi\u011fi ileri s\u00fcr\u00fcld\u00fc. Sendikan\u0131n [&hellip;]<\/p>\n","protected":false},"author":908,"featured_media":16056,"comment_status":"open","ping_status":"open","sticky":false,"template":"","format":"standard","meta":{"_jetpack_memberships_contains_paid_content":false,"footnotes":"","jetpack_publicize_message":"","jetpack_publicize_feature_enabled":true,"jetpack_social_post_already_shared":true,"jetpack_social_options":{"image_generator_settings":{"template":"highway","default_image_id":0,"font":"","enabled":false},"version":2}},"categories":[253],"tags":[],"class_list":["post-16055","post","type-post","status-publish","format-standard","has-post-thumbnail","hentry","category-gundem"],"jetpack_publicize_connections":[],"jetpack_featured_media_url":"https:\/\/kibrisayna.com\/wp-content\/uploads\/2025\/01\/471486326_930567139178748_2589551434369891612_n.jpg","jetpack_sharing_enabled":true,"_links":{"self":[{"href":"https:\/\/kibrisayna.com\/index.php\/wp-json\/wp\/v2\/posts\/16055","targetHints":{"allow":["GET"]}}],"collection":[{"href":"https:\/\/kibrisayna.com\/index.php\/wp-json\/wp\/v2\/posts"}],"about":[{"href":"https:\/\/kibrisayna.com\/index.php\/wp-json\/wp\/v2\/types\/post"}],"author":[{"embeddable":true,"href":"https:\/\/kibrisayna.com\/index.php\/wp-json\/wp\/v2\/users\/908"}],"replies":[{"embeddable":true,"href":"https:\/\/kibrisayna.com\/index.php\/wp-json\/wp\/v2\/comments?post=16055"}],"version-history":[{"count":0,"href":"https:\/\/kibrisayna.com\/index.php\/wp-json\/wp\/v2\/posts\/16055\/revisions"}],"wp:featuredmedia":[{"embeddable":true,"href":"https:\/\/kibrisayna.com\/index.php\/wp-json\/wp\/v2\/media\/16056"}],"wp:attachment":[{"href":"https:\/\/kibrisayna.com\/index.php\/wp-json\/wp\/v2\/media?parent=16055"}],"wp:term":[{"taxonomy":"category","embeddable":true,"href":"https:\/\/kibrisayna.com\/index.php\/wp-json\/wp\/v2\/categories?post=16055"},{"taxonomy":"post_tag","embeddable":true,"href":"https:\/\/kibrisayna.com\/index.php\/wp-json\/wp\/v2\/tags?post=16055"}],"curies":[{"name":"wp","href":"https:\/\/api.w.org\/{rel}","templated":true}]}}