{"id":16049,"date":"2025-01-08T14:31:28","date_gmt":"2025-01-08T11:31:28","guid":{"rendered":"https:\/\/kibrisayna.com\/index.php\/2025\/01\/08\/kktcye-gelen-fidan-mevkidasi-ertugruloglu-ile-bir-araya-geldi-brtk\/"},"modified":"2025-01-08T14:31:28","modified_gmt":"2025-01-08T11:31:28","slug":"kktcye-gelen-fidan-mevkidasi-ertugruloglu-ile-bir-araya-geldi-brtk","status":"publish","type":"post","link":"https:\/\/kibrisayna.com\/index.php\/2025\/01\/08\/kktcye-gelen-fidan-mevkidasi-ertugruloglu-ile-bir-araya-geldi-brtk\/","title":{"rendered":"KKTC\u2019ye gelen Fidan mevkida\u015f\u0131 Ertu\u011frulo\u011flu ile bir araya geldi \u2013 BRTK"},"content":{"rendered":"<p> <br \/>\n<\/p>\n<div>\n<div class=\"mariselle-image-container none\">\n                <img loading=\"lazy\" decoding=\"async\" width=\"930\" height=\"519\" class=\"lazy-image\" alt=\"\" sizes=\"auto, (max-width: 930px) 100vw, 930px\" src=\"https:\/\/brtk.net\/wp-content\/uploads\/2025\/01\/08\/FIDAN-ERCAN-1.jpg?ver=08a8d682920d64466095dd38d5ab4b4f\" srcset=\"https:\/\/brtk.net\/wp-content\/uploads\/2025\/01\/08\/FIDAN-ERCAN-1.jpg?ver=08a8d682920d64466095dd38d5ab4b4f 930w, https:\/\/brtk.net\/wp-content\/uploads\/2025\/01\/08\/FIDAN-ERCAN-1-300x167.jpg?ver=d7eefd2e135399dc3fdbb9ed69c5c82b 300w, https:\/\/brtk.net\/wp-content\/uploads\/2025\/01\/08\/FIDAN-ERCAN-1-768x429.jpg?ver=d7eefd2e135399dc3fdbb9ed69c5c82b 768w\"\/>                            <\/div>\n<p>D\u0131\u015fi\u015fleri Bakan\u0131 Tahsin Ertu\u011frulo\u011flu, KKTC\u2019ye gelen T\u00fcrkiye Cumhuriyeti D\u0131\u015fi\u015fleri Bakan\u0131 Hakan Fidan ile bir araya geldi.<\/p>\n<p>D\u0131\u015fi\u015fleri Bakanl\u0131\u011f\u0131\u2019nda yer alan g\u00f6r\u00fc\u015fme saat 12.00\u2019de ba\u015flad\u0131. Ertu\u011frulo\u011flu, Fidan\u2019\u0131 Bakanl\u0131k \u00f6n\u00fcnde kar\u015f\u0131lad\u0131.<\/p>\n<div>\n<div class=\"mariselle-image-container center\">\n                <img loading=\"lazy\" decoding=\"async\" width=\"2560\" height=\"1709\" class=\"lazy-image\" alt=\"\" sizes=\"auto, (max-width: 2560px) 100vw, 2560px\" src=\"https:\/\/brtk.net\/wp-content\/uploads\/2025\/01\/08\/20250108_134152-scaled.jpg?ver=6b096d30c509ad6543e0262c0110102e\" srcset=\"https:\/\/brtk.net\/wp-content\/uploads\/2025\/01\/08\/20250108_134152-scaled.jpg?ver=6b096d30c509ad6543e0262c0110102e 2560w, https:\/\/brtk.net\/wp-content\/uploads\/2025\/01\/08\/20250108_134152-300x200.jpg?ver=6b096d30c509ad6543e0262c0110102e 300w, https:\/\/brtk.net\/wp-content\/uploads\/2025\/01\/08\/20250108_134152-1024x684.jpg?ver=a95bfd72bc6ecb28d6bb341a5f70d4e7 1024w, https:\/\/brtk.net\/wp-content\/uploads\/2025\/01\/08\/20250108_134152-768x513.jpg?ver=4fa9cb39d8991aad7cf35a1ff13dc223 768w, https:\/\/brtk.net\/wp-content\/uploads\/2025\/01\/08\/20250108_134152-1536x1025.jpg?ver=77e609d032c5d519012a0df228283222 1536w, https:\/\/brtk.net\/wp-content\/uploads\/2025\/01\/08\/20250108_134152-2048x1367.jpg?ver=a839d310d2ee837934d05f397901c781 2048w\"\/>                            <\/div>\n<\/div>\n<p>G\u00f6r\u00fc\u015fmede ayr\u0131ca T\u00fcrkiye Cumhuriyeti Lefko\u015fa B\u00fcy\u00fckel\u00e7isi\u00a0\u00a0Yasin\u00a0Ekrem Serim ve KKTC Ankara B\u00fcy\u00fckel\u00e7isi \u0130smet Koruko\u011flu da yer ald\u0131.<\/p>\n<p>\u0130ki g\u00fcnl\u00fck resmi ziyaret i\u00e7in adaya gelen Bakan Fidan, g\u00fcn i\u00e7inde Cumhurba\u015fkan\u0131 Ersin Tatar taraf\u0131ndan kabul edilecek ve g\u00f6r\u00fc\u015fme ard\u0131ndan ortak bas\u0131n toplant\u0131s\u0131 d\u00fczenlenecek.<\/p>\n<p>Hakan Fidan ard\u0131ndan, Cumhuriyet Meclisi Ba\u015fkan\u0131 Ziya \u00d6zt\u00fcrkler ve Ba\u015fbakan \u00dcnal \u00dcstel taraf\u0131ndan da kabul edilecek.<\/p>\n<\/p><\/div>\n<p><script async\n                    defer\n                    crossorigin=\"anonymous\"\n                    src=\"https:\/\/connect.facebook.net\/tr_TR\/sdk.js#xfbml=1&#038;version=v3.3\"\n            ><\/script><br \/>\n<br \/><br \/>\n<br \/><a href=\"https:\/\/brtk.net\/kktcye-gelen-fidan-mevkidasi-ertugruloglu-ile-bir-araya-geldi\/\">Kaynak BRT <\/a><\/p>\n","protected":false},"excerpt":{"rendered":"<p>D\u0131\u015fi\u015fleri Bakan\u0131 Tahsin Ertu\u011frulo\u011flu, KKTC\u2019ye gelen T\u00fcrkiye Cumhuriyeti D\u0131\u015fi\u015fleri Bakan\u0131 Hakan Fidan ile bir araya geldi. D\u0131\u015fi\u015fleri Bakanl\u0131\u011f\u0131\u2019nda yer alan g\u00f6r\u00fc\u015fme saat 12.00\u2019de ba\u015flad\u0131. Ertu\u011frulo\u011flu, Fidan\u2019\u0131 Bakanl\u0131k \u00f6n\u00fcnde kar\u015f\u0131lad\u0131. G\u00f6r\u00fc\u015fmede ayr\u0131ca T\u00fcrkiye Cumhuriyeti Lefko\u015fa B\u00fcy\u00fckel\u00e7isi\u00a0\u00a0Yasin\u00a0Ekrem Serim ve KKTC Ankara B\u00fcy\u00fckel\u00e7isi \u0130smet Koruko\u011flu da yer ald\u0131. \u0130ki g\u00fcnl\u00fck resmi ziyaret i\u00e7in adaya gelen Bakan Fidan, g\u00fcn [&hellip;]<\/p>\n","protected":false},"author":908,"featured_media":16050,"comment_status":"open","ping_status":"open","sticky":false,"template":"","format":"standard","meta":{"_jetpack_memberships_contains_paid_content":false,"footnotes":"","jetpack_publicize_message":"","jetpack_publicize_feature_enabled":true,"jetpack_social_post_already_shared":true,"jetpack_social_options":{"image_generator_settings":{"template":"highway","default_image_id":0,"font":"","enabled":false},"version":2}},"categories":[253],"tags":[],"class_list":["post-16049","post","type-post","status-publish","format-standard","has-post-thumbnail","hentry","category-gundem"],"jetpack_publicize_connections":[],"jetpack_featured_media_url":"https:\/\/kibrisayna.com\/wp-content\/uploads\/2025\/01\/ERTUGRULOGLU-FIDAN-TIM-2-scaled.jpg","jetpack_sharing_enabled":true,"_links":{"self":[{"href":"https:\/\/kibrisayna.com\/index.php\/wp-json\/wp\/v2\/posts\/16049","targetHints":{"allow":["GET"]}}],"collection":[{"href":"https:\/\/kibrisayna.com\/index.php\/wp-json\/wp\/v2\/posts"}],"about":[{"href":"https:\/\/kibrisayna.com\/index.php\/wp-json\/wp\/v2\/types\/post"}],"author":[{"embeddable":true,"href":"https:\/\/kibrisayna.com\/index.php\/wp-json\/wp\/v2\/users\/908"}],"replies":[{"embeddable":true,"href":"https:\/\/kibrisayna.com\/index.php\/wp-json\/wp\/v2\/comments?post=16049"}],"version-history":[{"count":0,"href":"https:\/\/kibrisayna.com\/index.php\/wp-json\/wp\/v2\/posts\/16049\/revisions"}],"wp:featuredmedia":[{"embeddable":true,"href":"https:\/\/kibrisayna.com\/index.php\/wp-json\/wp\/v2\/media\/16050"}],"wp:attachment":[{"href":"https:\/\/kibrisayna.com\/index.php\/wp-json\/wp\/v2\/media?parent=16049"}],"wp:term":[{"taxonomy":"category","embeddable":true,"href":"https:\/\/kibrisayna.com\/index.php\/wp-json\/wp\/v2\/categories?post=16049"},{"taxonomy":"post_tag","embeddable":true,"href":"https:\/\/kibrisayna.com\/index.php\/wp-json\/wp\/v2\/tags?post=16049"}],"curies":[{"name":"wp","href":"https:\/\/api.w.org\/{rel}","templated":true}]}}