{"id":16035,"date":"2025-01-08T13:27:11","date_gmt":"2025-01-08T10:27:11","guid":{"rendered":"https:\/\/kibrisayna.com\/index.php\/2025\/01\/08\/tc-disisleri-bakani-hakan-fidan-kktcye-geldi-brtk\/"},"modified":"2025-01-08T13:27:11","modified_gmt":"2025-01-08T10:27:11","slug":"tc-disisleri-bakani-hakan-fidan-kktcye-geldi-brtk","status":"publish","type":"post","link":"https:\/\/kibrisayna.com\/index.php\/2025\/01\/08\/tc-disisleri-bakani-hakan-fidan-kktcye-geldi-brtk\/","title":{"rendered":"TC D\u0131\u015fi\u015fleri Bakan\u0131 Hakan Fidan KKTC\u2019ye geldi \u2013 BRTK"},"content":{"rendered":"<p> <br \/>\n<\/p>\n<div>\n<div class=\"mariselle-image-container center\">\n                <img loading=\"lazy\" decoding=\"async\" width=\"864\" height=\"486\" class=\"lazy-image\" alt=\"\" sizes=\"auto, (max-width: 864px) 100vw, 864px\" src=\"https:\/\/brtk.net\/wp-content\/uploads\/2024\/09\/29\/hakan-fidan-2.jpg?ver=6edd66343e217bb50e200b73d47ef9e1\" srcset=\"https:\/\/brtk.net\/wp-content\/uploads\/2024\/09\/29\/hakan-fidan-2.jpg?ver=6edd66343e217bb50e200b73d47ef9e1 864w, https:\/\/brtk.net\/wp-content\/uploads\/2024\/09\/29\/hakan-fidan-2-300x169.jpg?ver=14e8b75d94a86c8cb7efee58b20bf493 300w, https:\/\/brtk.net\/wp-content\/uploads\/2024\/09\/29\/hakan-fidan-2-768x432.jpg?ver=14e8b75d94a86c8cb7efee58b20bf493 768w\"\/>                            <\/div>\n<p>T\u00fcrkiye Cumhuriyeti D\u0131\u015fi\u015fleri Bakan\u0131 Hakan Fidan, resmi ziyaretlerde bulunmak \u00fczere bug\u00fcn KKTC\u2019ye geldi.<\/p>\n<p>Fidan, iki g\u00fcn s\u00fcrecek resmi ziyaretleri \u00e7er\u00e7evesinde bug\u00fcn ilk olarak D\u0131\u015fi\u015fleri Bakan\u0131 Tahsin Ertu\u011frulo\u011flu\u2019nu ziyaret edecek.<\/p>\n<p>D\u0131\u015fi\u015fleri Bakan\u0131 Ertu\u011frulo\u011flu, Fidan onuruna \u00f6\u011flen yeme\u011fi verecek.<\/p>\n<p>Fidan \u00f6\u011fleden sonra Cumhurba\u015fkan\u0131 Ersin Tatar taraf\u0131ndan kabul edilecek, g\u00f6r\u00fc\u015fmenin ard\u0131ndan ortak bas\u0131n toplant\u0131s\u0131 d\u00fczenlenecek.<\/p>\n<p>T\u00fcrkiye Cumhuriyeti D\u0131\u015fi\u015fleri Bakan\u0131 Hakan Fidan bug\u00fcn ayr\u0131ca Cumhuriyet Meclisi Ba\u015fkan\u0131 Ziya \u00d6zt\u00fcrkler ve Ba\u015fbakan \u00dcnal \u00dcstel taraf\u0131ndan da kabul edilecek.<\/p>\n<p>Fidan yar\u0131n ger\u00e7ekle\u015ftirece\u011fi temaslar\u0131n ard\u0131ndan \u00fclkeden ayr\u0131lacak.<\/p>\n<\/p><\/div>\n<p><script async\n                    defer\n                    crossorigin=\"anonymous\"\n                    src=\"https:\/\/connect.facebook.net\/tr_TR\/sdk.js#xfbml=1&#038;version=v3.3\"\n            ><\/script><br \/>\n<br \/><br \/>\n<br \/><a href=\"https:\/\/brtk.net\/tc-disisleri-bakani-hakan-fidan-kktcye-geldi\/\"><\/a><\/p>\n","protected":false},"excerpt":{"rendered":"<p>T\u00fcrkiye Cumhuriyeti D\u0131\u015fi\u015fleri Bakan\u0131 Hakan Fidan, resmi ziyaretlerde bulunmak \u00fczere bug\u00fcn KKTC\u2019ye geldi. Fidan, iki g\u00fcn s\u00fcrecek resmi ziyaretleri \u00e7er\u00e7evesinde bug\u00fcn ilk olarak D\u0131\u015fi\u015fleri Bakan\u0131 Tahsin Ertu\u011frulo\u011flu\u2019nu ziyaret edecek. D\u0131\u015fi\u015fleri Bakan\u0131 Ertu\u011frulo\u011flu, Fidan onuruna \u00f6\u011flen yeme\u011fi verecek. Fidan \u00f6\u011fleden sonra Cumhurba\u015fkan\u0131 Ersin Tatar taraf\u0131ndan kabul edilecek, g\u00f6r\u00fc\u015fmenin ard\u0131ndan ortak bas\u0131n toplant\u0131s\u0131 d\u00fczenlenecek. T\u00fcrkiye Cumhuriyeti D\u0131\u015fi\u015fleri [&hellip;]<\/p>\n","protected":false},"author":908,"featured_media":10033,"comment_status":"open","ping_status":"open","sticky":false,"template":"","format":"standard","meta":{"_jetpack_memberships_contains_paid_content":false,"footnotes":"","jetpack_publicize_message":"","jetpack_publicize_feature_enabled":true,"jetpack_social_post_already_shared":true,"jetpack_social_options":{"image_generator_settings":{"template":"highway","default_image_id":0,"font":"","enabled":false},"version":2}},"categories":[587],"tags":[],"class_list":["post-16035","post","type-post","status-publish","format-standard","has-post-thumbnail","hentry","category-dunya"],"jetpack_publicize_connections":[],"jetpack_featured_media_url":"https:\/\/kibrisayna.com\/wp-content\/uploads\/2024\/11\/hakan-fidan-2.jpg","jetpack_sharing_enabled":true,"_links":{"self":[{"href":"https:\/\/kibrisayna.com\/index.php\/wp-json\/wp\/v2\/posts\/16035","targetHints":{"allow":["GET"]}}],"collection":[{"href":"https:\/\/kibrisayna.com\/index.php\/wp-json\/wp\/v2\/posts"}],"about":[{"href":"https:\/\/kibrisayna.com\/index.php\/wp-json\/wp\/v2\/types\/post"}],"author":[{"embeddable":true,"href":"https:\/\/kibrisayna.com\/index.php\/wp-json\/wp\/v2\/users\/908"}],"replies":[{"embeddable":true,"href":"https:\/\/kibrisayna.com\/index.php\/wp-json\/wp\/v2\/comments?post=16035"}],"version-history":[{"count":0,"href":"https:\/\/kibrisayna.com\/index.php\/wp-json\/wp\/v2\/posts\/16035\/revisions"}],"wp:featuredmedia":[{"embeddable":true,"href":"https:\/\/kibrisayna.com\/index.php\/wp-json\/wp\/v2\/media\/10033"}],"wp:attachment":[{"href":"https:\/\/kibrisayna.com\/index.php\/wp-json\/wp\/v2\/media?parent=16035"}],"wp:term":[{"taxonomy":"category","embeddable":true,"href":"https:\/\/kibrisayna.com\/index.php\/wp-json\/wp\/v2\/categories?post=16035"},{"taxonomy":"post_tag","embeddable":true,"href":"https:\/\/kibrisayna.com\/index.php\/wp-json\/wp\/v2\/tags?post=16035"}],"curies":[{"name":"wp","href":"https:\/\/api.w.org\/{rel}","templated":true}]}}