{"id":16031,"date":"2025-01-08T12:33:02","date_gmt":"2025-01-08T09:33:02","guid":{"rendered":"https:\/\/kibrisayna.com\/index.php\/2025\/01\/08\/guzelyurtta-tarimda-suyun-etkin-kullanimi-konferansi-brtk\/"},"modified":"2025-01-08T12:33:02","modified_gmt":"2025-01-08T09:33:02","slug":"guzelyurtta-tarimda-suyun-etkin-kullanimi-konferansi-brtk","status":"publish","type":"post","link":"https:\/\/kibrisayna.com\/index.php\/2025\/01\/08\/guzelyurtta-tarimda-suyun-etkin-kullanimi-konferansi-brtk\/","title":{"rendered":"G\u00fczelyurt\u2019ta \u201cTar\u0131mda Suyun Etkin Kullan\u0131m\u0131\u201d konferans\u0131 \u2013 BRTK"},"content":{"rendered":"<p> <br \/>\n<\/p>\n<div>\n<div class=\"mariselle-image-container none\">\n                <img loading=\"lazy\" decoding=\"async\" width=\"1600\" height=\"741\" class=\"lazy-image\" alt=\"\" sizes=\"auto, (max-width: 1600px) 100vw, 1600px\" src=\"https:\/\/brtk.net\/wp-content\/uploads\/2025\/01\/08\/ZMO.jpg?ver=c2cbad4ca47be1e23d7fecfe9c59e002\" srcset=\"https:\/\/brtk.net\/wp-content\/uploads\/2025\/01\/08\/ZMO.jpg?ver=c2cbad4ca47be1e23d7fecfe9c59e002 1600w, https:\/\/brtk.net\/wp-content\/uploads\/2025\/01\/08\/ZMO-300x139.jpg?ver=c2cbad4ca47be1e23d7fecfe9c59e002 300w, https:\/\/brtk.net\/wp-content\/uploads\/2025\/01\/08\/ZMO-1024x474.jpg?ver=fa2f904c11e988ada2081432f271d14a 1024w, https:\/\/brtk.net\/wp-content\/uploads\/2025\/01\/08\/ZMO-768x356.jpg?ver=fa2f904c11e988ada2081432f271d14a 768w, https:\/\/brtk.net\/wp-content\/uploads\/2025\/01\/08\/ZMO-1536x711.jpg?ver=fa2f904c11e988ada2081432f271d14a 1536w\"\/>                            <\/div>\n<p>Ziraat M\u00fchendisleri Odas\u0131 (ZMO) Tar\u0131msal E\u011fitim ve \u00d6\u011fretimin 179\u2019uncu y\u0131l d\u00f6n\u00fcm\u00fcn\u00fc kutlamalar\u0131 kapsam\u0131nda cuma g\u00fcn\u00fc G\u00fczelyurt Atat\u00fcrk K\u00fclt\u00fcr Merkezi\u2019nde \u201cTar\u0131mda Suyun Etkin Kullan\u0131m\u0131\u201d konferans\u0131 d\u00fczenleniyor.<\/p>\n<p>ZMO taraf\u0131ndan yap\u0131lan a\u00e7\u0131klamaya g\u00f6re, saat 10.00\u2019da ba\u015flayacak konferans\u0131\u00a0Ankara \u00dcniversitesi Ziraat Fak\u00fcltesi Tar\u0131msal Yap\u0131lar ve Sulama B\u00f6l\u00fcm\u00fc \u00d6\u011fretim G\u00f6revlisi Prof. Dr. Yusuf Ersoy Y\u0131ld\u0131r\u0131m verecek.<\/p>\n<\/p><\/div>\n<p><script async\n                    defer\n                    crossorigin=\"anonymous\"\n                    src=\"https:\/\/connect.facebook.net\/tr_TR\/sdk.js#xfbml=1&#038;version=v3.3\"\n            ><\/script><br \/>\n<br \/><br \/>\n<br \/><a href=\"https:\/\/brtk.net\/guzelyurtta-tarimda-suyun-etkin-kullanimi-konferansi\/\">Kaynak BRT <\/a><\/p>\n","protected":false},"excerpt":{"rendered":"<p>Ziraat M\u00fchendisleri Odas\u0131 (ZMO) Tar\u0131msal E\u011fitim ve \u00d6\u011fretimin 179\u2019uncu y\u0131l d\u00f6n\u00fcm\u00fcn\u00fc kutlamalar\u0131 kapsam\u0131nda cuma g\u00fcn\u00fc G\u00fczelyurt Atat\u00fcrk K\u00fclt\u00fcr Merkezi\u2019nde \u201cTar\u0131mda Suyun Etkin Kullan\u0131m\u0131\u201d konferans\u0131 d\u00fczenleniyor. ZMO taraf\u0131ndan yap\u0131lan a\u00e7\u0131klamaya g\u00f6re, saat 10.00\u2019da ba\u015flayacak konferans\u0131\u00a0Ankara \u00dcniversitesi Ziraat Fak\u00fcltesi Tar\u0131msal Yap\u0131lar ve Sulama B\u00f6l\u00fcm\u00fc \u00d6\u011fretim G\u00f6revlisi Prof. Dr. Yusuf Ersoy Y\u0131ld\u0131r\u0131m verecek. Kaynak BRT<\/p>\n","protected":false},"author":908,"featured_media":16032,"comment_status":"open","ping_status":"open","sticky":false,"template":"","format":"standard","meta":{"_jetpack_memberships_contains_paid_content":false,"footnotes":"","jetpack_publicize_message":"","jetpack_publicize_feature_enabled":true,"jetpack_social_post_already_shared":true,"jetpack_social_options":{"image_generator_settings":{"template":"highway","default_image_id":0,"font":"","enabled":false},"version":2}},"categories":[253],"tags":[],"class_list":["post-16031","post","type-post","status-publish","format-standard","has-post-thumbnail","hentry","category-gundem"],"jetpack_publicize_connections":[],"jetpack_featured_media_url":"https:\/\/kibrisayna.com\/wp-content\/uploads\/2025\/01\/ZMO.jpg","jetpack_sharing_enabled":true,"_links":{"self":[{"href":"https:\/\/kibrisayna.com\/index.php\/wp-json\/wp\/v2\/posts\/16031","targetHints":{"allow":["GET"]}}],"collection":[{"href":"https:\/\/kibrisayna.com\/index.php\/wp-json\/wp\/v2\/posts"}],"about":[{"href":"https:\/\/kibrisayna.com\/index.php\/wp-json\/wp\/v2\/types\/post"}],"author":[{"embeddable":true,"href":"https:\/\/kibrisayna.com\/index.php\/wp-json\/wp\/v2\/users\/908"}],"replies":[{"embeddable":true,"href":"https:\/\/kibrisayna.com\/index.php\/wp-json\/wp\/v2\/comments?post=16031"}],"version-history":[{"count":0,"href":"https:\/\/kibrisayna.com\/index.php\/wp-json\/wp\/v2\/posts\/16031\/revisions"}],"wp:featuredmedia":[{"embeddable":true,"href":"https:\/\/kibrisayna.com\/index.php\/wp-json\/wp\/v2\/media\/16032"}],"wp:attachment":[{"href":"https:\/\/kibrisayna.com\/index.php\/wp-json\/wp\/v2\/media?parent=16031"}],"wp:term":[{"taxonomy":"category","embeddable":true,"href":"https:\/\/kibrisayna.com\/index.php\/wp-json\/wp\/v2\/categories?post=16031"},{"taxonomy":"post_tag","embeddable":true,"href":"https:\/\/kibrisayna.com\/index.php\/wp-json\/wp\/v2\/tags?post=16031"}],"curies":[{"name":"wp","href":"https:\/\/api.w.org\/{rel}","templated":true}]}}