{"id":16029,"date":"2025-01-08T12:15:34","date_gmt":"2025-01-08T09:15:34","guid":{"rendered":"https:\/\/kibrisayna.com\/index.php\/2025\/01\/08\/tam-20-bin-yil-once-yapilmis-bilinen-en-eski-uc-boyutlu-harita-kesfedildi\/"},"modified":"2025-01-08T12:15:34","modified_gmt":"2025-01-08T09:15:34","slug":"tam-20-bin-yil-once-yapilmis-bilinen-en-eski-uc-boyutlu-harita-kesfedildi","status":"publish","type":"post","link":"https:\/\/kibrisayna.com\/index.php\/2025\/01\/08\/tam-20-bin-yil-once-yapilmis-bilinen-en-eski-uc-boyutlu-harita-kesfedildi\/","title":{"rendered":"Tam 20 bin y\u0131l \u00f6nce yap\u0131lm\u0131\u015f: Bilinen en eski \u00fc\u00e7 boyutlu harita ke\u015ffedildi"},"content":{"rendered":"<p> <br \/>\n<br \/><img decoding=\"async\" src=\"https:\/\/cdn1.ntv.com.tr\/gorsel\/huB2v1P1OkWaaCTjWIP2JQ.jpg?width=1200&amp;ampmode=crop&amp;ampscale=both\" class=\"type:primaryImage\" alt=\"Tam 20 bin y\u0131l \u00f6nce yap\u0131lm\u0131\u015f: Bilinen en eski \u00fc\u00e7 boyutlu harita ke\u015ffedildi\" \/><\/p>\n<p>Fransa&#8217;daki Segognole 3 ma\u011faras\u0131nda, tarih \u00f6ncesi insanlar\u0131n ta\u015f zemini oyarak olu\u015fturdu\u011fu \u00fc\u00e7 boyutlu bir harita ke\u015ffedildi. Yerbilimcilere g\u00f6re, yakla\u015f\u0131k 20 bin y\u0131l \u00f6nce yap\u0131lan bu harita, \u00e7evredeki vadinin minyat\u00fcr bir modeli olabilirken ke\u015ffedilen en eski \u00fc\u00e7 boyutlu harita olma \u00f6zelli\u011fini ta\u015f\u0131yor. Ma\u011fara taban\u0131nda kanallar ve havzalarla d\u00fczenlenen su ak\u0131\u015f sistemi, yerel co\u011frafi \u00f6zellikleri yans\u0131tarak avlanma, e\u011fitim veya rit\u00fcel ama\u00e7l\u0131 kullan\u0131lm\u0131\u015f olabilir.<\/p>\n<section class=\"type:slideshow\">\n<figure><img decoding=\"async\" src=\"https:\/\/cdn1.ntv.com.tr\/gorsel\/fPu9o1h_kU-R5Ri5tLyJyQ.jpg?width=1200&amp;mode=crop&amp;scale=both\" width=\"1200\" \/><figcaption>Bilim insanlar\u0131 Paris&#8217;in g\u00fcneyindeki k\u00fc\u00e7\u00fck bir ma\u011farada, zeminde yapt\u0131klar\u0131 inceleme sonucunda avc\u0131-toplay\u0131c\u0131 bir b\u00f6lgenin g\u00fcn\u00fcm\u00fcze ula\u015fan en eski \u00fc\u00e7 boyutlu haritas\u0131n\u0131 ke\u015ffettiler.<br \/>\nYerbilimciler Medard Thiry ve Anthony Milnes&#8217;e g\u00f6re, yakla\u015f\u0131k 20 bin y\u0131l \u00f6nce bu ma\u011farada bar\u0131nan tarih \u00f6ncesi insanlar, ta\u015f zemini oyup d\u00fczle\u015ftirerek \u00e7evredeki vadinin minyat\u00fcr bir modelini olu\u015fturmu\u015flar.<\/figcaption><\/figure>\n<figure><img decoding=\"async\" src=\"https:\/\/cdn1.ntv.com.tr\/gorsel\/ogt2SpbfcUSFsGGl5ReMpA.jpg?width=1200&amp;mode=crop&amp;scale=both\" width=\"1200\" \/><figcaption>Fransa&#8217;daki Yerbilimleri Merkezi&#8217;nden Thiry ve Avustralya&#8217;daki Adelaide \u00dcniversitesi&#8217;nden Milnes&#8217;e g\u00f6re bu, d\u0131\u015far\u0131daki manzaran\u0131n kesin bir co\u011frafi izi de\u011fil asl\u0131nda, \u00e7evredeki vadinin kenarlar\u0131, muhtemelen do\u011fal e\u011fimle birlikte hareket etmek i\u00e7in ma\u011fara taban\u0131nda ters \u00e7evrilmi\u015f gibi g\u00f6r\u00fcn\u00fcyor.<br \/>\nAncak \u00f6zellikler a\u00e7\u0131k\u00e7a bir kartografiyi \u00e7a\u011fr\u0131\u015ft\u0131r\u0131yor.<br \/>\nSu ak\u0131\u015f deseni, ma\u011faran\u0131n bulundu\u011fu vadiyle b\u00fcy\u00fck \u00f6l\u00e7\u00fcde e\u015fle\u015fen bir nehir sisteminin i\u015flevsel, a\u015famal\u0131 bir \u2018kurulumuna i\u015faret ediyor.<br \/>\nEkip, yay\u0131nlad\u0131klar\u0131 makalede \u201cBu hidrografik a\u011f\u0131n \u00e7iziminin do\u011frulu\u011fu, onu \u00e7izenlerde ve onun\u00a0<br \/>\nBu ola\u011fan\u00fcst\u00fc ke\u015ffin ait oldu\u011fu ma\u011faran\u0131n ad\u0131 Segognole 3 ve Fransa&#8217;da iki binden fazla Ta\u015f Devri grav\u00fcr\u00fc i\u00e7eren \u00fcnl\u00fc bir kumta\u015f\u0131 yap\u0131 kompleksinin bir par\u00e7as\u0131.<\/figcaption><\/figure>\n<figure><img decoding=\"async\" src=\"https:\/\/cdn1.ntv.com.tr\/gorsel\/kNn8gCyAfUGzy0qud-oxsw.jpg?width=1200&amp;mode=crop&amp;scale=both\" width=\"1200\" \/><figcaption>Yak\u0131n zamanda Arkeologlar Segognole 3&#8217;\u00fcn e\u011fimli duvar\u0131nda bir \u00fc\u00e7genin her iki yan\u0131nda kumta\u015f\u0131na oyulmu\u015f iki oyma at bulmu\u015flard\u0131r.<br \/>\n\u00dc\u00e7geni olu\u015fturmak i\u00e7in oyulmu\u015f oluklar le\u011fen kemi\u011fine benzemektedir ve tam ortas\u0131ndan ge\u00e7en bir kanala ta\u015f\u0131maktad\u0131r.<br \/>\nT\u00fcm bu \u00f6zelliklerin yan\u0131 s\u0131ra tekrarlanan \u015fekil veya desenlerin olmamas\u0131, bunun yerel arazinin \u00fc\u00e7 boyutlu bir resim haritas\u0131 oldu\u011funu d\u00fc\u015f\u00fcnd\u00fcr\u00fcyor.<br \/>\nMa\u011faran\u0131n \u00fcst galerisindeki teras \u00e7evredeki vadinin platosunu, ortas\u0131ndan ge\u00e7en oluklar ise Ecole Nehri ve \u00e7e\u015fitli kollar\u0131n\u0131 temsil ediyor olabilir.<\/figcaption><\/figure>\n<figure><img decoding=\"async\" src=\"https:\/\/cdn1.ntv.com.tr\/gorsel\/Sqyh8yCTP0aWphzlv9vpIg.jpg?width=1200&amp;mode=crop&amp;scale=both\" width=\"1200\" \/><figcaption>Havzalardan baz\u0131lar\u0131 g\u00f6let olabilirken, baz\u0131 b\u00f6lgelerde g\u00f6r\u00fclen yatay oluklar\u0131n vadileri veya oluklar\u0131 temsil etti\u011fi tahmin ediliyor<br \/>\nThiry ve Milnes, \u201cTarih \u00f6ncesi d\u00f6nemlere ait oymalar\u0131n yorumlanmas\u0131nda her zaman ihtiyatl\u0131 olmak gerekir\u201d diyor.<br \/>\nAncak e\u011fer bu ger\u00e7ekten yerel arazinin resimli bir haritas\u0131ysa, tarih \u00f6ncesi insanlar\u0131n bunu avlanma, e\u011fitim, hikaye anlatma ya da suyla ilgili rit\u00fceller i\u00e7in kullanm\u0131\u015f olabilece\u011fini d\u00fc\u015f\u00fcn\u00fcyorlar.<br \/>\n\u00c7al\u0131\u015fma Oxford Journal of Archaeology dergisinde yay\u0131mland\u0131.<\/figcaption><\/figure>\n<\/section>\n<p><br \/>\n<br \/><a href=\"https:\/\/www.ntv.com.tr\/galeri\/teknoloji\/tam-20-bin-yil-once-yapilmis-bilinen-en-eski-uc-boyutlu-harita-kesfedildi,-YT0-SqA7U6jG7R7B1ftSw\"><\/a><\/p>\n","protected":false},"excerpt":{"rendered":"<p>Fransa&#8217;daki Segognole 3 ma\u011faras\u0131nda, tarih \u00f6ncesi insanlar\u0131n ta\u015f zemini oyarak olu\u015fturdu\u011fu \u00fc\u00e7 boyutlu bir harita ke\u015ffedildi. Yerbilimcilere g\u00f6re, yakla\u015f\u0131k 20 bin y\u0131l \u00f6nce yap\u0131lan bu harita, \u00e7evredeki vadinin minyat\u00fcr bir modeli olabilirken ke\u015ffedilen en eski \u00fc\u00e7 boyutlu harita olma \u00f6zelli\u011fini ta\u015f\u0131yor. Ma\u011fara taban\u0131nda kanallar ve havzalarla d\u00fczenlenen su ak\u0131\u015f sistemi, yerel co\u011frafi \u00f6zellikleri yans\u0131tarak avlanma, [&hellip;]<\/p>\n","protected":false},"author":908,"featured_media":16030,"comment_status":"open","ping_status":"open","sticky":false,"template":"","format":"standard","meta":{"_jetpack_memberships_contains_paid_content":false,"footnotes":"","jetpack_publicize_message":"","jetpack_publicize_feature_enabled":true,"jetpack_social_post_already_shared":true,"jetpack_social_options":{"image_generator_settings":{"template":"highway","default_image_id":0,"font":"","enabled":false},"version":2}},"categories":[12],"tags":[],"class_list":["post-16029","post","type-post","status-publish","format-standard","has-post-thumbnail","hentry","category-teknoloji"],"jetpack_publicize_connections":[],"jetpack_featured_media_url":"https:\/\/kibrisayna.com\/wp-content\/uploads\/2025\/01\/huB2v1P1OkWaaCTjWIP2JQ.jpg","jetpack_sharing_enabled":true,"_links":{"self":[{"href":"https:\/\/kibrisayna.com\/index.php\/wp-json\/wp\/v2\/posts\/16029","targetHints":{"allow":["GET"]}}],"collection":[{"href":"https:\/\/kibrisayna.com\/index.php\/wp-json\/wp\/v2\/posts"}],"about":[{"href":"https:\/\/kibrisayna.com\/index.php\/wp-json\/wp\/v2\/types\/post"}],"author":[{"embeddable":true,"href":"https:\/\/kibrisayna.com\/index.php\/wp-json\/wp\/v2\/users\/908"}],"replies":[{"embeddable":true,"href":"https:\/\/kibrisayna.com\/index.php\/wp-json\/wp\/v2\/comments?post=16029"}],"version-history":[{"count":0,"href":"https:\/\/kibrisayna.com\/index.php\/wp-json\/wp\/v2\/posts\/16029\/revisions"}],"wp:featuredmedia":[{"embeddable":true,"href":"https:\/\/kibrisayna.com\/index.php\/wp-json\/wp\/v2\/media\/16030"}],"wp:attachment":[{"href":"https:\/\/kibrisayna.com\/index.php\/wp-json\/wp\/v2\/media?parent=16029"}],"wp:term":[{"taxonomy":"category","embeddable":true,"href":"https:\/\/kibrisayna.com\/index.php\/wp-json\/wp\/v2\/categories?post=16029"},{"taxonomy":"post_tag","embeddable":true,"href":"https:\/\/kibrisayna.com\/index.php\/wp-json\/wp\/v2\/tags?post=16029"}],"curies":[{"name":"wp","href":"https:\/\/api.w.org\/{rel}","templated":true}]}}