{"id":16022,"date":"2025-01-08T10:26:02","date_gmt":"2025-01-08T07:26:02","guid":{"rendered":"https:\/\/kibrisayna.com\/index.php\/2025\/01\/08\/zuckerbergden-teyit-uygulamasi-karari-sosyal-medyada-yalanlar-cagi-mi-basliyor\/"},"modified":"2025-01-08T10:26:02","modified_gmt":"2025-01-08T07:26:02","slug":"zuckerbergden-teyit-uygulamasi-karari-sosyal-medyada-yalanlar-cagi-mi-basliyor","status":"publish","type":"post","link":"https:\/\/kibrisayna.com\/index.php\/2025\/01\/08\/zuckerbergden-teyit-uygulamasi-karari-sosyal-medyada-yalanlar-cagi-mi-basliyor\/","title":{"rendered":"Zuckerberg&#8217;den teyit uygulamas\u0131 karar\u0131: Sosyal medyada yalanlar \u00e7a\u011f\u0131 m\u0131 ba\u015fl\u0131yor?"},"content":{"rendered":"<p> <br \/>\n<br \/><img decoding=\"async\" src=\"https:\/\/cdn1.ntv.com.tr\/gorsel\/Eac_-oS2yE-t5fhMwfuC6g.jpg?width=1200&amp;ampmode=crop&amp;ampscale=both\" class=\"type:primaryImage\" alt=\"Zuckerberg'den teyit uygulamas\u0131 karar\u0131: Sosyal medyada yalanlar \u00e7a\u011f\u0131 m\u0131 ba\u015fl\u0131yor?\" \/><\/p>\n<p>Meta CEO&#8217;su Mark Zuckerberg, ifade \u00f6zg\u00fcrl\u00fc\u011f\u00fcn\u00fc art\u0131rmak i\u00e7in Instagram ve Facebook&#8217;taki payla\u015f\u0131mlar\u0131n art\u0131k ger\u00e7ek denetleyiciler taraf\u0131ndan teyitlenmeyece\u011fini a\u00e7\u0131klad\u0131. \u015eirket, do\u011fruluk kontrol\u00fc program\u0131n\u0131 sonland\u0131rarak, X\/Twitter&#8217;\u0131n Topluluk Notlar\u0131 \u00f6zelli\u011fine benzer bir modeli uygulamaya koyacak. Ayr\u0131ca Meta kullan\u0131c\u0131lar\u0131n ak\u0131\u015f\u0131na daha fazla politik i\u00e7erikler \u00f6nermeyi hedefliyor. Zuckerberg yapt\u0131\u011f\u0131 a\u00e7\u0131klamada, \u201cK\u00f6klerimize d\u00f6n\u00fcyoruz ve platformlar\u0131m\u0131zda ifade \u00f6zg\u00fcrl\u00fc\u011f\u00fcn\u00fc yeniden tesis ediyoruz\u201d dedi. Yeni sistemin ilk olarak ABD\u2019den ba\u015flayarak d\u00fcnya \u00e7ap\u0131nda uygulanaca\u011f\u0131 belirtildi.<\/p>\n<section class=\"type:slideshow\">\n<figure><img decoding=\"async\" src=\"https:\/\/cdn1.ntv.com.tr\/gorsel\/279JY6ZzlE2CEvlkRB1WiA.jpg?width=1200&amp;mode=crop&amp;scale=both\" width=\"1200\" \/><figcaption>Mark Zuckerberg, Facebook, Instagram ve Threads&#8217;in art\u0131k ger\u00e7ek denetleyiciler taraf\u0131ndan denetlenmeyece\u011fini duyurdu.<br \/>\nZuckerberg, de\u011fi\u015fikliklerin politik ve sosyal ortam\u0131n de\u011fi\u015fen dinamikleri ile ifade \u00f6zg\u00fcrl\u00fc\u011f\u00fcn\u00fc benimseme arzusundan kaynakland\u0131\u011f\u0131n\u0131 belirtti.<\/figcaption><\/figure>\n<figure><img decoding=\"async\" src=\"https:\/\/cdn1.ntv.com.tr\/gorsel\/mYLvu7rRiEeipC9xTWqCUg.jpg?width=1200&amp;mode=crop&amp;scale=both\" width=\"1200\" \/><figcaption>\u015eirketin CEO&#8217;su, Meta\u2019n\u0131n g\u00fcvenilir ortaklarla y\u00fcr\u00fctt\u00fc\u011f\u00fc do\u011fruluk kontrol\u00fc program\u0131n\u0131 sonland\u0131raca\u011f\u0131n\u0131 ve bunun yerine X&#8217;in\u00a0Topluluk notlar\u0131 sistemine benzer, topluluk taraf\u0131ndan y\u00f6nlendirilen bir sistem getirece\u011fini a\u00e7\u0131klad\u0131.<br \/>\n\u015eirket ayr\u0131ca politik konularla ilgili i\u00e7erik moderasyon politikalar\u0131n\u0131 de\u011fi\u015ftirecek ve kullan\u0131c\u0131lar\u0131n ak\u0131\u015flar\u0131ndaki politik i\u00e7erik miktar\u0131n\u0131 azaltmaya y\u00f6nelik \u00f6nceki de\u011fi\u015fiklikleri geri alacak.<br \/>\nBu de\u011fi\u015fiklikler, her biri milyarlarca kullan\u0131c\u0131ya sahip olan Facebook ve Instagram gibi d\u00fcnyan\u0131n en b\u00fcy\u00fck sosyal medya platformlar\u0131n\u0131 etkileyecek.<\/figcaption><\/figure>\n<figure><img decoding=\"async\" src=\"https:\/\/cdn1.ntv.com.tr\/gorsel\/5C-qSxp5CECzL1KDH-y-Kw.jpg?width=1200&amp;mode=crop&amp;scale=both\" width=\"1200\" \/><figcaption>Zuckerberg yapt\u0131\u011f\u0131 a\u00e7\u0131klamada \u015fu ifadeleri kulland\u0131:<br \/>\n\u201cK\u00f6klerimize d\u00f6n\u00fcp hatalar\u0131 azaltmaya, politikalar\u0131m\u0131z\u0131 sadele\u015ftirmeye ve platformlar\u0131m\u0131zda ifade \u00f6zg\u00fcrl\u00fc\u011f\u00fcn\u00fc yeniden tesis etmeye odaklanaca\u011f\u0131z. Daha spesifik olmak gerekirse, do\u011fruluk kontrol sisteminden vazge\u00e7iyoruz ve bunun yerine X\u2019e benzer topluluk notlar\u0131n\u0131 devreye sokuyoruz. \u0130lk olarak ABD\u2019den ba\u015flayaca\u011f\u0131z.\u201d<br \/>\nZuckerberg, bu karar\u0131n al\u0131nmas\u0131nda ABD&#8217;deki ba\u015fkanl\u0131k se\u00e7imlerinin \u00f6nemli bir etkisi oldu\u011funu ve h\u00fck\u00fcmetler ile geleneksel medyan\u0131n giderek artan \u015fekilde sans\u00fcr\u00fc te\u015fvik etti\u011fini \u00f6ne s\u00fcrd\u00fc.<\/figcaption><\/figure>\n<figure><img decoding=\"async\" src=\"https:\/\/cdn1.ntv.com.tr\/gorsel\/rXiQMrK98EKBjNmqpdaoUg.jpg?width=1200&amp;mode=crop&amp;scale=both\" width=\"1200\" \/><figcaption>Zuckerberg, \u015firketin i\u00e7erik moderasyonu i\u00e7in olu\u015fturdu\u011fu sistemlerin \u00e7ok karma\u015f\u0131k hale geldi\u011fini ve bu nedenle hatalar yapt\u0131\u011f\u0131n\u0131 belirtti.<br \/>\nCEO Mark, \u201c\u00c7ok karma\u015f\u0131k sistemler kurduk, ancak karma\u015f\u0131k sistemlerin sorunu \u015fu ki, hata yap\u0131yorlar. Sadece y\u00fczde 1\u2019lik bir hata oran\u0131 bile milyonlarca insan\u0131 etkileyebilir ve art\u0131k bu kadar \u00e7ok hata ve sans\u00fcr kabul edilemez bir noktaya ula\u015ft\u0131.&#8221; dedi.<br \/>\nMeta, \u00f6zellikle uyu\u015fturucu, ter\u00f6rizm ve \u00e7ocuk istismar\u0131 ile ilgili i\u00e7erikleri sert bir \u015fekilde denetlemeye devam edece\u011fini belirtti.<br \/>\nAncak, g\u00f6\u00e7menlik ve toplumsal cinsiyet gibi tart\u0131\u015fmal\u0131 konularla ilgili baz\u0131 i\u00e7erik politikalar\u0131 kald\u0131r\u0131lacak.<br \/>\nMeta, y\u00fcksek derecede ciddi ihlallere odaklanmak i\u00e7in otomatik moderasyon sistemlerini yeniden yap\u0131land\u0131racak ve di\u011fer ihlallerin kullan\u0131c\u0131lar taraf\u0131ndan rapor edilmesini isteyecek.<\/figcaption><\/figure>\n<figure><img decoding=\"async\" src=\"https:\/\/cdn1.ntv.com.tr\/gorsel\/JdtVzYQGrUCNqaIXzvoFOw.jpg?width=1200&amp;mode=crop&amp;scale=both\" width=\"1200\" \/><figcaption>X&#8217;in Topluluk Notlar\u0131 sistemi, CEO Elon Musk taraf\u0131ndan dezenformasyonla m\u00fccadele etmek i\u00e7in getirilmi\u015fti.<br \/>\nAncak, bu sistem do\u011fruluk kontrol\u00fc, trolleme ve di\u011fer topluluk temelli davran\u0131\u015flar\u0131n bir kar\u0131\u015f\u0131m\u0131n\u0131 da beraberinde getirdi.<\/figcaption><\/figure>\n<figure><img decoding=\"async\" src=\"https:\/\/cdn1.ntv.com.tr\/gorsel\/Sc5JAWv2REmd4uUpnkZ98g.jpg?width=1200&amp;mode=crop&amp;scale=both\" width=\"1200\" \/><figcaption>Meta, kullan\u0131c\u0131lar\u0131n stresli oldu\u011funu belirtti\u011fi politik i\u00e7eriklerin ak\u0131\u015fa d\u00fc\u015fmesini ve \u00f6nerilmesini durdurmu\u015ftu.<br \/>\nAncak Zuckerberg, bu t\u00fcr i\u00e7eriklere y\u00f6nelik talebin yeniden artt\u0131\u011f\u0131n\u0131 ifade ederek, bu i\u00e7eriklerin Facebook, Instagram ve Threads\u2019e kademeli olarak geri d\u00f6nece\u011fini belirtti.<\/figcaption><\/figure>\n<figure><img decoding=\"async\" src=\"https:\/\/cdn1.ntv.com.tr\/gorsel\/CkZzMe8hck-8FFAUdyns6w.jpg?width=1200&amp;mode=crop&amp;scale=both\" width=\"1200\" \/><figcaption>Multi-milyarder Zuckerberg Kas\u0131m ay\u0131nda ABD&#8217;deki se\u00e7imler \u00f6ncesinde Trump ile Mar-a-Lago&#8217;daki malikanesinde bir araya gelmi\u015f, ard\u0131ndan Meta Trump&#8217;\u0131n a\u00e7\u0131l\u0131\u015f fonuna 1 milyon sterlin ba\u011f\u0131\u015fta bulunmu\u015ftu.\u00a0<br \/>\nZuckerberg, ifade \u00f6zg\u00fcrl\u00fc\u011f\u00fcn\u00fc d\u00fcnya genelinde te\u015fvik etmek i\u00e7in Trump y\u00f6netimiyle \u00e7al\u0131\u015facaklar\u0131n\u0131 belirtti.<br \/>\nMeta CEO&#8217;su, &#8220;Amerikan \u015firketlerine y\u00f6nelik sans\u00fcr giri\u015fimlerine kar\u015f\u0131 ABD h\u00fck\u00fcmetinin deste\u011fi olmadan bu k\u00fcresel e\u011filime kar\u015f\u0131 koyamay\u0131z.\u201d dedi.<br \/>\nMeta\u2019n\u0131n h\u00fck\u00fcmetle ili\u015fkileri, son y\u0131llarda \u00f6zellikle se\u00e7im m\u00fcdahalesi ve COVID-19 i\u00e7erik denetimi gibi konularda yo\u011fun bir \u015fekilde sorgulanm\u0131\u015ft\u0131.<br \/>\nZuckerberg, FBI ve di\u011fer devlet kurumlar\u0131yla yap\u0131lan g\u00f6r\u00fc\u015fmeleri savunarak, bu t\u00fcr kurumlar\u0131n \u201cme\u015fru\u201d oldu\u011funu ifade etmi\u015fti.<\/figcaption><\/figure>\n<\/section>\n<p><br \/>\n<br \/><a href=\"https:\/\/www.ntv.com.tr\/galeri\/teknoloji\/zuckerbergden-teyit-uygulamasi-kararisosyal-medyada-yalanlar-cagi-mi-basliyor,lRJT9k51UUi58CHZl6obUA\"><\/a><\/p>\n","protected":false},"excerpt":{"rendered":"<p>Meta CEO&#8217;su Mark Zuckerberg, ifade \u00f6zg\u00fcrl\u00fc\u011f\u00fcn\u00fc art\u0131rmak i\u00e7in Instagram ve Facebook&#8217;taki payla\u015f\u0131mlar\u0131n art\u0131k ger\u00e7ek denetleyiciler taraf\u0131ndan teyitlenmeyece\u011fini a\u00e7\u0131klad\u0131. \u015eirket, do\u011fruluk kontrol\u00fc program\u0131n\u0131 sonland\u0131rarak, X\/Twitter&#8217;\u0131n Topluluk Notlar\u0131 \u00f6zelli\u011fine benzer bir modeli uygulamaya koyacak. Ayr\u0131ca Meta kullan\u0131c\u0131lar\u0131n ak\u0131\u015f\u0131na daha fazla politik i\u00e7erikler \u00f6nermeyi hedefliyor. Zuckerberg yapt\u0131\u011f\u0131 a\u00e7\u0131klamada, \u201cK\u00f6klerimize d\u00f6n\u00fcyoruz ve platformlar\u0131m\u0131zda ifade \u00f6zg\u00fcrl\u00fc\u011f\u00fcn\u00fc yeniden tesis ediyoruz\u201d dedi. [&hellip;]<\/p>\n","protected":false},"author":908,"featured_media":3320,"comment_status":"open","ping_status":"open","sticky":false,"template":"","format":"standard","meta":{"_jetpack_memberships_contains_paid_content":false,"footnotes":"","jetpack_publicize_message":"","jetpack_publicize_feature_enabled":true,"jetpack_social_post_already_shared":true,"jetpack_social_options":{"image_generator_settings":{"template":"highway","default_image_id":0,"font":"","enabled":false},"version":2}},"categories":[12],"tags":[],"class_list":["post-16022","post","type-post","status-publish","format-standard","has-post-thumbnail","hentry","category-teknoloji"],"jetpack_publicize_connections":[],"jetpack_featured_media_url":"https:\/\/kibrisayna.com\/wp-content\/uploads\/2024\/08\/Eac_-oS2yE-t5fhMwfuC6g.jpg","jetpack_sharing_enabled":true,"_links":{"self":[{"href":"https:\/\/kibrisayna.com\/index.php\/wp-json\/wp\/v2\/posts\/16022","targetHints":{"allow":["GET"]}}],"collection":[{"href":"https:\/\/kibrisayna.com\/index.php\/wp-json\/wp\/v2\/posts"}],"about":[{"href":"https:\/\/kibrisayna.com\/index.php\/wp-json\/wp\/v2\/types\/post"}],"author":[{"embeddable":true,"href":"https:\/\/kibrisayna.com\/index.php\/wp-json\/wp\/v2\/users\/908"}],"replies":[{"embeddable":true,"href":"https:\/\/kibrisayna.com\/index.php\/wp-json\/wp\/v2\/comments?post=16022"}],"version-history":[{"count":0,"href":"https:\/\/kibrisayna.com\/index.php\/wp-json\/wp\/v2\/posts\/16022\/revisions"}],"wp:featuredmedia":[{"embeddable":true,"href":"https:\/\/kibrisayna.com\/index.php\/wp-json\/wp\/v2\/media\/3320"}],"wp:attachment":[{"href":"https:\/\/kibrisayna.com\/index.php\/wp-json\/wp\/v2\/media?parent=16022"}],"wp:term":[{"taxonomy":"category","embeddable":true,"href":"https:\/\/kibrisayna.com\/index.php\/wp-json\/wp\/v2\/categories?post=16022"},{"taxonomy":"post_tag","embeddable":true,"href":"https:\/\/kibrisayna.com\/index.php\/wp-json\/wp\/v2\/tags?post=16022"}],"curies":[{"name":"wp","href":"https:\/\/api.w.org\/{rel}","templated":true}]}}