{"id":16000,"date":"2025-01-07T17:35:28","date_gmt":"2025-01-07T14:35:28","guid":{"rendered":"https:\/\/kibrisayna.com\/index.php\/2025\/01\/07\/akinciadayligim-soz-konusu-degil-brtk\/"},"modified":"2025-01-07T17:35:28","modified_gmt":"2025-01-07T14:35:28","slug":"akinciadayligim-soz-konusu-degil-brtk","status":"publish","type":"post","link":"https:\/\/kibrisayna.com\/index.php\/2025\/01\/07\/akinciadayligim-soz-konusu-degil-brtk\/","title":{"rendered":"Ak\u0131nc\u0131:Adayl\u0131\u011f\u0131m s\u00f6z konusu de\u011fil \u2013 BRTK"},"content":{"rendered":"<p> <br \/>\n<\/p>\n<div>\n<div class=\"mariselle-image-container center\">\n                <img loading=\"lazy\" decoding=\"async\" width=\"1654\" height=\"1104\" class=\"lazy-image\" alt=\"\" sizes=\"auto, (max-width: 1654px) 100vw, 1654px\" src=\"https:\/\/brtk.net\/wp-content\/uploads\/2024\/11\/26\/mustafa-akinci-2.jpg?ver=6a2de1ceea3fd9bb9754ca7e4a0c1a72\" srcset=\"https:\/\/brtk.net\/wp-content\/uploads\/2024\/11\/26\/mustafa-akinci-2.jpg?ver=6a2de1ceea3fd9bb9754ca7e4a0c1a72 1654w, https:\/\/brtk.net\/wp-content\/uploads\/2024\/11\/26\/mustafa-akinci-2-300x200.jpg?ver=e5fac30392673527bd428b646c547085 300w, https:\/\/brtk.net\/wp-content\/uploads\/2024\/11\/26\/mustafa-akinci-2-1024x683.jpg?ver=e5fac30392673527bd428b646c547085 1024w, https:\/\/brtk.net\/wp-content\/uploads\/2024\/11\/26\/mustafa-akinci-2-768x513.jpg?ver=e5fac30392673527bd428b646c547085 768w, https:\/\/brtk.net\/wp-content\/uploads\/2024\/11\/26\/mustafa-akinci-2-1536x1025.jpg?ver=4fbc4adfcb716365afec948620e8af44 1536w\"\/>                            <\/div>\n<p>D\u00f6rd\u00fcnc\u00fc Cumhurba\u015fkan\u0131 Mustafa Ak\u0131nc\u0131 sosyal medya hesab\u0131ndan yapt\u0131\u011f\u0131 a\u00e7\u0131klamada, cumhurba\u015fkanl\u0131\u011f\u0131 adayl\u0131\u011f\u0131n\u0131n s\u00f6z konusu olmad\u0131\u011f\u0131n\u0131 belirterek, \u201cHalk\u0131m\u0131z\u0131n g\u00f6nl\u00fcndeki yerden \u00f6te ba\u015fka bir makama talip de\u011filim\u201d dedi.<\/p>\n<p>Bir siyaset\u00e7i i\u00e7in gelinebilecek en y\u00fcksek makam\u0131n halk\u0131n g\u00f6nl\u00fcndeki yer oldu\u011funa inand\u0131\u011f\u0131n\u0131 belirten Ak\u0131nc\u0131, \u201cAyr\u0131ld\u0131\u011f\u0131m her g\u00f6rev sonras\u0131nda, yurtta\u015flar\u0131m\u0131zla her bulu\u015fmam\u0131zda bana g\u00f6n\u00fcllerinde verdikleri yeri fazlas\u0131yla hissettirmi\u015flerdir. Bu anlamda t\u00fcm halk\u0131m\u0131za minnettar\u0131m. Halk\u0131m\u0131z\u0131n g\u00f6nl\u00fcndeki yerden \u00f6te ba\u015fka bir makama talip de\u011filim; cumhurba\u015fkanl\u0131\u011f\u0131 adayl\u0131\u011f\u0131m da s\u00f6z konusu de\u011fildir.\u201d ifadelerini kulland\u0131.<\/p>\n<p>Toplumcu Demokrasi Partisi\u2019nin (TDP) d\u00fcn ak\u015fam \u201cCumhurba\u015fkanl\u0131\u011f\u0131 Se\u00e7imi\u201d g\u00fcndemiyle toplanan Parti Meclisi (PM) toplant\u0131s\u0131n\u0131n ilk b\u00f6l\u00fcm\u00fcnde yer ald\u0131\u011f\u0131 a\u00e7\u0131klanan Mustafa Ak\u0131nc\u0131, bu sabah konuyla ilgili kendisine y\u00f6neltilen sorulara cevaben a\u00e7\u0131klamalarda bulundu\u011funu belirtti.<\/p>\n<\/p><\/div>\n<p><script async\n                    defer\n                    crossorigin=\"anonymous\"\n                    src=\"https:\/\/connect.facebook.net\/tr_TR\/sdk.js#xfbml=1&#038;version=v3.3\"\n            ><\/script><br \/>\n<br \/><br \/>\n<br \/><a href=\"https:\/\/brtk.net\/akinciadayligim-soz-konusu-degil\/\">Kaynak BRT <\/a><\/p>\n","protected":false},"excerpt":{"rendered":"<p>D\u00f6rd\u00fcnc\u00fc Cumhurba\u015fkan\u0131 Mustafa Ak\u0131nc\u0131 sosyal medya hesab\u0131ndan yapt\u0131\u011f\u0131 a\u00e7\u0131klamada, cumhurba\u015fkanl\u0131\u011f\u0131 adayl\u0131\u011f\u0131n\u0131n s\u00f6z konusu olmad\u0131\u011f\u0131n\u0131 belirterek, \u201cHalk\u0131m\u0131z\u0131n g\u00f6nl\u00fcndeki yerden \u00f6te ba\u015fka bir makama talip de\u011filim\u201d dedi. Bir siyaset\u00e7i i\u00e7in gelinebilecek en y\u00fcksek makam\u0131n halk\u0131n g\u00f6nl\u00fcndeki yer oldu\u011funa inand\u0131\u011f\u0131n\u0131 belirten Ak\u0131nc\u0131, \u201cAyr\u0131ld\u0131\u011f\u0131m her g\u00f6rev sonras\u0131nda, yurtta\u015flar\u0131m\u0131zla her bulu\u015fmam\u0131zda bana g\u00f6n\u00fcllerinde verdikleri yeri fazlas\u0131yla hissettirmi\u015flerdir. Bu anlamda t\u00fcm [&hellip;]<\/p>\n","protected":false},"author":908,"featured_media":16001,"comment_status":"open","ping_status":"open","sticky":false,"template":"","format":"standard","meta":{"_jetpack_memberships_contains_paid_content":false,"footnotes":"","jetpack_publicize_message":"","jetpack_publicize_feature_enabled":true,"jetpack_social_post_already_shared":true,"jetpack_social_options":{"image_generator_settings":{"template":"highway","default_image_id":0,"font":"","enabled":false},"version":2}},"categories":[253],"tags":[],"class_list":["post-16000","post","type-post","status-publish","format-standard","has-post-thumbnail","hentry","category-gundem"],"jetpack_publicize_connections":[],"jetpack_featured_media_url":"https:\/\/kibrisayna.com\/wp-content\/uploads\/2025\/01\/mustafa-akinci-2.jpg","jetpack_sharing_enabled":true,"_links":{"self":[{"href":"https:\/\/kibrisayna.com\/index.php\/wp-json\/wp\/v2\/posts\/16000","targetHints":{"allow":["GET"]}}],"collection":[{"href":"https:\/\/kibrisayna.com\/index.php\/wp-json\/wp\/v2\/posts"}],"about":[{"href":"https:\/\/kibrisayna.com\/index.php\/wp-json\/wp\/v2\/types\/post"}],"author":[{"embeddable":true,"href":"https:\/\/kibrisayna.com\/index.php\/wp-json\/wp\/v2\/users\/908"}],"replies":[{"embeddable":true,"href":"https:\/\/kibrisayna.com\/index.php\/wp-json\/wp\/v2\/comments?post=16000"}],"version-history":[{"count":0,"href":"https:\/\/kibrisayna.com\/index.php\/wp-json\/wp\/v2\/posts\/16000\/revisions"}],"wp:featuredmedia":[{"embeddable":true,"href":"https:\/\/kibrisayna.com\/index.php\/wp-json\/wp\/v2\/media\/16001"}],"wp:attachment":[{"href":"https:\/\/kibrisayna.com\/index.php\/wp-json\/wp\/v2\/media?parent=16000"}],"wp:term":[{"taxonomy":"category","embeddable":true,"href":"https:\/\/kibrisayna.com\/index.php\/wp-json\/wp\/v2\/categories?post=16000"},{"taxonomy":"post_tag","embeddable":true,"href":"https:\/\/kibrisayna.com\/index.php\/wp-json\/wp\/v2\/tags?post=16000"}],"curies":[{"name":"wp","href":"https:\/\/api.w.org\/{rel}","templated":true}]}}