{"id":15997,"date":"2025-01-07T17:06:01","date_gmt":"2025-01-07T14:06:01","guid":{"rendered":"https:\/\/kibrisayna.com\/index.php\/2025\/01\/07\/reasl-turladi-arda-yildizlasti-brtk\/"},"modified":"2025-01-07T17:06:01","modified_gmt":"2025-01-07T14:06:01","slug":"reasl-turladi-arda-yildizlasti-brtk","status":"publish","type":"post","link":"https:\/\/kibrisayna.com\/index.php\/2025\/01\/07\/reasl-turladi-arda-yildizlasti-brtk\/","title":{"rendered":"Reasl turlad\u0131, Arda y\u0131ld\u0131zla\u015ft\u0131 \u2013 BRTK"},"content":{"rendered":"<p> <br \/>\n<\/p>\n<div>\n<div class=\"mariselle-image-container center\">\n                <img loading=\"lazy\" decoding=\"async\" width=\"768\" height=\"512\" class=\"lazy-image\" alt=\"\" sizes=\"auto, (max-width: 768px) 100vw, 768px\" src=\"https:\/\/brtk.net\/wp-content\/uploads\/2025\/01\/07\/ISPANYA.jpg?ver=99c03704e35426150c80b3daa45fdf64\" srcset=\"https:\/\/brtk.net\/wp-content\/uploads\/2025\/01\/07\/ISPANYA.jpg?ver=99c03704e35426150c80b3daa45fdf64 768w, https:\/\/brtk.net\/wp-content\/uploads\/2025\/01\/07\/ISPANYA-300x200.jpg?ver=99c03704e35426150c80b3daa45fdf64 300w\"\/>                            <\/div>\n<p>\u0130spanya Kral Kupas\u0131 son 32 turunda Arda G\u00fcler\u2019in formas\u0131n\u0131 giydi\u011fi Real Madrid, Deportiva Minera\u2019y\u0131 5-0 yenerek tur atlad\u0131.<br \/>Kar\u015f\u0131la\u015fmada Arda G\u00fcler, 28 ve 88. dakikalarda att\u0131\u011f\u0131 gollerle galibiyette \u00f6nemli rol oynad\u0131.<br \/>Son 16 turuna y\u00fckselen Real Madrid\u2019de Arda G\u00fcler, 90 dakika sahada kald\u0131.<\/p>\n<\/p><\/div>\n<p><script async\n                    defer\n                    crossorigin=\"anonymous\"\n                    src=\"https:\/\/connect.facebook.net\/tr_TR\/sdk.js#xfbml=1&#038;version=v3.3\"\n            ><\/script><br \/>\n<br \/><br \/>\n<br \/><a href=\"https:\/\/brtk.net\/reasl-turladi-arda-yildizlasti\/\">Kaynak BRT <\/a><\/p>\n","protected":false},"excerpt":{"rendered":"<p>\u0130spanya Kral Kupas\u0131 son 32 turunda Arda G\u00fcler\u2019in formas\u0131n\u0131 giydi\u011fi Real Madrid, Deportiva Minera\u2019y\u0131 5-0 yenerek tur atlad\u0131.Kar\u015f\u0131la\u015fmada Arda G\u00fcler, 28 ve 88. dakikalarda att\u0131\u011f\u0131 gollerle galibiyette \u00f6nemli rol oynad\u0131.Son 16 turuna y\u00fckselen Real Madrid\u2019de Arda G\u00fcler, 90 dakika sahada kald\u0131. Kaynak BRT<\/p>\n","protected":false},"author":908,"featured_media":15998,"comment_status":"open","ping_status":"open","sticky":false,"template":"","format":"standard","meta":{"_jetpack_memberships_contains_paid_content":false,"footnotes":"","jetpack_publicize_message":"","jetpack_publicize_feature_enabled":true,"jetpack_social_post_already_shared":true,"jetpack_social_options":{"image_generator_settings":{"template":"highway","default_image_id":0,"font":"","enabled":false},"version":2}},"categories":[9],"tags":[],"class_list":["post-15997","post","type-post","status-publish","format-standard","has-post-thumbnail","hentry","category-spor"],"jetpack_publicize_connections":[],"jetpack_featured_media_url":"https:\/\/kibrisayna.com\/wp-content\/uploads\/2025\/01\/ISPANYA.jpg","jetpack_sharing_enabled":true,"_links":{"self":[{"href":"https:\/\/kibrisayna.com\/index.php\/wp-json\/wp\/v2\/posts\/15997","targetHints":{"allow":["GET"]}}],"collection":[{"href":"https:\/\/kibrisayna.com\/index.php\/wp-json\/wp\/v2\/posts"}],"about":[{"href":"https:\/\/kibrisayna.com\/index.php\/wp-json\/wp\/v2\/types\/post"}],"author":[{"embeddable":true,"href":"https:\/\/kibrisayna.com\/index.php\/wp-json\/wp\/v2\/users\/908"}],"replies":[{"embeddable":true,"href":"https:\/\/kibrisayna.com\/index.php\/wp-json\/wp\/v2\/comments?post=15997"}],"version-history":[{"count":0,"href":"https:\/\/kibrisayna.com\/index.php\/wp-json\/wp\/v2\/posts\/15997\/revisions"}],"wp:featuredmedia":[{"embeddable":true,"href":"https:\/\/kibrisayna.com\/index.php\/wp-json\/wp\/v2\/media\/15998"}],"wp:attachment":[{"href":"https:\/\/kibrisayna.com\/index.php\/wp-json\/wp\/v2\/media?parent=15997"}],"wp:term":[{"taxonomy":"category","embeddable":true,"href":"https:\/\/kibrisayna.com\/index.php\/wp-json\/wp\/v2\/categories?post=15997"},{"taxonomy":"post_tag","embeddable":true,"href":"https:\/\/kibrisayna.com\/index.php\/wp-json\/wp\/v2\/tags?post=15997"}],"curies":[{"name":"wp","href":"https:\/\/api.w.org\/{rel}","templated":true}]}}