{"id":15983,"date":"2025-01-07T15:51:35","date_gmt":"2025-01-07T12:51:35","guid":{"rendered":"https:\/\/kibrisayna.com\/index.php\/2025\/01\/07\/bostancidaki-evden-cikma-tartismasinda-2-kisi-yaralandi-1-kisi-de-tutuklandi-brtk\/"},"modified":"2025-01-07T15:51:35","modified_gmt":"2025-01-07T12:51:35","slug":"bostancidaki-evden-cikma-tartismasinda-2-kisi-yaralandi-1-kisi-de-tutuklandi-brtk","status":"publish","type":"post","link":"https:\/\/kibrisayna.com\/index.php\/2025\/01\/07\/bostancidaki-evden-cikma-tartismasinda-2-kisi-yaralandi-1-kisi-de-tutuklandi-brtk\/","title":{"rendered":"Bostanc\u0131\u2019daki \u201cevden \u00e7\u0131kma\u201d tart\u0131\u015fmas\u0131nda 2 ki\u015fi yaraland\u0131, 1 ki\u015fi de tutukland\u0131 \u2013 BRTK"},"content":{"rendered":"<p> <br \/>\n<\/p>\n<div>\n<div class=\"mariselle-image-container center\">\n                <img loading=\"lazy\" decoding=\"async\" width=\"600\" height=\"277\" class=\"lazy-image\" alt=\"\" sizes=\"auto, (max-width: 600px) 100vw, 600px\" src=\"https:\/\/brtk.net\/wp-content\/uploads\/2024\/08\/14\/polis-olay-yeri3.jpg?ver=31c11dc83b987ea4520cf170eabb76de\" srcset=\"https:\/\/brtk.net\/wp-content\/uploads\/2024\/08\/14\/polis-olay-yeri3.jpg?ver=31c11dc83b987ea4520cf170eabb76de 600w, https:\/\/brtk.net\/wp-content\/uploads\/2024\/08\/14\/polis-olay-yeri3-300x139.jpg?ver=31c11dc83b987ea4520cf170eabb76de 300w\"\/>                            <\/div>\n<p>Bostanc\u0131\u2019da ya\u015fanan \u201cevden \u00e7\u0131kma\u201d tart\u0131\u015fmas\u0131nda 2 ki\u015fi yaraland\u0131, 1 ki\u015fi de tutukland\u0131.<\/p>\n<p>Polis Bas\u0131n Subayl\u0131\u011f\u0131\u2019ndan verilen bilgiye g\u00f6re,  B.I. (E-40) d\u00fcn saat 16.00 s\u0131ralar\u0131nda evden \u00e7\u0131kmad\u0131\u011f\u0131 gerek\u00e7esiyle H.T. (E-44) ile tart\u0131\u015ft\u0131.<\/p>\n<p>B.I.\u2019n\u0131n bah\u00e7esinde \u00e7\u0131kan kavgada, H.T. ah\u015fap sopayla B.I.\u2019n\u0131n ba\u015f\u0131na ve v\u00fccudunun muhtelif yerlerine vurdu. B.I\u2019n\u0131n kafatas\u0131nda \u00e7atlak olu\u015furken, H.T. olaya m\u00fcdahale etmeye \u00e7al\u0131\u015fan R.I.\u2019ye (K-34) de sopayla vurdu.<\/p>\n<p>Yaralanan B.I. ve R.I. Cengiz Topel Devlet Hastanesi\u2019nde kald\u0131r\u0131ld\u0131. R.I. taburcu olurken, B.I. ise Lefko\u015fa Dr. Burhan Nalbanto\u011flu Devlet Hastanesi\u2019ne sevk edildi. H.T. de tutukland\u0131.<\/p>\n<p>Polisin olayla ilgili soru\u015fturmas\u0131 s\u00fcr\u00fcyor.<\/p>\n<\/p><\/div>\n<p><script async\n                    defer\n                    crossorigin=\"anonymous\"\n                    src=\"https:\/\/connect.facebook.net\/tr_TR\/sdk.js#xfbml=1&#038;version=v3.3\"\n            ><\/script><br \/>\n<br \/><br \/>\n<br \/><a href=\"https:\/\/brtk.net\/bostancidaki-evden-cikma-tartismasinda-2-kisi-yaralandi-1-kisi-de-tutuklandi\/\"> <\/a><\/p>\n","protected":false},"excerpt":{"rendered":"<p>Bostanc\u0131\u2019da ya\u015fanan \u201cevden \u00e7\u0131kma\u201d tart\u0131\u015fmas\u0131nda 2 ki\u015fi yaraland\u0131, 1 ki\u015fi de tutukland\u0131. Polis Bas\u0131n Subayl\u0131\u011f\u0131\u2019ndan verilen bilgiye g\u00f6re, B.I. (E-40) d\u00fcn saat 16.00 s\u0131ralar\u0131nda evden \u00e7\u0131kmad\u0131\u011f\u0131 gerek\u00e7esiyle H.T. (E-44) ile tart\u0131\u015ft\u0131. B.I.\u2019n\u0131n bah\u00e7esinde \u00e7\u0131kan kavgada, H.T. ah\u015fap sopayla B.I.\u2019n\u0131n ba\u015f\u0131na ve v\u00fccudunun muhtelif yerlerine vurdu. B.I\u2019n\u0131n kafatas\u0131nda \u00e7atlak olu\u015furken, H.T. olaya m\u00fcdahale etmeye \u00e7al\u0131\u015fan R.I.\u2019ye [&hellip;]<\/p>\n","protected":false},"author":908,"featured_media":2264,"comment_status":"open","ping_status":"open","sticky":false,"template":"","format":"standard","meta":{"_jetpack_memberships_contains_paid_content":false,"footnotes":"","jetpack_publicize_message":"","jetpack_publicize_feature_enabled":true,"jetpack_social_post_already_shared":true,"jetpack_social_options":{"image_generator_settings":{"template":"highway","default_image_id":0,"font":"","enabled":false},"version":2}},"categories":[253,19],"tags":[],"class_list":["post-15983","post","type-post","status-publish","format-standard","has-post-thumbnail","hentry","category-gundem","category-manset"],"jetpack_publicize_connections":[],"jetpack_featured_media_url":"https:\/\/kibrisayna.com\/wp-content\/uploads\/2024\/08\/polis-olay-yeri3.jpg","jetpack_sharing_enabled":true,"_links":{"self":[{"href":"https:\/\/kibrisayna.com\/index.php\/wp-json\/wp\/v2\/posts\/15983","targetHints":{"allow":["GET"]}}],"collection":[{"href":"https:\/\/kibrisayna.com\/index.php\/wp-json\/wp\/v2\/posts"}],"about":[{"href":"https:\/\/kibrisayna.com\/index.php\/wp-json\/wp\/v2\/types\/post"}],"author":[{"embeddable":true,"href":"https:\/\/kibrisayna.com\/index.php\/wp-json\/wp\/v2\/users\/908"}],"replies":[{"embeddable":true,"href":"https:\/\/kibrisayna.com\/index.php\/wp-json\/wp\/v2\/comments?post=15983"}],"version-history":[{"count":0,"href":"https:\/\/kibrisayna.com\/index.php\/wp-json\/wp\/v2\/posts\/15983\/revisions"}],"wp:featuredmedia":[{"embeddable":true,"href":"https:\/\/kibrisayna.com\/index.php\/wp-json\/wp\/v2\/media\/2264"}],"wp:attachment":[{"href":"https:\/\/kibrisayna.com\/index.php\/wp-json\/wp\/v2\/media?parent=15983"}],"wp:term":[{"taxonomy":"category","embeddable":true,"href":"https:\/\/kibrisayna.com\/index.php\/wp-json\/wp\/v2\/categories?post=15983"},{"taxonomy":"post_tag","embeddable":true,"href":"https:\/\/kibrisayna.com\/index.php\/wp-json\/wp\/v2\/tags?post=15983"}],"curies":[{"name":"wp","href":"https:\/\/api.w.org\/{rel}","templated":true}]}}