{"id":15978,"date":"2025-01-07T15:06:54","date_gmt":"2025-01-07T12:06:54","guid":{"rendered":"https:\/\/kibrisayna.com\/index.php\/2025\/01\/07\/lefkosada-trafik-kazasikirmizi-isikta-durmayan-alkollu-surucu-tutuklandi-brtk\/"},"modified":"2025-01-07T15:06:54","modified_gmt":"2025-01-07T12:06:54","slug":"lefkosada-trafik-kazasikirmizi-isikta-durmayan-alkollu-surucu-tutuklandi-brtk","status":"publish","type":"post","link":"https:\/\/kibrisayna.com\/index.php\/2025\/01\/07\/lefkosada-trafik-kazasikirmizi-isikta-durmayan-alkollu-surucu-tutuklandi-brtk\/","title":{"rendered":"Lefko\u015fa\u2019da trafik kazas\u0131:K\u0131rm\u0131z\u0131 \u0131\u015f\u0131kta durmayan alkoll\u00fc s\u00fcr\u00fcc\u00fc tutukland\u0131 \u2013 BRTK"},"content":{"rendered":"<p> <br \/>\n<\/p>\n<div>\n<div class=\"mariselle-image-container center\">\n                <img loading=\"lazy\" decoding=\"async\" width=\"747\" height=\"400\" class=\"lazy-image\" alt=\"\" sizes=\"auto, (max-width: 747px) 100vw, 747px\" src=\"https:\/\/brtk.net\/wp-content\/uploads\/2024\/12\/16\/1734344006789trafik-kazasi.jpg?ver=1c1ea872ac52e080b11e346c832b35e9\" srcset=\"https:\/\/brtk.net\/wp-content\/uploads\/2024\/12\/16\/1734344006789trafik-kazasi.jpg?ver=1c1ea872ac52e080b11e346c832b35e9 747w, https:\/\/brtk.net\/wp-content\/uploads\/2024\/12\/16\/1734344006789trafik-kazasi-300x161.jpg?ver=2b2ec277119ed3d1f411128b68f37443 300w\"\/>                            <\/div>\n<p>Lefko\u015fa\u2019da, d\u00fcn gece k\u0131rm\u0131z\u0131 \u0131\u015f\u0131kta durmayarak kaza yapan alkoll\u00fc s\u00fcr\u00fcc\u00fc\u00a0Sel\u00e7uk S\u00f6ker (E-30)\u00a0tutukland\u0131.<\/p>\n<p>Polis Bas\u0131n B\u00fclteni\u2019ne g\u00f6re, S\u00f6ker,\u00a0 128 miligram alkoll\u00fc i\u00e7ki tesiri alt\u0131nda, y\u00f6netimindeki NV 316 plakal\u0131 ara\u00e7la seyrederken Yeni\u015fehir Trafik I\u015f\u0131klar\u0131\u2019na geldi\u011finde k\u0131rm\u0131z\u0131 \u0131\u015f\u0131kta\u00a0 yoluna devam etti. S\u00f6ker, kar\u015f\u0131 istikametten gelen ve taraf\u0131nda ye\u015fil \u0131\u015f\u0131k yand\u0131\u011f\u0131 i\u00e7in d\u00f6n\u00fc\u015fe ge\u00e7en Mustafa Ata\u015flar (E-25) y\u00f6netimindeki FE 155 plakal\u0131 arac\u0131n sol yan k\u0131sm\u0131na \u00e7arpt\u0131. Kaza sonucu yaralanan olmad\u0131.<\/p>\n<p>NV 316 plakal\u0131 ara\u00e7 s\u00fcr\u00fcc\u00fcs\u00fc Sel\u00e7uk S\u00f6ker, alkoll\u00fc i\u00e7ki tesiri alt\u0131nda ara\u00e7 kullan\u0131p trafik kazas\u0131 yapmak su\u00e7lar\u0131ndan tutukland\u0131.<\/p>\n<p>Polisin kazayla ilgili soru\u015fturmas\u0131 s\u00fcr\u00fcyor\u00a0<\/p>\n<\/p><\/div>\n<p><script async\n                    defer\n                    crossorigin=\"anonymous\"\n                    src=\"https:\/\/connect.facebook.net\/tr_TR\/sdk.js#xfbml=1&#038;version=v3.3\"\n            ><\/script><br \/>\n<br \/><br \/>\n<br \/><a href=\"https:\/\/brtk.net\/lefkosada-trafik-kazasikirmizi-isikta-durmayan-alkollu-surucu-tutuklandi\/\"> <\/a><\/p>\n","protected":false},"excerpt":{"rendered":"<p>Lefko\u015fa\u2019da, d\u00fcn gece k\u0131rm\u0131z\u0131 \u0131\u015f\u0131kta durmayarak kaza yapan alkoll\u00fc s\u00fcr\u00fcc\u00fc\u00a0Sel\u00e7uk S\u00f6ker (E-30)\u00a0tutukland\u0131. Polis Bas\u0131n B\u00fclteni\u2019ne g\u00f6re, S\u00f6ker,\u00a0 128 miligram alkoll\u00fc i\u00e7ki tesiri alt\u0131nda, y\u00f6netimindeki NV 316 plakal\u0131 ara\u00e7la seyrederken Yeni\u015fehir Trafik I\u015f\u0131klar\u0131\u2019na geldi\u011finde k\u0131rm\u0131z\u0131 \u0131\u015f\u0131kta\u00a0 yoluna devam etti. S\u00f6ker, kar\u015f\u0131 istikametten gelen ve taraf\u0131nda ye\u015fil \u0131\u015f\u0131k yand\u0131\u011f\u0131 i\u00e7in d\u00f6n\u00fc\u015fe ge\u00e7en Mustafa Ata\u015flar (E-25) y\u00f6netimindeki FE [&hellip;]<\/p>\n","protected":false},"author":908,"featured_media":15044,"comment_status":"open","ping_status":"open","sticky":false,"template":"","format":"standard","meta":{"_jetpack_memberships_contains_paid_content":false,"footnotes":"","jetpack_publicize_message":"","jetpack_publicize_feature_enabled":true,"jetpack_social_post_already_shared":true,"jetpack_social_options":{"image_generator_settings":{"template":"highway","default_image_id":0,"font":"","enabled":false},"version":2}},"categories":[253,19],"tags":[],"class_list":["post-15978","post","type-post","status-publish","format-standard","has-post-thumbnail","hentry","category-gundem","category-manset"],"jetpack_publicize_connections":[],"jetpack_featured_media_url":"https:\/\/kibrisayna.com\/wp-content\/uploads\/2024\/12\/1734344006789trafik-kazasi.jpg","jetpack_sharing_enabled":true,"_links":{"self":[{"href":"https:\/\/kibrisayna.com\/index.php\/wp-json\/wp\/v2\/posts\/15978","targetHints":{"allow":["GET"]}}],"collection":[{"href":"https:\/\/kibrisayna.com\/index.php\/wp-json\/wp\/v2\/posts"}],"about":[{"href":"https:\/\/kibrisayna.com\/index.php\/wp-json\/wp\/v2\/types\/post"}],"author":[{"embeddable":true,"href":"https:\/\/kibrisayna.com\/index.php\/wp-json\/wp\/v2\/users\/908"}],"replies":[{"embeddable":true,"href":"https:\/\/kibrisayna.com\/index.php\/wp-json\/wp\/v2\/comments?post=15978"}],"version-history":[{"count":0,"href":"https:\/\/kibrisayna.com\/index.php\/wp-json\/wp\/v2\/posts\/15978\/revisions"}],"wp:featuredmedia":[{"embeddable":true,"href":"https:\/\/kibrisayna.com\/index.php\/wp-json\/wp\/v2\/media\/15044"}],"wp:attachment":[{"href":"https:\/\/kibrisayna.com\/index.php\/wp-json\/wp\/v2\/media?parent=15978"}],"wp:term":[{"taxonomy":"category","embeddable":true,"href":"https:\/\/kibrisayna.com\/index.php\/wp-json\/wp\/v2\/categories?post=15978"},{"taxonomy":"post_tag","embeddable":true,"href":"https:\/\/kibrisayna.com\/index.php\/wp-json\/wp\/v2\/tags?post=15978"}],"curies":[{"name":"wp","href":"https:\/\/api.w.org\/{rel}","templated":true}]}}