{"id":15955,"date":"2025-01-07T13:45:51","date_gmt":"2025-01-07T10:45:51","guid":{"rendered":"https:\/\/kibrisayna.com\/index.php\/2025\/01\/07\/cumhurbaskani-tatar-kuzey-kibris-seramikciler-derneginin-16-dernek-uyeleri-sergisinin-acilisina-katildi-brtk\/"},"modified":"2025-01-07T13:45:51","modified_gmt":"2025-01-07T10:45:51","slug":"cumhurbaskani-tatar-kuzey-kibris-seramikciler-derneginin-16-dernek-uyeleri-sergisinin-acilisina-katildi-brtk","status":"publish","type":"post","link":"https:\/\/kibrisayna.com\/index.php\/2025\/01\/07\/cumhurbaskani-tatar-kuzey-kibris-seramikciler-derneginin-16-dernek-uyeleri-sergisinin-acilisina-katildi-brtk\/","title":{"rendered":"Cumhurba\u015fkan\u0131 Tatar, Kuzey K\u0131br\u0131s Seramik\u00e7iler Derne\u011fi\u2019nin 16. Dernek \u00dcyeleri Sergisinin a\u00e7\u0131l\u0131\u015f\u0131na kat\u0131ld\u0131 \u2013 BRTK"},"content":{"rendered":"<p> <br \/>\n<\/p>\n<div>\n<div class=\"mariselle-image-container center\">\n                <img loading=\"lazy\" decoding=\"async\" width=\"1600\" height=\"784\" class=\"lazy-image\" alt=\"\" sizes=\"auto, (max-width: 1600px) 100vw, 1600px\" src=\"https:\/\/brtk.net\/wp-content\/uploads\/2025\/01\/07\/1000313723.jpg?ver=23fa7398ba229acc72297169eb703436\" srcset=\"https:\/\/brtk.net\/wp-content\/uploads\/2025\/01\/07\/1000313723.jpg?ver=23fa7398ba229acc72297169eb703436 1600w, https:\/\/brtk.net\/wp-content\/uploads\/2025\/01\/07\/1000313723-300x147.jpg?ver=e242438d01c1a044ac13e880b652f65b 300w, https:\/\/brtk.net\/wp-content\/uploads\/2025\/01\/07\/1000313723-1024x502.jpg?ver=e242438d01c1a044ac13e880b652f65b 1024w, https:\/\/brtk.net\/wp-content\/uploads\/2025\/01\/07\/1000313723-768x376.jpg?ver=e242438d01c1a044ac13e880b652f65b 768w, https:\/\/brtk.net\/wp-content\/uploads\/2025\/01\/07\/1000313723-1536x753.jpg?ver=29fcb816092d0c3c48bfd00a738886c6 1536w\"\/>                            <\/div>\n<p>Cumhurba\u015fkan\u0131 Ersin Tatar, Kuzey K\u0131br\u0131s Seramik\u00e7iler Derne\u011fi\u2019nin 16. Dernek \u00dcyeleri Sergisinin a\u00e7\u0131l\u0131\u015f\u0131na kat\u0131ld\u0131 <\/p>\n<p>Cumhurba\u015fkan\u0131 Ersin Tatar sergi a\u00e7\u0131l\u0131\u015f\u0131nda yapt\u0131\u011f\u0131 konu\u015fmada, \u201cDevletin ba\u015f\u0131 olarak yapt\u0131\u011f\u0131n\u0131z t\u00fcm bu \u00e7al\u0131\u015fmalara verdi\u011fimiz de\u011ferin ifadesi olarak burada bulunmaktay\u0131m\u201d diyerek, yarat\u0131c\u0131l\u0131klar\u0131 ile \u00fclkemize hizmet eden sanat\u00e7\u0131lar\u0131 selamlay\u0131p tebrik etti.  <\/p>\n<p>K\u0131br\u0131s T\u00fcrk\u00fcn\u00fcn kendi k\u00fclt\u00fcr\u00fc ve sanat\u0131yla var oldu\u011funu, dijitalle\u015fen d\u00fcnyada dijital yay\u0131nlar arac\u0131l\u0131\u011f\u0131yla eserlerimizin d\u00fcnya ile payla\u015f\u0131ld\u0131\u011f\u0131n\u0131 belirten Cumhurba\u015fkan\u0131 Tatar, \u201cKuzey K\u0131br\u0131s T\u00fcrk Cumhuriyeti\u2019nde K\u0131br\u0131s T\u00fcrk halk\u0131n\u0131n ayr\u0131 bir halk olarak kendi k\u00fclt\u00fcr\u00fc, sanat\u0131, edebiyat\u0131, m\u00fczi\u011fi, folkloru ile elde etti\u011fi ba\u015far\u0131lar\u0131n\u0131n duyurulmas\u0131 ve t\u00fcm d\u00fcnyada tan\u0131t\u0131lmas\u0131 zenginli\u011fimizdir\u201d dedi.  <\/p>\n<p>Cumhurba\u015fkan\u0131 Tatar, konu\u015fmalar\u0131n ard\u0131ndan sanat\u00e7\u0131lara kat\u0131l\u0131m belgelerini takdim etti ve sergiyi gezdi.<\/p>\n<\/p><\/div>\n<p><script async\n                    defer\n                    crossorigin=\"anonymous\"\n                    src=\"https:\/\/connect.facebook.net\/tr_TR\/sdk.js#xfbml=1&#038;version=v3.3\"\n            ><\/script><br \/>\n<br \/><br \/>\n<br \/><a href=\"https:\/\/brtk.net\/cumhurbaskani-tatar-kuzey-kibris-seramikciler-derneginin-16-dernek-uyeleri-sergisinin-acilisina-katildi\/\">Kaynak BRT <\/a><\/p>\n","protected":false},"excerpt":{"rendered":"<p>Cumhurba\u015fkan\u0131 Ersin Tatar, Kuzey K\u0131br\u0131s Seramik\u00e7iler Derne\u011fi\u2019nin 16. Dernek \u00dcyeleri Sergisinin a\u00e7\u0131l\u0131\u015f\u0131na kat\u0131ld\u0131 Cumhurba\u015fkan\u0131 Ersin Tatar sergi a\u00e7\u0131l\u0131\u015f\u0131nda yapt\u0131\u011f\u0131 konu\u015fmada, \u201cDevletin ba\u015f\u0131 olarak yapt\u0131\u011f\u0131n\u0131z t\u00fcm bu \u00e7al\u0131\u015fmalara verdi\u011fimiz de\u011ferin ifadesi olarak burada bulunmaktay\u0131m\u201d diyerek, yarat\u0131c\u0131l\u0131klar\u0131 ile \u00fclkemize hizmet eden sanat\u00e7\u0131lar\u0131 selamlay\u0131p tebrik etti. K\u0131br\u0131s T\u00fcrk\u00fcn\u00fcn kendi k\u00fclt\u00fcr\u00fc ve sanat\u0131yla var oldu\u011funu, dijitalle\u015fen d\u00fcnyada dijital yay\u0131nlar [&hellip;]<\/p>\n","protected":false},"author":908,"featured_media":15956,"comment_status":"open","ping_status":"open","sticky":false,"template":"","format":"standard","meta":{"_jetpack_memberships_contains_paid_content":false,"footnotes":"","jetpack_publicize_message":"","jetpack_publicize_feature_enabled":true,"jetpack_social_post_already_shared":true,"jetpack_social_options":{"image_generator_settings":{"template":"highway","default_image_id":0,"font":"","enabled":false},"version":2}},"categories":[253],"tags":[],"class_list":["post-15955","post","type-post","status-publish","format-standard","has-post-thumbnail","hentry","category-gundem"],"jetpack_publicize_connections":[],"jetpack_featured_media_url":"https:\/\/kibrisayna.com\/wp-content\/uploads\/2025\/01\/1000313723.jpg","jetpack_sharing_enabled":true,"_links":{"self":[{"href":"https:\/\/kibrisayna.com\/index.php\/wp-json\/wp\/v2\/posts\/15955","targetHints":{"allow":["GET"]}}],"collection":[{"href":"https:\/\/kibrisayna.com\/index.php\/wp-json\/wp\/v2\/posts"}],"about":[{"href":"https:\/\/kibrisayna.com\/index.php\/wp-json\/wp\/v2\/types\/post"}],"author":[{"embeddable":true,"href":"https:\/\/kibrisayna.com\/index.php\/wp-json\/wp\/v2\/users\/908"}],"replies":[{"embeddable":true,"href":"https:\/\/kibrisayna.com\/index.php\/wp-json\/wp\/v2\/comments?post=15955"}],"version-history":[{"count":0,"href":"https:\/\/kibrisayna.com\/index.php\/wp-json\/wp\/v2\/posts\/15955\/revisions"}],"wp:featuredmedia":[{"embeddable":true,"href":"https:\/\/kibrisayna.com\/index.php\/wp-json\/wp\/v2\/media\/15956"}],"wp:attachment":[{"href":"https:\/\/kibrisayna.com\/index.php\/wp-json\/wp\/v2\/media?parent=15955"}],"wp:term":[{"taxonomy":"category","embeddable":true,"href":"https:\/\/kibrisayna.com\/index.php\/wp-json\/wp\/v2\/categories?post=15955"},{"taxonomy":"post_tag","embeddable":true,"href":"https:\/\/kibrisayna.com\/index.php\/wp-json\/wp\/v2\/tags?post=15955"}],"curies":[{"name":"wp","href":"https:\/\/api.w.org\/{rel}","templated":true}]}}