{"id":15952,"date":"2025-01-07T13:02:33","date_gmt":"2025-01-07T10:02:33","guid":{"rendered":"https:\/\/kibrisayna.com\/index.php\/2025\/01\/07\/meclis-genel-kurulu-denetim-goreviyle-toplandi-brtk\/"},"modified":"2025-01-07T13:02:33","modified_gmt":"2025-01-07T10:02:33","slug":"meclis-genel-kurulu-denetim-goreviyle-toplandi-brtk","status":"publish","type":"post","link":"https:\/\/kibrisayna.com\/index.php\/2025\/01\/07\/meclis-genel-kurulu-denetim-goreviyle-toplandi-brtk\/","title":{"rendered":"Meclis Genel Kurulu denetim g\u00f6reviyle topland\u0131 \u2013 BRTK"},"content":{"rendered":"<p> <br \/>\n<\/p>\n<div>\n<div class=\"mariselle-image-container center\">\n                <img loading=\"lazy\" decoding=\"async\" width=\"302\" height=\"167\" class=\"lazy-image\" alt=\"\" sizes=\"auto, (max-width: 302px) 100vw, 302px\" src=\"https:\/\/brtk.net\/wp-content\/uploads\/2024\/12\/16\/1734344894665meclis-bina.jpg?ver=ce8fdcb564adda67a82c1153e9a967ff\" srcset=\"https:\/\/brtk.net\/wp-content\/uploads\/2024\/12\/16\/1734344894665meclis-bina.jpg?ver=ce8fdcb564adda67a82c1153e9a967ff 302w, https:\/\/brtk.net\/wp-content\/uploads\/2024\/12\/16\/1734344894665meclis-bina-300x166.jpg?ver=f5cba6b85124ef8c1a9cbae1c3954a6a 300w\"\/>                            <\/div>\n<p>Cumhuriyet Meclisi Genel Kurulu denetim g\u00f6revini yerine getirmek \u00fczere topland\u0131.<\/p>\n<p>Meclis Ba\u015fkan\u0131 Ziya \u00d6zt\u00fcrkler ba\u015fkanl\u0131\u011f\u0131nda toplanan Genel Kurul saat 11.45 s\u0131ralar\u0131nda ba\u015flad\u0131.<\/p>\n<p>Mecliste milletvekillerinin g\u00fcncel konu\u015fmalar\u0131na yer veriliyor.<\/p>\n<\/p><\/div>\n<p><script async\n                    defer\n                    crossorigin=\"anonymous\"\n                    src=\"https:\/\/connect.facebook.net\/tr_TR\/sdk.js#xfbml=1&#038;version=v3.3\"\n            ><\/script><br \/>\n<br \/><br \/>\n<br \/><a href=\"https:\/\/brtk.net\/meclis-genel-kurulu-denetim-goreviyle-toplandi-3\/\">Kaynak BRT <\/a><\/p>\n","protected":false},"excerpt":{"rendered":"<p>Cumhuriyet Meclisi Genel Kurulu denetim g\u00f6revini yerine getirmek \u00fczere topland\u0131. Meclis Ba\u015fkan\u0131 Ziya \u00d6zt\u00fcrkler ba\u015fkanl\u0131\u011f\u0131nda toplanan Genel Kurul saat 11.45 s\u0131ralar\u0131nda ba\u015flad\u0131. Mecliste milletvekillerinin g\u00fcncel konu\u015fmalar\u0131na yer veriliyor. Kaynak BRT<\/p>\n","protected":false},"author":908,"featured_media":14427,"comment_status":"open","ping_status":"open","sticky":false,"template":"","format":"standard","meta":{"_jetpack_memberships_contains_paid_content":false,"footnotes":"","jetpack_publicize_message":"","jetpack_publicize_feature_enabled":true,"jetpack_social_post_already_shared":true,"jetpack_social_options":{"image_generator_settings":{"template":"highway","default_image_id":0,"font":"","enabled":false},"version":2}},"categories":[253],"tags":[],"class_list":["post-15952","post","type-post","status-publish","format-standard","has-post-thumbnail","hentry","category-gundem"],"jetpack_publicize_connections":[],"jetpack_featured_media_url":"https:\/\/kibrisayna.com\/wp-content\/uploads\/2024\/12\/meclis-bina-22.jpg","jetpack_sharing_enabled":true,"_links":{"self":[{"href":"https:\/\/kibrisayna.com\/index.php\/wp-json\/wp\/v2\/posts\/15952","targetHints":{"allow":["GET"]}}],"collection":[{"href":"https:\/\/kibrisayna.com\/index.php\/wp-json\/wp\/v2\/posts"}],"about":[{"href":"https:\/\/kibrisayna.com\/index.php\/wp-json\/wp\/v2\/types\/post"}],"author":[{"embeddable":true,"href":"https:\/\/kibrisayna.com\/index.php\/wp-json\/wp\/v2\/users\/908"}],"replies":[{"embeddable":true,"href":"https:\/\/kibrisayna.com\/index.php\/wp-json\/wp\/v2\/comments?post=15952"}],"version-history":[{"count":0,"href":"https:\/\/kibrisayna.com\/index.php\/wp-json\/wp\/v2\/posts\/15952\/revisions"}],"wp:featuredmedia":[{"embeddable":true,"href":"https:\/\/kibrisayna.com\/index.php\/wp-json\/wp\/v2\/media\/14427"}],"wp:attachment":[{"href":"https:\/\/kibrisayna.com\/index.php\/wp-json\/wp\/v2\/media?parent=15952"}],"wp:term":[{"taxonomy":"category","embeddable":true,"href":"https:\/\/kibrisayna.com\/index.php\/wp-json\/wp\/v2\/categories?post=15952"},{"taxonomy":"post_tag","embeddable":true,"href":"https:\/\/kibrisayna.com\/index.php\/wp-json\/wp\/v2\/tags?post=15952"}],"curies":[{"name":"wp","href":"https:\/\/api.w.org\/{rel}","templated":true}]}}