{"id":15948,"date":"2025-01-07T12:51:54","date_gmt":"2025-01-07T09:51:54","guid":{"rendered":"https:\/\/kibrisayna.com\/index.php\/2025\/01\/07\/selin-karakaya-ii-ani-satranc-turnuvasi-29-ocakta-basliyor-brtk\/"},"modified":"2025-01-07T12:51:54","modified_gmt":"2025-01-07T09:51:54","slug":"selin-karakaya-ii-ani-satranc-turnuvasi-29-ocakta-basliyor-brtk","status":"publish","type":"post","link":"https:\/\/kibrisayna.com\/index.php\/2025\/01\/07\/selin-karakaya-ii-ani-satranc-turnuvasi-29-ocakta-basliyor-brtk\/","title":{"rendered":"\u201cSelin Karakaya II. An\u0131 Satran\u00e7 Turnuvas\u0131\u201d 29 Ocak\u2019ta ba\u015fl\u0131yor \u2013 BRTK"},"content":{"rendered":"<p> <br \/>\n<\/p>\n<div>\n<div class=\"mariselle-image-container center\">\n                <img loading=\"lazy\" decoding=\"async\" width=\"1221\" height=\"509\" class=\"lazy-image\" alt=\"\" sizes=\"auto, (max-width: 1221px) 100vw, 1221px\" src=\"https:\/\/brtk.net\/wp-content\/uploads\/2025\/01\/07\/selin.jpeg?ver=449461f16c2a8bf48a69360d7ed9cb45\" srcset=\"https:\/\/brtk.net\/wp-content\/uploads\/2025\/01\/07\/selin.jpeg?ver=449461f16c2a8bf48a69360d7ed9cb45 1221w, https:\/\/brtk.net\/wp-content\/uploads\/2025\/01\/07\/selin-300x125.jpeg?ver=449461f16c2a8bf48a69360d7ed9cb45 300w, https:\/\/brtk.net\/wp-content\/uploads\/2025\/01\/07\/selin-1024x427.jpeg?ver=cec8d3d8238447d75ba9e3b0e831eb8c 1024w, https:\/\/brtk.net\/wp-content\/uploads\/2025\/01\/07\/selin-768x320.jpeg?ver=cec8d3d8238447d75ba9e3b0e831eb8c 768w\"\/>                            <\/div>\n<p>T\u00fcrkiye\u2019de 6 \u015eubat 2023\u2019te meydana gelen deprem felaketinde hayat\u0131n\u0131 kaybeden Gazima\u011fusa T\u00fcrk Maarif Koleji \u00f6\u011frencilerinden Selin Karakaya\u2019n\u0131n an\u0131s\u0131n\u0131 ya\u015fatmak i\u00e7in \u201cSelin Karakaya II. An\u0131 Satran\u00e7 Turnuvas\u0131\u201d d\u00fczenleniyor.  <\/p>\n<p>Gazima\u011fusa Ark\u0131n Palm Beach Hotel\u2019de yer alacak turnuva, Selin\u2019in do\u011fum g\u00fcn\u00fc olan 29 Ocak\u2019ta ba\u015flayacak ve 2 \u015eubat\u2019a kadar devam edecek.  <\/p>\n<p>Farkl\u0131 ya\u015f kategorilerinde satran\u00e7 m\u00fcsabakalar\u0131n\u0131n d\u00fczenlenece\u011fi turnuvada kat\u0131l\u0131mc\u0131lara Selin Karakaya\u2019n\u0131n sporcu ruhu, ba\u015far\u0131lar\u0131 ve azim dolu hayat hikayesinin ilham vermesi ama\u00e7lan\u0131yor.<\/p>\n<p>\u015eampiyon Melekleri Ya\u015fatma Derne\u011fi\u2019nden yap\u0131lan a\u00e7\u0131klamada, Alt\u0131n Piyon Satran\u00e7 Derne\u011fi\u2019nin \u00f6nderli\u011finde, Ezi\u00e7 Restoran, Ark\u0131n Palm Beach Hotel ve Kuzey K\u0131br\u0131s Satran\u00e7 Federasyonu\u2019nun deste\u011fiyle organize edilen etkinlikle, hem sporun birle\u015ftirici g\u00fcc\u00fcn\u00fcn ortaya koyulmas\u0131, hem de toplumsal dayan\u0131\u015fma hedefleniyor.<\/p>\n<p>Satran\u00e7 sporuna g\u00f6n\u00fcl verenleri bir araya getirecek turnuvaya Selin Karakaya\u2019n\u0131n an\u0131s\u0131n\u0131 ya\u015fatmaya katk\u0131da bulunmak isteyen herkes davet edilerek, \u201cGelin, Selin\u2019in \u0131\u015f\u0131\u011f\u0131n\u0131 hep birlikte ya\u015fatal\u0131m\u201d denildi.<\/p>\n<p>Turnuvaya kay\u0131tlar 10 Ocak\u2019ta yay\u0131mlanacak y\u00f6nerge ard\u0131ndan yap\u0131labilecek. Bilgi ve kay\u0131t i\u015flemleri i\u00e7in Alt\u0131n Piyon Satran\u00e7 Derne\u011fi\u2019ne ula\u015f\u0131labilecek, turnuva direkt\u00f6r\u00fc Abdullah \u00d6zdo\u011fan 0542 865 79 28 numaral\u0131 telefondan aranabilecek.<\/p>\n<\/p><\/div>\n<p><script async\n                    defer\n                    crossorigin=\"anonymous\"\n                    src=\"https:\/\/connect.facebook.net\/tr_TR\/sdk.js#xfbml=1&#038;version=v3.3\"\n            ><\/script><br \/>\n<br \/><br \/>\n<br \/><a href=\"https:\/\/brtk.net\/selin-karakaya-ii-ani-satranc-turnuvasi-29-ocakta-basliyor\/\">Kaynak BRT <\/a><\/p>\n","protected":false},"excerpt":{"rendered":"<p>T\u00fcrkiye\u2019de 6 \u015eubat 2023\u2019te meydana gelen deprem felaketinde hayat\u0131n\u0131 kaybeden Gazima\u011fusa T\u00fcrk Maarif Koleji \u00f6\u011frencilerinden Selin Karakaya\u2019n\u0131n an\u0131s\u0131n\u0131 ya\u015fatmak i\u00e7in \u201cSelin Karakaya II. An\u0131 Satran\u00e7 Turnuvas\u0131\u201d d\u00fczenleniyor. Gazima\u011fusa Ark\u0131n Palm Beach Hotel\u2019de yer alacak turnuva, Selin\u2019in do\u011fum g\u00fcn\u00fc olan 29 Ocak\u2019ta ba\u015flayacak ve 2 \u015eubat\u2019a kadar devam edecek. Farkl\u0131 ya\u015f kategorilerinde satran\u00e7 m\u00fcsabakalar\u0131n\u0131n d\u00fczenlenece\u011fi turnuvada [&hellip;]<\/p>\n","protected":false},"author":908,"featured_media":15949,"comment_status":"open","ping_status":"open","sticky":false,"template":"","format":"standard","meta":{"_jetpack_memberships_contains_paid_content":false,"footnotes":"","jetpack_publicize_message":"","jetpack_publicize_feature_enabled":true,"jetpack_social_post_already_shared":true,"jetpack_social_options":{"image_generator_settings":{"template":"highway","default_image_id":0,"font":"","enabled":false},"version":2}},"categories":[9],"tags":[],"class_list":["post-15948","post","type-post","status-publish","format-standard","has-post-thumbnail","hentry","category-spor"],"jetpack_publicize_connections":[],"jetpack_featured_media_url":"https:\/\/kibrisayna.com\/wp-content\/uploads\/2025\/01\/selin.jpeg","jetpack_sharing_enabled":true,"_links":{"self":[{"href":"https:\/\/kibrisayna.com\/index.php\/wp-json\/wp\/v2\/posts\/15948","targetHints":{"allow":["GET"]}}],"collection":[{"href":"https:\/\/kibrisayna.com\/index.php\/wp-json\/wp\/v2\/posts"}],"about":[{"href":"https:\/\/kibrisayna.com\/index.php\/wp-json\/wp\/v2\/types\/post"}],"author":[{"embeddable":true,"href":"https:\/\/kibrisayna.com\/index.php\/wp-json\/wp\/v2\/users\/908"}],"replies":[{"embeddable":true,"href":"https:\/\/kibrisayna.com\/index.php\/wp-json\/wp\/v2\/comments?post=15948"}],"version-history":[{"count":0,"href":"https:\/\/kibrisayna.com\/index.php\/wp-json\/wp\/v2\/posts\/15948\/revisions"}],"wp:featuredmedia":[{"embeddable":true,"href":"https:\/\/kibrisayna.com\/index.php\/wp-json\/wp\/v2\/media\/15949"}],"wp:attachment":[{"href":"https:\/\/kibrisayna.com\/index.php\/wp-json\/wp\/v2\/media?parent=15948"}],"wp:term":[{"taxonomy":"category","embeddable":true,"href":"https:\/\/kibrisayna.com\/index.php\/wp-json\/wp\/v2\/categories?post=15948"},{"taxonomy":"post_tag","embeddable":true,"href":"https:\/\/kibrisayna.com\/index.php\/wp-json\/wp\/v2\/tags?post=15948"}],"curies":[{"name":"wp","href":"https:\/\/api.w.org\/{rel}","templated":true}]}}