{"id":15944,"date":"2025-01-07T12:48:22","date_gmt":"2025-01-07T09:48:22","guid":{"rendered":"https:\/\/kibrisayna.com\/index.php\/2025\/01\/07\/meclis-baskan-yardimcilarindan-milletvekili-sait-guven-87-yasinda-hayatini-kaybetti-brtk\/"},"modified":"2025-01-07T12:48:22","modified_gmt":"2025-01-07T09:48:22","slug":"meclis-baskan-yardimcilarindan-milletvekili-sait-guven-87-yasinda-hayatini-kaybetti-brtk","status":"publish","type":"post","link":"https:\/\/kibrisayna.com\/index.php\/2025\/01\/07\/meclis-baskan-yardimcilarindan-milletvekili-sait-guven-87-yasinda-hayatini-kaybetti-brtk\/","title":{"rendered":"Meclis ba\u015fkan yard\u0131mc\u0131lar\u0131ndan, milletvekili Sait G\u00fcven 87 ya\u015f\u0131nda hayat\u0131n\u0131 kaybetti \u2013 BRTK"},"content":{"rendered":"<p> <br \/>\n<\/p>\n<div>\n<div class=\"mariselle-image-container center\">\n                <img loading=\"lazy\" decoding=\"async\" width=\"1920\" height=\"1079\" class=\"lazy-image\" alt=\"\" sizes=\"auto, (max-width: 1920px) 100vw, 1920px\" src=\"https:\/\/brtk.net\/wp-content\/uploads\/2025\/01\/07\/InShot_20250107_112307865.jpg?ver=1b8d40dc112848130d5d9ac42d6bf340\" srcset=\"https:\/\/brtk.net\/wp-content\/uploads\/2025\/01\/07\/InShot_20250107_112307865.jpg?ver=1b8d40dc112848130d5d9ac42d6bf340 1920w, https:\/\/brtk.net\/wp-content\/uploads\/2025\/01\/07\/InShot_20250107_112307865-300x169.jpg?ver=4fd6b3a76491ae3ff9174a66403e718f 300w, https:\/\/brtk.net\/wp-content\/uploads\/2025\/01\/07\/InShot_20250107_112307865-1024x575.jpg?ver=4fd6b3a76491ae3ff9174a66403e718f 1024w, https:\/\/brtk.net\/wp-content\/uploads\/2025\/01\/07\/InShot_20250107_112307865-768x432.jpg?ver=4fd6b3a76491ae3ff9174a66403e718f 768w, https:\/\/brtk.net\/wp-content\/uploads\/2025\/01\/07\/InShot_20250107_112307865-1536x863.jpg?ver=12cb1d3f3ddf8ba23d9b9f6e1f89a012 1536w\"\/>                            <\/div>\n<p> Cumhuriyet Meclisi ba\u015fkan yard\u0131mc\u0131lar\u0131ndan, milletvekili Sait G\u00fcven 87 ya\u015f\u0131nda hayat\u0131n\u0131 kaybetti.<\/p>\n<p>Cumhuriyet Meclisi\u2019nden yap\u0131lan a\u00e7\u0131klamada, G\u00fcven i\u00e7in per\u015fembe g\u00fcn\u00fc saat 09.30\u2019da Meclis bah\u00e7esinde t\u00f6ren d\u00fczenlenece\u011fi belirtildi.<\/p>\n<p><strong>-Sait G\u00fcven kimdir?<\/strong><\/p>\n<p>Sait G\u00fcven, 1938\u2019de Limasol\u2019da do\u011fdu. \u0130stanbul \u00dcniversitesi Di\u015f Hekimli\u011fi Fak\u00fcltesi\u2019nden mezun olduktan sonra bir m\u00fcddet Limasol\u2019da serbest \u00e7al\u0131\u015ft\u0131. Daha sonra kamuya giren Sait G\u00fcven 1978\u2019de emekli oldu.<\/p>\n<p>23 Haziran 1985\u2019te yap\u0131lan genel se\u00e7imlerde Ulusal Birlik Partisi\u2019nden Girne milletvekili se\u00e7ilen Sait G\u00fcven, Cumhuriyet Meclisi Ba\u015fkan Yard\u0131mc\u0131l\u0131\u011f\u0131 g\u00f6revinde bulundu.  \u0130ngilizce bilen G\u00fcven, evli ve bir \u00e7ocuk babas\u0131yd\u0131.<\/p>\n<\/p><\/div>\n<p><script async\n                    defer\n                    crossorigin=\"anonymous\"\n                    src=\"https:\/\/connect.facebook.net\/tr_TR\/sdk.js#xfbml=1&#038;version=v3.3\"\n            ><\/script><br \/>\n<br \/><br \/>\n<br \/><a href=\"https:\/\/brtk.net\/meclis-baskan-yardimcilarindan-milletvekili-sait-guven-87-yasinda-hayatini-kaybetti\/\">Kaynak BRT <\/a><\/p>\n","protected":false},"excerpt":{"rendered":"<p>Cumhuriyet Meclisi ba\u015fkan yard\u0131mc\u0131lar\u0131ndan, milletvekili Sait G\u00fcven 87 ya\u015f\u0131nda hayat\u0131n\u0131 kaybetti. Cumhuriyet Meclisi\u2019nden yap\u0131lan a\u00e7\u0131klamada, G\u00fcven i\u00e7in per\u015fembe g\u00fcn\u00fc saat 09.30\u2019da Meclis bah\u00e7esinde t\u00f6ren d\u00fczenlenece\u011fi belirtildi. -Sait G\u00fcven kimdir? Sait G\u00fcven, 1938\u2019de Limasol\u2019da do\u011fdu. \u0130stanbul \u00dcniversitesi Di\u015f Hekimli\u011fi Fak\u00fcltesi\u2019nden mezun olduktan sonra bir m\u00fcddet Limasol\u2019da serbest \u00e7al\u0131\u015ft\u0131. Daha sonra kamuya giren Sait G\u00fcven 1978\u2019de emekli [&hellip;]<\/p>\n","protected":false},"author":908,"featured_media":15945,"comment_status":"open","ping_status":"open","sticky":false,"template":"","format":"standard","meta":{"_jetpack_memberships_contains_paid_content":false,"footnotes":"","jetpack_publicize_message":"","jetpack_publicize_feature_enabled":true,"jetpack_social_post_already_shared":true,"jetpack_social_options":{"image_generator_settings":{"template":"highway","default_image_id":0,"font":"","enabled":false},"version":2}},"categories":[253],"tags":[],"class_list":["post-15944","post","type-post","status-publish","format-standard","has-post-thumbnail","hentry","category-gundem"],"jetpack_publicize_connections":[],"jetpack_featured_media_url":"https:\/\/kibrisayna.com\/wp-content\/uploads\/2025\/01\/InShot_20250107_112307865.jpg","jetpack_sharing_enabled":true,"_links":{"self":[{"href":"https:\/\/kibrisayna.com\/index.php\/wp-json\/wp\/v2\/posts\/15944","targetHints":{"allow":["GET"]}}],"collection":[{"href":"https:\/\/kibrisayna.com\/index.php\/wp-json\/wp\/v2\/posts"}],"about":[{"href":"https:\/\/kibrisayna.com\/index.php\/wp-json\/wp\/v2\/types\/post"}],"author":[{"embeddable":true,"href":"https:\/\/kibrisayna.com\/index.php\/wp-json\/wp\/v2\/users\/908"}],"replies":[{"embeddable":true,"href":"https:\/\/kibrisayna.com\/index.php\/wp-json\/wp\/v2\/comments?post=15944"}],"version-history":[{"count":0,"href":"https:\/\/kibrisayna.com\/index.php\/wp-json\/wp\/v2\/posts\/15944\/revisions"}],"wp:featuredmedia":[{"embeddable":true,"href":"https:\/\/kibrisayna.com\/index.php\/wp-json\/wp\/v2\/media\/15945"}],"wp:attachment":[{"href":"https:\/\/kibrisayna.com\/index.php\/wp-json\/wp\/v2\/media?parent=15944"}],"wp:term":[{"taxonomy":"category","embeddable":true,"href":"https:\/\/kibrisayna.com\/index.php\/wp-json\/wp\/v2\/categories?post=15944"},{"taxonomy":"post_tag","embeddable":true,"href":"https:\/\/kibrisayna.com\/index.php\/wp-json\/wp\/v2\/tags?post=15944"}],"curies":[{"name":"wp","href":"https:\/\/api.w.org\/{rel}","templated":true}]}}