{"id":15938,"date":"2025-01-07T11:44:26","date_gmt":"2025-01-07T08:44:26","guid":{"rendered":"https:\/\/kibrisayna.com\/index.php\/2025\/01\/07\/seyrusefer-harci-zammi-motorlu-araclar-ve-yol-trafik-yasasina-aykiri-brtk\/"},"modified":"2025-01-07T11:44:26","modified_gmt":"2025-01-07T08:44:26","slug":"seyrusefer-harci-zammi-motorlu-araclar-ve-yol-trafik-yasasina-aykiri-brtk","status":"publish","type":"post","link":"https:\/\/kibrisayna.com\/index.php\/2025\/01\/07\/seyrusefer-harci-zammi-motorlu-araclar-ve-yol-trafik-yasasina-aykiri-brtk\/","title":{"rendered":"Seyr\u00fcsefer harc\u0131 zamm\u0131 Motorlu Ara\u00e7lar ve Yol Trafik Yasas\u0131\u2019na ayk\u0131r\u0131 \u2013 BRTK"},"content":{"rendered":"<p> <br \/>\n<\/p>\n<div>\n<div class=\"mariselle-image-container center\">\n                <img loading=\"lazy\" decoding=\"async\" width=\"620\" height=\"350\" class=\"lazy-image\" alt=\"\" sizes=\"auto, (max-width: 620px) 100vw, 620px\" src=\"https:\/\/brtk.net\/wp-content\/uploads\/2023\/06\/01\/mdp4.jpg?ver=f173979c7abfef2fbe2be8b4c36ce5e8\" srcset=\"https:\/\/brtk.net\/wp-content\/uploads\/2023\/06\/01\/mdp4.jpg?ver=f173979c7abfef2fbe2be8b4c36ce5e8 620w, https:\/\/brtk.net\/wp-content\/uploads\/2023\/06\/01\/mdp4-300x169.jpg?ver=f173979c7abfef2fbe2be8b4c36ce5e8 300w\"\/>                            <\/div>\n<p>Milliyet\u00e7i Demokrasi Partisi (MDP) Genel Ba\u015fkan\u0131 Buray B\u00fcsk\u00fcv\u00fct\u00e7\u00fc, seyr\u00fcsefer harc\u0131ndaki art\u0131\u015f\u0131n, Motorlu Ara\u00e7lar ve Yol Trafik Yasas\u0131\u2019na a\u00e7\u0131k\u00e7a ayk\u0131r\u0131 oldu\u011funu savundu.<\/p>\n<p>B\u00fcsk\u00fcv\u00fct\u00e7\u00fc yapt\u0131\u011f\u0131 yaz\u0131l\u0131 a\u00e7\u0131klamada, \u201cBu yasa seyr\u00fcsefer har\u00e7lar\u0131n\u0131n, Devlet Planlama \u00d6rg\u00fct\u00fc\u2019n\u00fcn belirledi\u011fi y\u0131ll\u0131k enflasyon oran\u0131n\u0131 a\u015fmamak kayd\u0131yla art\u0131r\u0131lmas\u0131na izin verir.\u201d diyerek, bu s\u0131n\u0131r\u0131n yok say\u0131ld\u0131\u011f\u0131n\u0131 ileri s\u00fcrd\u00fc.<\/p>\n<p>Art\u0131\u015f\u0131n ekonomik krizi daha da derinle\u015ftirdi\u011fini belirten B\u00fcsk\u00fcv\u00fct\u00e7\u00fc, \u201cAnayasa, yasalar \u00e7er\u00e7evesinde halk\u0131n menfaatlerini korumak i\u00e7in vard\u0131r, keyfi art\u0131\u015flara zemin haz\u0131rlamak i\u00e7in de\u011fil. Bakanlar Kurulu, Anayasa\u2019y\u0131 yok say\u0131yorsa, ortada bir y\u00f6netim krizi vard\u0131r.\u201d iddias\u0131nda bulundu.<\/p>\n<p>Kamu g\u00f6revlilerine, \u201chukuksuz bir karar\u0131n uygulanmas\u0131nda yer almamalar\u0131\u201d \u00e7a\u011fr\u0131s\u0131nda bulunan B\u00fcsk\u00fcv\u00fct\u00e7\u00fc, \u201cHer bir kamu \u00e7al\u0131\u015fan\u0131, yasalar\u0131n verdi\u011fi yetkiye dayanarak hukuka ayk\u0131r\u0131 bir talimat\u0131 yerine getirmeme hakk\u0131na sahiptir. Bu, sadece bir hak de\u011fil, ayn\u0131 zamanda bir sorumluluktur.\u201d ifadelerini kulland\u0131.<\/p>\n<p>H\u00fck\u00fcmeti, art\u0131\u015flar\u0131 geri \u00e7ekmeye davet eden B\u00fcsk\u00fcv\u00fct\u00e7\u00fc, MDP\u2019nin halk\u0131n \u00e7\u0131karlar\u0131n\u0131 savunmak ad\u0131na her t\u00fcrl\u00fc yasal m\u00fccadeleyi s\u00fcrd\u00fcrece\u011fini kaydetti.<\/p>\n<\/p><\/div>\n<p><script async\n                    defer\n                    crossorigin=\"anonymous\"\n                    src=\"https:\/\/connect.facebook.net\/tr_TR\/sdk.js#xfbml=1&#038;version=v3.3\"\n            ><\/script><br \/>\n<br \/><br \/>\n<br \/><a href=\"https:\/\/brtk.net\/mdp-genel-baskani-buskuvutcu-seyrusefer-harci-zammi-motorlu-araclar-ve-yol-trafik-yasasina-aykiri\/\">Kaynak BRT <\/a><\/p>\n","protected":false},"excerpt":{"rendered":"<p>Milliyet\u00e7i Demokrasi Partisi (MDP) Genel Ba\u015fkan\u0131 Buray B\u00fcsk\u00fcv\u00fct\u00e7\u00fc, seyr\u00fcsefer harc\u0131ndaki art\u0131\u015f\u0131n, Motorlu Ara\u00e7lar ve Yol Trafik Yasas\u0131\u2019na a\u00e7\u0131k\u00e7a ayk\u0131r\u0131 oldu\u011funu savundu. B\u00fcsk\u00fcv\u00fct\u00e7\u00fc yapt\u0131\u011f\u0131 yaz\u0131l\u0131 a\u00e7\u0131klamada, \u201cBu yasa seyr\u00fcsefer har\u00e7lar\u0131n\u0131n, Devlet Planlama \u00d6rg\u00fct\u00fc\u2019n\u00fcn belirledi\u011fi y\u0131ll\u0131k enflasyon oran\u0131n\u0131 a\u015fmamak kayd\u0131yla art\u0131r\u0131lmas\u0131na izin verir.\u201d diyerek, bu s\u0131n\u0131r\u0131n yok say\u0131ld\u0131\u011f\u0131n\u0131 ileri s\u00fcrd\u00fc. Art\u0131\u015f\u0131n ekonomik krizi daha da derinle\u015ftirdi\u011fini belirten [&hellip;]<\/p>\n","protected":false},"author":908,"featured_media":15939,"comment_status":"open","ping_status":"open","sticky":false,"template":"","format":"standard","meta":{"_jetpack_memberships_contains_paid_content":false,"footnotes":"","jetpack_publicize_message":"","jetpack_publicize_feature_enabled":true,"jetpack_social_post_already_shared":true,"jetpack_social_options":{"image_generator_settings":{"template":"highway","default_image_id":0,"font":"","enabled":false},"version":2}},"categories":[253],"tags":[],"class_list":["post-15938","post","type-post","status-publish","format-standard","has-post-thumbnail","hentry","category-gundem"],"jetpack_publicize_connections":[],"jetpack_featured_media_url":"https:\/\/kibrisayna.com\/wp-content\/uploads\/2025\/01\/mdp4.jpg","jetpack_sharing_enabled":true,"_links":{"self":[{"href":"https:\/\/kibrisayna.com\/index.php\/wp-json\/wp\/v2\/posts\/15938","targetHints":{"allow":["GET"]}}],"collection":[{"href":"https:\/\/kibrisayna.com\/index.php\/wp-json\/wp\/v2\/posts"}],"about":[{"href":"https:\/\/kibrisayna.com\/index.php\/wp-json\/wp\/v2\/types\/post"}],"author":[{"embeddable":true,"href":"https:\/\/kibrisayna.com\/index.php\/wp-json\/wp\/v2\/users\/908"}],"replies":[{"embeddable":true,"href":"https:\/\/kibrisayna.com\/index.php\/wp-json\/wp\/v2\/comments?post=15938"}],"version-history":[{"count":0,"href":"https:\/\/kibrisayna.com\/index.php\/wp-json\/wp\/v2\/posts\/15938\/revisions"}],"wp:featuredmedia":[{"embeddable":true,"href":"https:\/\/kibrisayna.com\/index.php\/wp-json\/wp\/v2\/media\/15939"}],"wp:attachment":[{"href":"https:\/\/kibrisayna.com\/index.php\/wp-json\/wp\/v2\/media?parent=15938"}],"wp:term":[{"taxonomy":"category","embeddable":true,"href":"https:\/\/kibrisayna.com\/index.php\/wp-json\/wp\/v2\/categories?post=15938"},{"taxonomy":"post_tag","embeddable":true,"href":"https:\/\/kibrisayna.com\/index.php\/wp-json\/wp\/v2\/tags?post=15938"}],"curies":[{"name":"wp","href":"https:\/\/api.w.org\/{rel}","templated":true}]}}