{"id":15931,"date":"2025-01-07T11:31:31","date_gmt":"2025-01-07T08:31:31","guid":{"rendered":"https:\/\/kibrisayna.com\/index.php\/2025\/01\/07\/maliye-bakani-berova-persembe-gunu-sendikalarla-bir-araya-geliyor-brtk\/"},"modified":"2025-01-07T11:31:31","modified_gmt":"2025-01-07T08:31:31","slug":"maliye-bakani-berova-persembe-gunu-sendikalarla-bir-araya-geliyor-brtk","status":"publish","type":"post","link":"https:\/\/kibrisayna.com\/index.php\/2025\/01\/07\/maliye-bakani-berova-persembe-gunu-sendikalarla-bir-araya-geliyor-brtk\/","title":{"rendered":"Maliye Bakan\u0131 Berova, per\u015fembe g\u00fcn\u00fc sendikalarla bir araya geliyor \u2013 BRTK"},"content":{"rendered":"<p> <br \/>\n<\/p>\n<div>\n<div class=\"mariselle-image-container center\">\n                <img loading=\"lazy\" decoding=\"async\" width=\"1600\" height=\"1066\" class=\"lazy-image\" alt=\"\" sizes=\"auto, (max-width: 1600px) 100vw, 1600px\" src=\"https:\/\/brtk.net\/wp-content\/uploads\/2024\/10\/01\/berovaa.jpeg?ver=260d0877bea0f06410adb70440336f58\" srcset=\"https:\/\/brtk.net\/wp-content\/uploads\/2024\/10\/01\/berovaa.jpeg?ver=260d0877bea0f06410adb70440336f58 1600w, https:\/\/brtk.net\/wp-content\/uploads\/2024\/10\/01\/berovaa-300x200.jpeg?ver=260d0877bea0f06410adb70440336f58 300w, https:\/\/brtk.net\/wp-content\/uploads\/2024\/10\/01\/berovaa-1024x682.jpeg?ver=a4b41c8d704270928c9c4084bf5b7122 1024w, https:\/\/brtk.net\/wp-content\/uploads\/2024\/10\/01\/berovaa-768x512.jpeg?ver=a4b41c8d704270928c9c4084bf5b7122 768w, https:\/\/brtk.net\/wp-content\/uploads\/2024\/10\/01\/berovaa-1536x1023.jpeg?ver=a4b41c8d704270928c9c4084bf5b7122 1536w\"\/>                            <\/div>\n<p>Maliye Bakan\u0131 \u00d6zdemir Berova, hayat pahal\u0131l\u0131\u011f\u0131 \u00f6dene\u011fiyle ilgili \u00f6ng\u00f6rd\u00fckleri yasal d\u00fczenlemeyi ele almak \u00fczere per\u015fembe g\u00fcn\u00fc sendikalarla bir araya geleceklerini a\u00e7\u0131klad\u0131.<\/p>\n<p>Maliye Bakanl\u0131\u011f\u0131\u2019ndan yap\u0131lan yaz\u0131l\u0131 a\u00e7\u0131klaya g\u00f6re, toplant\u0131 Maliye Bakanl\u0131\u011f\u0131\u2019nda saat 14.30\u2019da ger\u00e7ekle\u015fecek.<\/p>\n<p>A\u00e7\u0131klamada, sendikalar\u0131n Maliye Bakanl\u0131\u011f\u0131 yetkilileri taraf\u0131ndan per\u015fembe g\u00fcnk\u00fc toplant\u0131ya d\u00fcn  davet edildi\u011fi kaydedildi.<\/p>\n<\/p><\/div>\n<p><script async\n                    defer\n                    crossorigin=\"anonymous\"\n                    src=\"https:\/\/connect.facebook.net\/tr_TR\/sdk.js#xfbml=1&#038;version=v3.3\"\n            ><\/script><br \/>\n<br \/><br \/>\n<br \/><a href=\"https:\/\/brtk.net\/maliye-bakani-berova-persembe-gunu-sendikalarla-bir-araya-geliyor\/\">Kaynak BRT <\/a><\/p>\n","protected":false},"excerpt":{"rendered":"<p>Maliye Bakan\u0131 \u00d6zdemir Berova, hayat pahal\u0131l\u0131\u011f\u0131 \u00f6dene\u011fiyle ilgili \u00f6ng\u00f6rd\u00fckleri yasal d\u00fczenlemeyi ele almak \u00fczere per\u015fembe g\u00fcn\u00fc sendikalarla bir araya geleceklerini a\u00e7\u0131klad\u0131. Maliye Bakanl\u0131\u011f\u0131\u2019ndan yap\u0131lan yaz\u0131l\u0131 a\u00e7\u0131klaya g\u00f6re, toplant\u0131 Maliye Bakanl\u0131\u011f\u0131\u2019nda saat 14.30\u2019da ger\u00e7ekle\u015fecek. A\u00e7\u0131klamada, sendikalar\u0131n Maliye Bakanl\u0131\u011f\u0131 yetkilileri taraf\u0131ndan per\u015fembe g\u00fcnk\u00fc toplant\u0131ya d\u00fcn davet edildi\u011fi kaydedildi. Kaynak BRT<\/p>\n","protected":false},"author":908,"featured_media":15932,"comment_status":"open","ping_status":"open","sticky":false,"template":"","format":"standard","meta":{"_jetpack_memberships_contains_paid_content":false,"footnotes":"","jetpack_publicize_message":"","jetpack_publicize_feature_enabled":true,"jetpack_social_post_already_shared":true,"jetpack_social_options":{"image_generator_settings":{"template":"highway","default_image_id":0,"font":"","enabled":false},"version":2}},"categories":[253],"tags":[],"class_list":["post-15931","post","type-post","status-publish","format-standard","has-post-thumbnail","hentry","category-gundem"],"jetpack_publicize_connections":[],"jetpack_featured_media_url":"https:\/\/kibrisayna.com\/wp-content\/uploads\/2025\/01\/maliye-bakani-berova-24-kasim-ogretmenler-gunu-mesaji.jpeg","jetpack_sharing_enabled":true,"_links":{"self":[{"href":"https:\/\/kibrisayna.com\/index.php\/wp-json\/wp\/v2\/posts\/15931","targetHints":{"allow":["GET"]}}],"collection":[{"href":"https:\/\/kibrisayna.com\/index.php\/wp-json\/wp\/v2\/posts"}],"about":[{"href":"https:\/\/kibrisayna.com\/index.php\/wp-json\/wp\/v2\/types\/post"}],"author":[{"embeddable":true,"href":"https:\/\/kibrisayna.com\/index.php\/wp-json\/wp\/v2\/users\/908"}],"replies":[{"embeddable":true,"href":"https:\/\/kibrisayna.com\/index.php\/wp-json\/wp\/v2\/comments?post=15931"}],"version-history":[{"count":0,"href":"https:\/\/kibrisayna.com\/index.php\/wp-json\/wp\/v2\/posts\/15931\/revisions"}],"wp:featuredmedia":[{"embeddable":true,"href":"https:\/\/kibrisayna.com\/index.php\/wp-json\/wp\/v2\/media\/15932"}],"wp:attachment":[{"href":"https:\/\/kibrisayna.com\/index.php\/wp-json\/wp\/v2\/media?parent=15931"}],"wp:term":[{"taxonomy":"category","embeddable":true,"href":"https:\/\/kibrisayna.com\/index.php\/wp-json\/wp\/v2\/categories?post=15931"},{"taxonomy":"post_tag","embeddable":true,"href":"https:\/\/kibrisayna.com\/index.php\/wp-json\/wp\/v2\/tags?post=15931"}],"curies":[{"name":"wp","href":"https:\/\/api.w.org\/{rel}","templated":true}]}}