{"id":15885,"date":"2025-01-06T17:00:29","date_gmt":"2025-01-06T14:00:29","guid":{"rendered":"https:\/\/kibrisayna.com\/index.php\/2025\/01\/06\/ercan-havalimani-1-haftada-95-bin-yolcu-agirladi-brtk\/"},"modified":"2025-01-06T17:00:29","modified_gmt":"2025-01-06T14:00:29","slug":"ercan-havalimani-1-haftada-95-bin-yolcu-agirladi-brtk","status":"publish","type":"post","link":"https:\/\/kibrisayna.com\/index.php\/2025\/01\/06\/ercan-havalimani-1-haftada-95-bin-yolcu-agirladi-brtk\/","title":{"rendered":"Ercan Havaliman\u0131 1 haftada 95 bin yolcu a\u011f\u0131rlad\u0131 \u2013 BRTK"},"content":{"rendered":"<p> <br \/>\n<\/p>\n<div>\n<div class=\"mariselle-image-container center\">\n                <img loading=\"lazy\" decoding=\"async\" width=\"2560\" height=\"1707\" class=\"lazy-image\" alt=\"\" sizes=\"auto, (max-width: 2560px) 100vw, 2560px\" src=\"https:\/\/brtk.net\/wp-content\/uploads\/2025\/01\/06\/1736162502715TT-Havalimani-isletmeciligi-genel-muduru-sehat-ozcelik-scaled.jpg?ver=3538c6fd80ad78cb75712fb1b51e923d\" srcset=\"https:\/\/brtk.net\/wp-content\/uploads\/2025\/01\/06\/1736162502715TT-Havalimani-isletmeciligi-genel-muduru-sehat-ozcelik-scaled.jpg?ver=3538c6fd80ad78cb75712fb1b51e923d 2560w, https:\/\/brtk.net\/wp-content\/uploads\/2025\/01\/06\/1736162502715TT-Havalimani-isletmeciligi-genel-muduru-sehat-ozcelik-300x200.jpg?ver=3538c6fd80ad78cb75712fb1b51e923d 300w, https:\/\/brtk.net\/wp-content\/uploads\/2025\/01\/06\/1736162502715TT-Havalimani-isletmeciligi-genel-muduru-sehat-ozcelik-1024x683.jpg?ver=16b78fc41270beb525053b00af9aa5f8 1024w, https:\/\/brtk.net\/wp-content\/uploads\/2025\/01\/06\/1736162502715TT-Havalimani-isletmeciligi-genel-muduru-sehat-ozcelik-768x512.jpg?ver=6463ad0ec715fa0b9676f17eab7d63a8 768w, https:\/\/brtk.net\/wp-content\/uploads\/2025\/01\/06\/1736162502715TT-Havalimani-isletmeciligi-genel-muduru-sehat-ozcelik-1536x1024.jpg?ver=132d6cc30506858463d111728bcbb1b1 1536w, https:\/\/brtk.net\/wp-content\/uploads\/2025\/01\/06\/1736162502715TT-Havalimani-isletmeciligi-genel-muduru-sehat-ozcelik-2048x1365.jpg?ver=e7eeb8110011c82d86a0cbe3501f0193 2048w\"\/>                            <\/div>\n<p>Ercan Havaliman\u0131, 2025 y\u0131l\u0131n\u0131n ilk g\u00fcn\u00fc 121 u\u00e7a\u011fa hizmet verirken, y\u0131lba\u015f\u0131 haftas\u0131 738 u\u00e7ak ve 95 bin 440 yolcuya ev sahipli\u011fi yapt\u0131.<\/p>\n<p>T&amp;T Havaliman\u0131 \u0130\u015fletmecili\u011fi\u2019nden verilen bilgiye g\u00f6re, Ercan Havaliman\u0131 1 Ocak 2025\u2019te 121 seferle 13 bin 646 yolcuya; 28 Aral\u0131k 2024-3 Ocak 2025 aras\u0131nda 738 u\u00e7a\u011fa hizmet verdi.<\/p>\n<p>28 Aral\u0131k 2024\u2019te 105 u\u00e7akla 13 bin 426 yolcu, 29 Aral\u0131k 2024\u2019te 117 u\u00e7akla 16 bin 582 yolcu ve 30 Aral\u0131k 2024\u2019de 102 u\u00e7akla 12 bin 633 yolcunun gelip gitti\u011fi Ercan Havaliman\u0131, 31 Aral\u0131k 2024 y\u0131lba\u015f\u0131 ak\u015fam\u0131 ise 73 u\u00e7ak ve 9 bin 352 yolcuyu a\u011f\u0131rlad\u0131. Ercan, 2 Ocak 2025 tarihinde 112 u\u00e7akla 14 bin 534 yolcuya, 3 Ocak 2025 tarihinde ise 108 u\u00e7akla 15 bin 267 yolcuya ev sahipli\u011fi yapt\u0131.<\/p>\n<p>T&amp;T Havaliman\u0131 \u0130\u015fletmecili\u011fi Genel M\u00fcd\u00fcr\u00fc M. Serhat \u00d6z\u00e7elik, yeni y\u0131l dolay\u0131s\u0131yla yeni Ercan Havaliman\u0131\u2019n\u0131 kullanan yolcular\u0131n rahat giri\u015f ve \u00e7\u0131k\u0131\u015f yapabilmesi i\u00e7in sekt\u00f6r ile ald\u0131klar\u0131 \u00f6nlemler sayesinde bir s\u0131k\u0131nt\u0131n\u0131n ya\u015fanmad\u0131\u011f\u0131n\u0131 belirtti.<\/p>\n<\/p><\/div>\n<p><script async\n                    defer\n                    crossorigin=\"anonymous\"\n                    src=\"https:\/\/connect.facebook.net\/tr_TR\/sdk.js#xfbml=1&#038;version=v3.3\"\n            ><\/script><br \/>\n<br \/><br \/>\n<br \/><a href=\"https:\/\/brtk.net\/ercan-havalimani-1-haftada-95-bin-yolcu-agirladi\/\">Kaynak BRT <\/a><\/p>\n","protected":false},"excerpt":{"rendered":"<p>Ercan Havaliman\u0131, 2025 y\u0131l\u0131n\u0131n ilk g\u00fcn\u00fc 121 u\u00e7a\u011fa hizmet verirken, y\u0131lba\u015f\u0131 haftas\u0131 738 u\u00e7ak ve 95 bin 440 yolcuya ev sahipli\u011fi yapt\u0131. T&amp;T Havaliman\u0131 \u0130\u015fletmecili\u011fi\u2019nden verilen bilgiye g\u00f6re, Ercan Havaliman\u0131 1 Ocak 2025\u2019te 121 seferle 13 bin 646 yolcuya; 28 Aral\u0131k 2024-3 Ocak 2025 aras\u0131nda 738 u\u00e7a\u011fa hizmet verdi. 28 Aral\u0131k 2024\u2019te 105 u\u00e7akla 13 [&hellip;]<\/p>\n","protected":false},"author":908,"featured_media":14569,"comment_status":"open","ping_status":"open","sticky":false,"template":"","format":"standard","meta":{"_jetpack_memberships_contains_paid_content":false,"footnotes":"","jetpack_publicize_message":"","jetpack_publicize_feature_enabled":true,"jetpack_social_post_already_shared":true,"jetpack_social_options":{"image_generator_settings":{"template":"highway","default_image_id":0,"font":"","enabled":false},"version":2}},"categories":[253],"tags":[],"class_list":["post-15885","post","type-post","status-publish","format-standard","has-post-thumbnail","hentry","category-gundem"],"jetpack_publicize_connections":[],"jetpack_featured_media_url":"https:\/\/kibrisayna.com\/wp-content\/uploads\/2024\/12\/1734715506306ercan1.jpeg","jetpack_sharing_enabled":true,"_links":{"self":[{"href":"https:\/\/kibrisayna.com\/index.php\/wp-json\/wp\/v2\/posts\/15885","targetHints":{"allow":["GET"]}}],"collection":[{"href":"https:\/\/kibrisayna.com\/index.php\/wp-json\/wp\/v2\/posts"}],"about":[{"href":"https:\/\/kibrisayna.com\/index.php\/wp-json\/wp\/v2\/types\/post"}],"author":[{"embeddable":true,"href":"https:\/\/kibrisayna.com\/index.php\/wp-json\/wp\/v2\/users\/908"}],"replies":[{"embeddable":true,"href":"https:\/\/kibrisayna.com\/index.php\/wp-json\/wp\/v2\/comments?post=15885"}],"version-history":[{"count":0,"href":"https:\/\/kibrisayna.com\/index.php\/wp-json\/wp\/v2\/posts\/15885\/revisions"}],"wp:featuredmedia":[{"embeddable":true,"href":"https:\/\/kibrisayna.com\/index.php\/wp-json\/wp\/v2\/media\/14569"}],"wp:attachment":[{"href":"https:\/\/kibrisayna.com\/index.php\/wp-json\/wp\/v2\/media?parent=15885"}],"wp:term":[{"taxonomy":"category","embeddable":true,"href":"https:\/\/kibrisayna.com\/index.php\/wp-json\/wp\/v2\/categories?post=15885"},{"taxonomy":"post_tag","embeddable":true,"href":"https:\/\/kibrisayna.com\/index.php\/wp-json\/wp\/v2\/tags?post=15885"}],"curies":[{"name":"wp","href":"https:\/\/api.w.org\/{rel}","templated":true}]}}