{"id":15881,"date":"2025-01-06T16:54:51","date_gmt":"2025-01-06T13:54:51","guid":{"rendered":"https:\/\/kibrisayna.com\/index.php\/2025\/01\/06\/ceza-degisiklik-yasasi-onerisi-komiteye-geri-cekildi-brtk\/"},"modified":"2025-01-06T16:54:51","modified_gmt":"2025-01-06T13:54:51","slug":"ceza-degisiklik-yasasi-onerisi-komiteye-geri-cekildi-brtk","status":"publish","type":"post","link":"https:\/\/kibrisayna.com\/index.php\/2025\/01\/06\/ceza-degisiklik-yasasi-onerisi-komiteye-geri-cekildi-brtk\/","title":{"rendered":"Ceza (De\u011fi\u015fiklik) Yasas\u0131 \u00d6nerisi komiteye geri \u00e7ekildi \u2013 BRTK"},"content":{"rendered":"<p> <br \/>\n<\/p>\n<div>\n<div class=\"mariselle-image-container center\">\n                <img loading=\"lazy\" decoding=\"async\" width=\"1600\" height=\"1066\" class=\"lazy-image\" alt=\"\" sizes=\"auto, (max-width: 1600px) 100vw, 1600px\" src=\"https:\/\/brtk.net\/wp-content\/uploads\/2025\/01\/06\/1736168678968meclis-genel-kurulu.jpg?ver=65bb5f5f07dab2c6cd567f79ea205cd6\" srcset=\"https:\/\/brtk.net\/wp-content\/uploads\/2025\/01\/06\/1736168678968meclis-genel-kurulu.jpg?ver=65bb5f5f07dab2c6cd567f79ea205cd6 1600w, https:\/\/brtk.net\/wp-content\/uploads\/2025\/01\/06\/1736168678968meclis-genel-kurulu-300x200.jpg?ver=ce75596ce52a10394902e66d7afae902 300w, https:\/\/brtk.net\/wp-content\/uploads\/2025\/01\/06\/1736168678968meclis-genel-kurulu-1024x682.jpg?ver=114c90fba92f5c12f3049332ccb87971 1024w, https:\/\/brtk.net\/wp-content\/uploads\/2025\/01\/06\/1736168678968meclis-genel-kurulu-768x512.jpg?ver=114c90fba92f5c12f3049332ccb87971 768w, https:\/\/brtk.net\/wp-content\/uploads\/2025\/01\/06\/1736168678968meclis-genel-kurulu-1536x1023.jpg?ver=a2f90c8eda5459d077d17ad0df871b06 1536w\"\/>                            <\/div>\n<p>Cumhuriyet Meclisi\u2019nde bug\u00fcn g\u00f6r\u00fc\u015f\u00fclen Ceza (De\u011fi\u015fiklik) Yasas\u0131 \u00d6nerisi yeni \u00f6nerilerin g\u00f6r\u00fc\u015f\u00fclmesine f\u0131rsat tan\u0131mak amac\u0131yla komiteye geri \u00e7ekildi.<\/p>\n<p>Cumhuriyet Meclisi\u2019nin bug\u00fcnk\u00fc oturumu sona erdi.<\/p>\n<p>CTP Milletvekili Erkut \u015eahali, komite \u00fcyelerinin ortak kanaati do\u011frultusunda haz\u0131rlanan \u00f6nerinin komitede oy birli\u011fiyle sonu\u00e7land\u0131r\u0131ld\u0131\u011f\u0131n\u0131 s\u00f6yleyerek, bunun \u00f6nemine vurgu yapt\u0131.<\/p>\n<p>\u015eahali, yasan\u0131n, \u00fclkede eksikli\u011fi duyulan bir konuda bo\u015flu\u011fu dolduraca\u011f\u0131n\u0131 belirterek, evcil hayvan edinmeye ilginin artt\u0131\u011f\u0131n\u0131, \u00fclkede bulunmayan t\u00fcrlerin \u00fclkeye geldi\u011fini, hayvanlara mal gibi veya hedef tahtas\u0131 gibi davran\u0131lmas\u0131n\u0131n \u201ckabul edilemeyece\u011fini\u201d dolay\u0131s\u0131yla yasa de\u011fi\u015fikli\u011finin \u00f6nemli oldu\u011funu kaydetti.<\/p>\n<p>Hayvan d\u00f6v\u00fc\u015flerinin hukukun d\u00fczenlemedi\u011fi zamanlarda k\u00fclt\u00fcr ba\u011f\u0131 kurularak yans\u0131t\u0131lan bir konu oldu\u011funu s\u00f6yleyen \u015eahali, Ceza Yasas\u0131\u2019nda bu konuya da yer verilmesinin \u00f6nemli oldu\u011funu belirtti.<\/p>\n<p>\u015eahali, yasaya emek verenlere te\u015fekk\u00fcr etti.<\/p>\n<p>CTP Milletvekili Filiz Besim, \u00f6neriye katk\u0131 sa\u011flayan herkese te\u015fekk\u00fcr etti.<\/p>\n<p>Hayvan Refah\u0131 Yasas\u0131\u2019n\u0131n y\u00fcr\u00fcrl\u00fckte oldu\u011funu ancak denetimsizlik, yasay\u0131 i\u00e7selle\u015ftirmeme gibi nedenlerle uygulanamad\u0131\u011f\u0131n\u0131 dile getiren Besim, bu nedenle Ceza Yasas\u0131\u2019ndaki de\u011fi\u015fikli\u011fin \u00f6nemli oldu\u011funu belirtti.<\/p>\n<p>Besim, \u00fclkede sokak hayvanlar\u0131n\u0131n say\u0131s\u0131n\u0131n fazla oldu\u011funu, bu durumun farkl\u0131 sorunlar olu\u015fturdu\u011funu dile getirerek, \u00e7a\u011fda\u015f \u00fclkelerin bu sorunu \u00e7\u00f6zd\u00fc\u011f\u00fcn\u00fc kaydetti.<\/p>\n<p>Bu konunun toplumun t\u00fcm kesimleri taraf\u0131ndan i\u015f birli\u011fi i\u00e7inde \u00e7\u00f6z\u00fclmesi gerekti\u011fini dile getiren Besim, sokak hayvanlar\u0131 konusunda mikro\u00e7ip uygulamas\u0131n\u0131n \u00f6nemli oldu\u011funu, bu konuda denetim yap\u0131lmas\u0131 gerekti\u011fini belirtti.<\/p>\n<p>E\u011fitim ve bilin\u00e7lendirme \u00e7al\u0131\u015fmalar\u0131 yap\u0131lmas\u0131 gerekti\u011fini kaydeden Besim, toplumun hayvana de\u011feri i\u00e7selle\u015ftirmesi noktas\u0131n\u0131n b\u00fct\u00fcnl\u00fckl\u00fc olarak ele al\u0131nmas\u0131, ge\u00e7irilen yasalara sahip \u00e7\u0131k\u0131lmas\u0131 gerekti\u011fini s\u00f6yledi.  <\/p>\n<p>Ba\u011f\u0131ms\u0131z Milletvekili Jale Refik Rogers, Ceza Yasas\u0131\u2019ndaki de\u011fi\u015fikliklerle ilgili \u00e7al\u0131\u015fma yapan herkese te\u015fekk\u00fcr etti.<\/p>\n<p>Evcil ve yaban hayatla ilgili ihmallerin s\u00f6z konusu oldu\u011funu s\u00f6yleyen Rogers, \u00fclkeye ka\u00e7ak olarak da hayvan getirildi\u011fini belirtti.<\/p>\n<p>Hayvan sevgisine y\u00f6nelik e\u011fitim sistemine ba\u015flayarak de\u011fi\u015flikler yapmak gerekti\u011fini dile getiren Rogers, bug\u00fcn yap\u0131lacak de\u011fi\u015fiklikle yasal dayanaklar olmas\u0131n\u0131n \u00f6nemli oldu\u011funu ifade etti.<\/p>\n<p>Konu\u015fmalar\u0131n ard\u0131ndan Hukuk, Siyasi \u0130\u015fler, D\u0131\u015fili\u015fkiler ve Savunma Komitesi Ba\u015fkan\u0131 Yasemi \u00d6zt\u00fcrk yasa \u00f6nerisinin yeniden de\u011ferlendirmek \u00fczere komiteye geri \u00e7ekilmesi \u00f6nerisinde bulundu.<\/p>\n<p>Bir maddeyle ilgili \u00f6neri oldu\u011funu s\u00f6yleyen \u00d6zt\u00fcrk, bu konunun ele al\u0131naca\u011f\u0131n\u0131 kaydetti.<\/p>\n<p>Bu s\u0131rada s\u00f6z alan CTP Milletvekili Erkut \u015eahali, yasa \u00f6nerisinin komiteden oy birli\u011fiyle ge\u00e7ti\u011fini s\u00f6yleyerek, \u00f6nerinin komiteye geri \u00e7ekilmesini ele\u015ftirdi.  <\/p>\n<p>\u015eahali, bir maddede yap\u0131lan de\u011fi\u015fikli\u011fin sorun yaratt\u0131\u011f\u0131na bu nedenle yasa \u00f6nerisinin komiteye geri \u00e7ekildi\u011fine inand\u0131\u011f\u0131n\u0131 s\u00f6yleyerek, bu maddenin de hayvan d\u00f6v\u00fc\u015f\u00fcne kat\u0131lanlar ve yapt\u0131ranlara y\u00f6nelik  cezalara ili\u015fkin oldu\u011funu belirtti.  <\/p>\n<p>\u201cHayvan d\u00f6v\u00fc\u015ft\u00fcrenler canidir. Canilere ceza verilmesi amac\u0131yla \u00f6neri har\u0131land\u0131. Bunun \u00f6n\u00fcne ta\u015f koymamal\u0131y\u0131z.\u201d diyen \u015eahali, CTP\u2019nin \u00f6nerinin komiteden geldi\u011fi \u015fekliyle oylanmas\u0131ndan yana oldu\u011funu belirtti.<\/p>\n<p>Komite Ba\u015fkan\u0131 Yasemi \u00d6zt\u00fcrk, ki\u015fisel g\u00f6r\u00fc\u015f\u00fcn\u00fcn yasan\u0131n aynen ge\u00e7mesi y\u00f6n\u00fcnde oldu\u011funu s\u00f6yleyerek, yeni bir \u00f6neri geldi\u011fini, bu \u00f6nerinin g\u00f6r\u00fc\u015f\u00fcl\u00fcp tart\u0131\u015f\u0131lmas\u0131 i\u00e7in \u00f6nerinin komiteye geri \u00e7ekilece\u011fini kaydetti.<\/p>\n<p>\u00d6zt\u00fcrk, ki\u015fisel g\u00f6r\u00fc\u015f\u00fc ve oyunun de\u011fi\u015fmeyece\u011fini, g\u00f6r\u00fc\u015f\u00fcn\u00fcn \u00f6nerinin aynen ge\u00e7mesi y\u00f6n\u00fcnde oldu\u011funu belirtti.<\/p>\n<p>CTP Milletvekili Do\u011fu\u015f Derya, \u00fclkede \u015fiddet k\u00fclt\u00fcr\u00fcn\u00fcn y\u00fckseldi\u011fini, bu konunun basit bir konu olmad\u0131\u011f\u0131n\u0131, hayvanlara, \u00e7ocuk ve kad\u0131nlara y\u00f6nelen \u015fiddetin ayn\u0131 b\u00fct\u00fcn\u00fcn par\u00e7as\u0131 oldu\u011funu s\u00f6yledi.<\/p>\n<p>\u201cHayvana \u015fiddeti lay\u0131k g\u00f6ren insan olamaz.\u201d diyen Derya, k\u00f6pekleri ve horozlar\u0131 d\u00f6v\u00fc\u015ft\u00fcrenlerin oyu i\u00e7in \u00f6nerinin \u201cgeri \u00e7ekilmesinin kabul edilemeyece\u011fini\u201d s\u00f6yledi.<\/p>\n<p>Ba\u011f\u0131ms\u0131z Milletvekili Hasan Tosuno\u011flu da s\u00f6z alarak, \u015fiddete kar\u015f\u0131 oldu\u011funu, hayvanlara \u015fiddet ve eziyete izin verilemeyece\u011fini s\u00f6yleyerek, \u201cDo\u011fu\u015f Derya Meclis Ba\u015fkan\u0131\u2019na su atarken hangi duygular i\u00e7indeydi.\u201d diye sordu.<\/p>\n<p>Bu s\u0131rada Meclis\u2019te vekiller aras\u0131nda s\u00f6zl\u00fc tart\u0131\u015fmalar ya\u015fand\u0131.<\/p>\n<p>Tosuno\u011flu, \u00f6neri sahibinin kendisi oldu\u011funu s\u00f6yleyerek, \u201cBu bir s\u00fcre\u00e7 meselesidir. Bir anda bu \u00fclkenin k\u00fclt\u00fcr\u00fcn\u00fc kaybetme riski ile kar\u015f\u0131 kar\u015f\u0131yay\u0131z.\u201d dedi.<\/p>\n<p>G\u00f6r\u00fc\u015flerin tart\u0131\u015f\u0131labilece\u011fini dile getiren Tosuno\u011flu, yasa \u00f6nerisinin geri \u00e7ekilmesine ili\u015fkin bir talebi olmad\u0131\u011f\u0131n\u0131, sadece \u00f6neri yapmak istedi\u011fini ifade etti.<\/p>\n<p>CTP Milletvekili Do\u011fu\u015f Derya \u015fiddet k\u00fclt\u00fcr\u00fc ile ilgili konu\u015fmas\u0131 s\u0131ras\u0131nda \u00f6neri sahibinin kim oldu\u011funu bilmedi\u011fini s\u00f6yleyerek, Tosuno\u011flu\u2019nun ise yapt\u0131\u011f\u0131 konu\u015fmada, \u201ckendisine \u015fahsi sald\u0131r\u0131da bulundu\u011funu\u201d savundu.<\/p>\n<p>Derya, K\u0131br\u0131s T\u00fcrk k\u00fclt\u00fcr\u00fc i\u00e7inde hayvan d\u00f6v\u00fc\u015ft\u00fcr\u00fcp \u00f6ld\u00fcrmek diye bir \u015fey olmad\u0131\u011f\u0131n\u0131, \u00fclkede hukuk ihlal edilir, yasama ayaklar alt\u0131na al\u0131n\u0131r, otogratik rejim dayat\u0131l\u0131rsa kendisi ve partisinin buna kar\u015f\u0131 m\u00fccadele i\u00e7in elinden geleni ard\u0131na koymayaca\u011f\u0131n\u0131 belirtti.<\/p>\n<p>Konu\u015fmalar\u0131n ard\u0131ndan \u00d6zt\u00fcrk\u2019\u00fcn yasa \u00f6nerisinin komiteye geri \u00e7ekilmesine y\u00f6nelik \u00f6nerisi oylanarak, oy \u00e7oklu\u011fuyla kabul edildi.<\/p>\n<p>Meclisin bug\u00fcnk\u00fc oturumu sona erdi, bir sonraki oturum yar\u0131n saat 10.00\u2019da yap\u0131lacak.<\/p>\n<\/p><\/div>\n<p><script async\n                    defer\n                    crossorigin=\"anonymous\"\n                    src=\"https:\/\/connect.facebook.net\/tr_TR\/sdk.js#xfbml=1&#038;version=v3.3\"\n            ><\/script><br \/>\n<br \/><br \/>\n<br \/><a href=\"https:\/\/brtk.net\/ceza-degisiklik-yasasi-onerisi-komiteye-geri-cekildi\/\">Kaynak BRT <\/a><\/p>\n","protected":false},"excerpt":{"rendered":"<p>Cumhuriyet Meclisi\u2019nde bug\u00fcn g\u00f6r\u00fc\u015f\u00fclen Ceza (De\u011fi\u015fiklik) Yasas\u0131 \u00d6nerisi yeni \u00f6nerilerin g\u00f6r\u00fc\u015f\u00fclmesine f\u0131rsat tan\u0131mak amac\u0131yla komiteye geri \u00e7ekildi. Cumhuriyet Meclisi\u2019nin bug\u00fcnk\u00fc oturumu sona erdi. CTP Milletvekili Erkut \u015eahali, komite \u00fcyelerinin ortak kanaati do\u011frultusunda haz\u0131rlanan \u00f6nerinin komitede oy birli\u011fiyle sonu\u00e7land\u0131r\u0131ld\u0131\u011f\u0131n\u0131 s\u00f6yleyerek, bunun \u00f6nemine vurgu yapt\u0131. \u015eahali, yasan\u0131n, \u00fclkede eksikli\u011fi duyulan bir konuda bo\u015flu\u011fu dolduraca\u011f\u0131n\u0131 belirterek, evcil hayvan [&hellip;]<\/p>\n","protected":false},"author":908,"featured_media":15882,"comment_status":"open","ping_status":"open","sticky":false,"template":"","format":"standard","meta":{"_jetpack_memberships_contains_paid_content":false,"footnotes":"","jetpack_publicize_message":"","jetpack_publicize_feature_enabled":true,"jetpack_social_post_already_shared":true,"jetpack_social_options":{"image_generator_settings":{"template":"highway","default_image_id":0,"font":"","enabled":false},"version":2}},"categories":[253],"tags":[],"class_list":["post-15881","post","type-post","status-publish","format-standard","has-post-thumbnail","hentry","category-gundem"],"jetpack_publicize_connections":[],"jetpack_featured_media_url":"https:\/\/kibrisayna.com\/wp-content\/uploads\/2025\/01\/1736168678968meclis-genel-kurulu.jpg","jetpack_sharing_enabled":true,"_links":{"self":[{"href":"https:\/\/kibrisayna.com\/index.php\/wp-json\/wp\/v2\/posts\/15881","targetHints":{"allow":["GET"]}}],"collection":[{"href":"https:\/\/kibrisayna.com\/index.php\/wp-json\/wp\/v2\/posts"}],"about":[{"href":"https:\/\/kibrisayna.com\/index.php\/wp-json\/wp\/v2\/types\/post"}],"author":[{"embeddable":true,"href":"https:\/\/kibrisayna.com\/index.php\/wp-json\/wp\/v2\/users\/908"}],"replies":[{"embeddable":true,"href":"https:\/\/kibrisayna.com\/index.php\/wp-json\/wp\/v2\/comments?post=15881"}],"version-history":[{"count":0,"href":"https:\/\/kibrisayna.com\/index.php\/wp-json\/wp\/v2\/posts\/15881\/revisions"}],"wp:featuredmedia":[{"embeddable":true,"href":"https:\/\/kibrisayna.com\/index.php\/wp-json\/wp\/v2\/media\/15882"}],"wp:attachment":[{"href":"https:\/\/kibrisayna.com\/index.php\/wp-json\/wp\/v2\/media?parent=15881"}],"wp:term":[{"taxonomy":"category","embeddable":true,"href":"https:\/\/kibrisayna.com\/index.php\/wp-json\/wp\/v2\/categories?post=15881"},{"taxonomy":"post_tag","embeddable":true,"href":"https:\/\/kibrisayna.com\/index.php\/wp-json\/wp\/v2\/tags?post=15881"}],"curies":[{"name":"wp","href":"https:\/\/api.w.org\/{rel}","templated":true}]}}