{"id":15879,"date":"2025-01-06T16:39:03","date_gmt":"2025-01-06T13:39:03","guid":{"rendered":"https:\/\/kibrisayna.com\/index.php\/2025\/01\/06\/yarin-sabah-yer-yer-sis-bekleniyor-sicaklik-17-20-derece-dolaylarinda-olacak-brtk\/"},"modified":"2025-01-06T16:39:03","modified_gmt":"2025-01-06T13:39:03","slug":"yarin-sabah-yer-yer-sis-bekleniyor-sicaklik-17-20-derece-dolaylarinda-olacak-brtk","status":"publish","type":"post","link":"https:\/\/kibrisayna.com\/index.php\/2025\/01\/06\/yarin-sabah-yer-yer-sis-bekleniyor-sicaklik-17-20-derece-dolaylarinda-olacak-brtk\/","title":{"rendered":"Yar\u0131n sabah yer yer sis bekleniyor\u2026 S\u0131cakl\u0131k 17-20 derece dolaylar\u0131nda olacak \u2013 BRTK"},"content":{"rendered":"<p> <br \/>\n<\/p>\n<div>\n<div class=\"mariselle-image-container center\">\n                <img loading=\"lazy\" decoding=\"async\" width=\"1280\" height=\"720\" class=\"lazy-image\" alt=\"\" sizes=\"auto, (max-width: 1280px) 100vw, 1280px\" src=\"https:\/\/brtk.net\/wp-content\/uploads\/2025\/01\/06\/1736170149247sis.jpg?ver=613760188d9fa481a10379db1c4fc526\" srcset=\"https:\/\/brtk.net\/wp-content\/uploads\/2025\/01\/06\/1736170149247sis.jpg?ver=613760188d9fa481a10379db1c4fc526 1280w, https:\/\/brtk.net\/wp-content\/uploads\/2025\/01\/06\/1736170149247sis-300x169.jpg?ver=89a665aa5b812b20e8a5467920b381bc 300w, https:\/\/brtk.net\/wp-content\/uploads\/2025\/01\/06\/1736170149247sis-1024x576.jpg?ver=89a665aa5b812b20e8a5467920b381bc 1024w, https:\/\/brtk.net\/wp-content\/uploads\/2025\/01\/06\/1736170149247sis-768x432.jpg?ver=89a665aa5b812b20e8a5467920b381bc 768w\"\/>                            <\/div>\n<p>\u00dclkede yar\u0131n sabah yer yer sis bekleniyor. S\u0131cakl\u0131k 17-20 derece dolaylar\u0131nda seyredecek.<\/p>\n<p>Meteoroloji Dairesi\u2019nin son tahminlerine g\u00f6re, 7-13 Ocak tarihleri aras\u0131nda b\u00f6lge, periyodun ilk g\u00fcnleri y\u00fcksek bas\u0131n\u00e7 sistemi ile so\u011fuk ve nispeten nemli, di\u011fer g\u00fcnler ise al\u00e7ak bas\u0131n\u00e7 sistemi ile so\u011fuk ve nemli hava k\u00fctlesinin etkisi alt\u0131nda kalacak.<\/p>\n<p>Hava, yar\u0131n a\u00e7\u0131k ve az bulutlu, sabah saatleri yer yer sisli, di\u011fer g\u00fcnler par\u00e7al\u0131 bulutlu veya \u00e7ok bulutlu olacak.<\/p>\n<p>En y\u00fcksek hava s\u0131cakl\u0131\u011f\u0131 genellikle i\u00e7 kesimlerde ve sahillerde 17-20 derece dolaylar\u0131nda seyredecek.<\/p>\n<p>R\u00fczgar, kuzey ve do\u011fu y\u00f6nlerden hafif zaman zaman orta kuvvette esecek.<\/p>\n<\/p><\/div>\n<p><script async\n                    defer\n                    crossorigin=\"anonymous\"\n                    src=\"https:\/\/connect.facebook.net\/tr_TR\/sdk.js#xfbml=1&#038;version=v3.3\"\n            ><\/script><br \/>\n<br \/><br \/>\n<br \/><a href=\"https:\/\/brtk.net\/yarin-sabah-yer-yer-sis-bekleniyor-sicaklik-17-20-derece-dolaylarinda-olacak\/\">Kaynak BRT <\/a><\/p>\n","protected":false},"excerpt":{"rendered":"<p>\u00dclkede yar\u0131n sabah yer yer sis bekleniyor. S\u0131cakl\u0131k 17-20 derece dolaylar\u0131nda seyredecek. Meteoroloji Dairesi\u2019nin son tahminlerine g\u00f6re, 7-13 Ocak tarihleri aras\u0131nda b\u00f6lge, periyodun ilk g\u00fcnleri y\u00fcksek bas\u0131n\u00e7 sistemi ile so\u011fuk ve nispeten nemli, di\u011fer g\u00fcnler ise al\u00e7ak bas\u0131n\u00e7 sistemi ile so\u011fuk ve nemli hava k\u00fctlesinin etkisi alt\u0131nda kalacak. Hava, yar\u0131n a\u00e7\u0131k ve az bulutlu, sabah [&hellip;]<\/p>\n","protected":false},"author":908,"featured_media":15880,"comment_status":"open","ping_status":"open","sticky":false,"template":"","format":"standard","meta":{"_jetpack_memberships_contains_paid_content":false,"footnotes":"","jetpack_publicize_message":"","jetpack_publicize_feature_enabled":true,"jetpack_social_post_already_shared":true,"jetpack_social_options":{"image_generator_settings":{"template":"highway","default_image_id":0,"font":"","enabled":false},"version":2}},"categories":[253],"tags":[],"class_list":["post-15879","post","type-post","status-publish","format-standard","has-post-thumbnail","hentry","category-gundem"],"jetpack_publicize_connections":[],"jetpack_featured_media_url":"https:\/\/kibrisayna.com\/wp-content\/uploads\/2025\/01\/1736170149247sis.jpg","jetpack_sharing_enabled":true,"_links":{"self":[{"href":"https:\/\/kibrisayna.com\/index.php\/wp-json\/wp\/v2\/posts\/15879","targetHints":{"allow":["GET"]}}],"collection":[{"href":"https:\/\/kibrisayna.com\/index.php\/wp-json\/wp\/v2\/posts"}],"about":[{"href":"https:\/\/kibrisayna.com\/index.php\/wp-json\/wp\/v2\/types\/post"}],"author":[{"embeddable":true,"href":"https:\/\/kibrisayna.com\/index.php\/wp-json\/wp\/v2\/users\/908"}],"replies":[{"embeddable":true,"href":"https:\/\/kibrisayna.com\/index.php\/wp-json\/wp\/v2\/comments?post=15879"}],"version-history":[{"count":0,"href":"https:\/\/kibrisayna.com\/index.php\/wp-json\/wp\/v2\/posts\/15879\/revisions"}],"wp:featuredmedia":[{"embeddable":true,"href":"https:\/\/kibrisayna.com\/index.php\/wp-json\/wp\/v2\/media\/15880"}],"wp:attachment":[{"href":"https:\/\/kibrisayna.com\/index.php\/wp-json\/wp\/v2\/media?parent=15879"}],"wp:term":[{"taxonomy":"category","embeddable":true,"href":"https:\/\/kibrisayna.com\/index.php\/wp-json\/wp\/v2\/categories?post=15879"},{"taxonomy":"post_tag","embeddable":true,"href":"https:\/\/kibrisayna.com\/index.php\/wp-json\/wp\/v2\/tags?post=15879"}],"curies":[{"name":"wp","href":"https:\/\/api.w.org\/{rel}","templated":true}]}}