{"id":15871,"date":"2025-01-06T16:10:59","date_gmt":"2025-01-06T13:10:59","guid":{"rendered":"https:\/\/kibrisayna.com\/index.php\/2025\/01\/06\/ceza-degisiklik-yasa-onerisi-gorusuluyor-brtk\/"},"modified":"2025-01-06T16:10:59","modified_gmt":"2025-01-06T13:10:59","slug":"ceza-degisiklik-yasa-onerisi-gorusuluyor-brtk","status":"publish","type":"post","link":"https:\/\/kibrisayna.com\/index.php\/2025\/01\/06\/ceza-degisiklik-yasa-onerisi-gorusuluyor-brtk\/","title":{"rendered":"Ceza (De\u011fi\u015fiklik) Yasa \u00d6nerisi g\u00f6r\u00fc\u015f\u00fcl\u00fcyor \u2013 BRTK"},"content":{"rendered":"<p> <br \/>\n<\/p>\n<div>\n<div class=\"mariselle-image-container center\">\n                <img loading=\"lazy\" decoding=\"async\" width=\"1600\" height=\"1066\" class=\"lazy-image\" alt=\"\" sizes=\"auto, (max-width: 1600px) 100vw, 1600px\" src=\"https:\/\/brtk.net\/wp-content\/uploads\/2025\/01\/06\/1736159343972Meclis-foto-1-1.jpg?ver=bbb1f55a95f6425fa946df952700ccab\" srcset=\"https:\/\/brtk.net\/wp-content\/uploads\/2025\/01\/06\/1736159343972Meclis-foto-1-1.jpg?ver=bbb1f55a95f6425fa946df952700ccab 1600w, https:\/\/brtk.net\/wp-content\/uploads\/2025\/01\/06\/1736159343972Meclis-foto-1-1-300x200.jpg?ver=6abb9c11b05ccfe95850f34ca99e507c 300w, https:\/\/brtk.net\/wp-content\/uploads\/2025\/01\/06\/1736159343972Meclis-foto-1-1-1024x682.jpg?ver=6abb9c11b05ccfe95850f34ca99e507c 1024w, https:\/\/brtk.net\/wp-content\/uploads\/2025\/01\/06\/1736159343972Meclis-foto-1-1-768x512.jpg?ver=a54e9c7225b06b09c920275b0a56f5aa 768w, https:\/\/brtk.net\/wp-content\/uploads\/2025\/01\/06\/1736159343972Meclis-foto-1-1-1536x1023.jpg?ver=a54e9c7225b06b09c920275b0a56f5aa 1536w\"\/>                            <\/div>\n<p>\nCumhuriyet Meclisi Genel Kurulu\u2019nda, Ceza (De\u011fi\u015fiklik) Yasa \u00d6nerisi g\u00f6r\u00fc\u015f\u00fcl\u00fcyor.<\/p>\n<p>Genel Kurul\u2019da, Hukuk, Siyasi \u0130\u015fler, D\u0131\u015fili\u015fkiler ve Savunma Komitesi Ba\u015fkan\u0131 Yasemi \u00d6zt\u00fcrk, yasa \u00f6nerisine ili\u015fkin komite raporunu okudu.<\/p>\n<p>\u00d6zt\u00fcrk, raporu okumas\u0131n\u0131n ard\u0131ndan yapt\u0131\u011f\u0131 konu\u015fmada, hayvanlar\u0131 korumak ve bakman\u0131n herkesin g\u00f6revi oldu\u011funu vurgulad\u0131. \u201cMevcut yasada hayvanlar\u0131n e\u015fya stat\u00fcs\u00fcnde oldu\u011funu ancak yeni \u00f6neriyle art\u0131k canl\u0131 stat\u00fcs\u00fcne konuldu\u011funu\u201d belirten \u00d6zt\u00fcrk, yap\u0131lan de\u011fi\u015fikliklerle ilgili bilgi verdi, katk\u0131 koyanlara te\u015fekk\u00fcr etti.<\/p>\n<p>Sonras\u0131nda CTP Milletvekili \u00dcr\u00fcn Solyal\u0131 s\u00f6z ald\u0131.<\/p>\n<p>Ceza (De\u011fi\u015fiklik) Yasa \u00d6nerisi ile ilgili katk\u0131 koyanlar\u0131 sayan ve te\u015fekk\u00fcr eden Solyal\u0131, Ceza Yasas\u0131\u2019nda temel amac\u0131n birilerini cezaland\u0131rmak olmad\u0131\u011f\u0131n\u0131 belirtti.<\/p>\n<p>\u00dclkede g\u00f6zden ka\u00e7\u0131r\u0131lmamas\u0131 gereken b\u00fcy\u00fck olaylar ya\u015fand\u0131\u011f\u0131n\u0131 s\u00f6yleyen Solyal\u0131, hayvanlara y\u00f6nelik cinayet ve eziyetleri uygulayanlara ceza uygulanmas\u0131 gerekti\u011fini vurgulad\u0131.<\/p>\n<p>\u201cHayvanlar\u0131 mal kapsam\u0131ndan canl\u0131 kapsam\u0131na almak en b\u00fcy\u00fck amac\u0131m\u0131z olmu\u015ftur.\u201d diyen Solyal\u0131, devletin hayvanlar\u0131 g\u00f6zden \u00e7\u0131karm\u0131\u015f durumda oldu\u011fu g\u00f6r\u00fc\u015f\u00fcn\u00fc  ifade etti.<\/p>\n<p>Veteriner Dairesi\u2019nin b\u00fcy\u00fck noksanl\u0131\u011f\u0131 oldu\u011fu, polisin bu konular\u0131 \u201ctali\u201d olaylar olarak g\u00f6rd\u00fc\u011f\u00fc gibi konulara de\u011finen Solyal\u0131, payda\u015flar aras\u0131ndaki koordinasyonun \u00f6nemine de de\u011findi.<\/p>\n<p>Tabanca ruhsatlar\u0131na i\u015faret ederek, \u00fclkede \u201ckontrols\u00fcz bir silahlanma\u201d oldu\u011funu \u00f6ne s\u00fcren Solyal\u0131, hayvana kar\u015f\u0131 i\u015flenecek su\u00e7lar kapsam\u0131nda bu silahlar\u0131n kullan\u0131labilece\u011fini kaydetti.<\/p>\n<p>\u201cBu yasa avc\u0131l\u0131kla, at\u0131c\u0131l\u0131kla, ha\u015fere ile m\u00fccadele ile ilgili de\u011fil.\u201d diyen Solyal\u0131, avc\u0131lar\u0131n av hayvan\u0131 d\u0131\u015f\u0131ndaki bir hayvan\u0131 \u00f6ld\u00fcrmesi, eziyet etmesi halinde bu yasa kapsam\u0131nda su\u00e7lu olaca\u011f\u0131n\u0131 aktard\u0131.<\/p>\n<p>\u201cTerk edilmekle\u201d ilgili de bir madde oldu\u011funu kaydeden Solyal\u0131, sahiplendi\u011fi hayvan\u0131 terk edenin 2 y\u0131la kadar, \u0131ss\u0131z bir yere terk edenin ise 4 y\u0131la kadar hapis cezas\u0131yla kar\u015f\u0131 kar\u015f\u0131ya kalabilece\u011fini anlatt\u0131.<\/p>\n<p>Solyal\u0131, yasa kapsam\u0131ndaki baz\u0131 su\u00e7lar ve cezalarla ilgili detaylar\u0131 da payla\u015ft\u0131.<\/p>\n<\/p><\/div>\n<p><script async\n                    defer\n                    crossorigin=\"anonymous\"\n                    src=\"https:\/\/connect.facebook.net\/tr_TR\/sdk.js#xfbml=1&#038;version=v3.3\"\n            ><\/script><br \/>\n<br \/><br \/>\n<br \/><a href=\"https:\/\/brtk.net\/ceza-degisiklik-yasa-onerisi-gorusuluyor\/\">Kaynak BRT <\/a><\/p>\n","protected":false},"excerpt":{"rendered":"<p>Cumhuriyet Meclisi Genel Kurulu\u2019nda, Ceza (De\u011fi\u015fiklik) Yasa \u00d6nerisi g\u00f6r\u00fc\u015f\u00fcl\u00fcyor. Genel Kurul\u2019da, Hukuk, Siyasi \u0130\u015fler, D\u0131\u015fili\u015fkiler ve Savunma Komitesi Ba\u015fkan\u0131 Yasemi \u00d6zt\u00fcrk, yasa \u00f6nerisine ili\u015fkin komite raporunu okudu. \u00d6zt\u00fcrk, raporu okumas\u0131n\u0131n ard\u0131ndan yapt\u0131\u011f\u0131 konu\u015fmada, hayvanlar\u0131 korumak ve bakman\u0131n herkesin g\u00f6revi oldu\u011funu vurgulad\u0131. \u201cMevcut yasada hayvanlar\u0131n e\u015fya stat\u00fcs\u00fcnde oldu\u011funu ancak yeni \u00f6neriyle art\u0131k canl\u0131 stat\u00fcs\u00fcne konuldu\u011funu\u201d belirten [&hellip;]<\/p>\n","protected":false},"author":908,"featured_media":15872,"comment_status":"open","ping_status":"open","sticky":false,"template":"","format":"standard","meta":{"_jetpack_memberships_contains_paid_content":false,"footnotes":"","jetpack_publicize_message":"","jetpack_publicize_feature_enabled":true,"jetpack_social_post_already_shared":true,"jetpack_social_options":{"image_generator_settings":{"template":"highway","default_image_id":0,"font":"","enabled":false},"version":2}},"categories":[253],"tags":[],"class_list":["post-15871","post","type-post","status-publish","format-standard","has-post-thumbnail","hentry","category-gundem"],"jetpack_publicize_connections":[],"jetpack_featured_media_url":"https:\/\/kibrisayna.com\/wp-content\/uploads\/2025\/01\/1736159343972Meclis-foto-1-1.jpg","jetpack_sharing_enabled":true,"_links":{"self":[{"href":"https:\/\/kibrisayna.com\/index.php\/wp-json\/wp\/v2\/posts\/15871","targetHints":{"allow":["GET"]}}],"collection":[{"href":"https:\/\/kibrisayna.com\/index.php\/wp-json\/wp\/v2\/posts"}],"about":[{"href":"https:\/\/kibrisayna.com\/index.php\/wp-json\/wp\/v2\/types\/post"}],"author":[{"embeddable":true,"href":"https:\/\/kibrisayna.com\/index.php\/wp-json\/wp\/v2\/users\/908"}],"replies":[{"embeddable":true,"href":"https:\/\/kibrisayna.com\/index.php\/wp-json\/wp\/v2\/comments?post=15871"}],"version-history":[{"count":0,"href":"https:\/\/kibrisayna.com\/index.php\/wp-json\/wp\/v2\/posts\/15871\/revisions"}],"wp:featuredmedia":[{"embeddable":true,"href":"https:\/\/kibrisayna.com\/index.php\/wp-json\/wp\/v2\/media\/15872"}],"wp:attachment":[{"href":"https:\/\/kibrisayna.com\/index.php\/wp-json\/wp\/v2\/media?parent=15871"}],"wp:term":[{"taxonomy":"category","embeddable":true,"href":"https:\/\/kibrisayna.com\/index.php\/wp-json\/wp\/v2\/categories?post=15871"},{"taxonomy":"post_tag","embeddable":true,"href":"https:\/\/kibrisayna.com\/index.php\/wp-json\/wp\/v2\/tags?post=15871"}],"curies":[{"name":"wp","href":"https:\/\/api.w.org\/{rel}","templated":true}]}}