{"id":15861,"date":"2025-01-06T15:13:19","date_gmt":"2025-01-06T12:13:19","guid":{"rendered":"https:\/\/kibrisayna.com\/index.php\/2025\/01\/06\/badmintonda-milli-takim-secmesi-brtk\/"},"modified":"2025-01-06T15:13:19","modified_gmt":"2025-01-06T12:13:19","slug":"badmintonda-milli-takim-secmesi-brtk","status":"publish","type":"post","link":"https:\/\/kibrisayna.com\/index.php\/2025\/01\/06\/badmintonda-milli-takim-secmesi-brtk\/","title":{"rendered":"Badmintonda Milli Tak\u0131m se\u00e7mesi \u2013 BRTK"},"content":{"rendered":"<p> <br \/>\n<\/p>\n<div>\n<div class=\"mariselle-image-container center\">\n                <img loading=\"lazy\" decoding=\"async\" width=\"1080\" height=\"720\" class=\"lazy-image\" alt=\"\" sizes=\"auto, (max-width: 1080px) 100vw, 1080px\" src=\"https:\/\/brtk.net\/wp-content\/uploads\/2025\/01\/06\/BADMINTON.jpeg?ver=1559368f58471fe5210edceaac806f35\" srcset=\"https:\/\/brtk.net\/wp-content\/uploads\/2025\/01\/06\/BADMINTON.jpeg?ver=1559368f58471fe5210edceaac806f35 1080w, https:\/\/brtk.net\/wp-content\/uploads\/2025\/01\/06\/BADMINTON-300x200.jpeg?ver=a0f1a7ce922ba8a342217d0208167315 300w, https:\/\/brtk.net\/wp-content\/uploads\/2025\/01\/06\/BADMINTON-1024x683.jpeg?ver=a0f1a7ce922ba8a342217d0208167315 1024w, https:\/\/brtk.net\/wp-content\/uploads\/2025\/01\/06\/BADMINTON-768x512.jpeg?ver=a0f1a7ce922ba8a342217d0208167315 768w\"\/>                            <\/div>\n<p>Badminton Federasyonu \u201cU15 Badminton \u015eampiyonas\u0131 Milli Tak\u0131m Se\u00e7mesi\u201d  d\u00fczenliyor.<\/p>\n<p>Federasyon, Milli Tak\u0131m se\u00e7me m\u00fccadelesinde 2024-2025 sezonu kul\u00fcp veya ferdi lisans\u0131na sahip 2011-2012-2013-2014 do\u011fumlu KKTC vatanda\u015f\u0131 sporcular\u0131n en fazla iki kategoride yar\u0131\u015fabilece\u011fini duyurdu. <\/p>\n<p>12 Ocak\u2019ta oynanacak U15 Badminton \u015eampiyonas\u0131 Milli Tak\u0131m Se\u00e7mesi i\u00e7in ba\u015fvurular 8 Ocak\u2019a kadar Federasyonun sosyal medya hesab\u0131ndan yap\u0131labilecek. <\/p>\n<p>M\u00fcsabakalar, Lefko\u015fa Atat\u00fcrk Spor Salonu\u2019nda yer alacak.<\/p>\n<\/p><\/div>\n<p><script async\n                    defer\n                    crossorigin=\"anonymous\"\n                    src=\"https:\/\/connect.facebook.net\/tr_TR\/sdk.js#xfbml=1&#038;version=v3.3\"\n            ><\/script><br \/>\n<br \/><br \/>\n<br \/><a href=\"https:\/\/brtk.net\/badmintonda-milli-takim-secmesi\/\">Kaynak BRT <\/a><\/p>\n","protected":false},"excerpt":{"rendered":"<p>Badminton Federasyonu \u201cU15 Badminton \u015eampiyonas\u0131 Milli Tak\u0131m Se\u00e7mesi\u201d d\u00fczenliyor. Federasyon, Milli Tak\u0131m se\u00e7me m\u00fccadelesinde 2024-2025 sezonu kul\u00fcp veya ferdi lisans\u0131na sahip 2011-2012-2013-2014 do\u011fumlu KKTC vatanda\u015f\u0131 sporcular\u0131n en fazla iki kategoride yar\u0131\u015fabilece\u011fini duyurdu. 12 Ocak\u2019ta oynanacak U15 Badminton \u015eampiyonas\u0131 Milli Tak\u0131m Se\u00e7mesi i\u00e7in ba\u015fvurular 8 Ocak\u2019a kadar Federasyonun sosyal medya hesab\u0131ndan yap\u0131labilecek. M\u00fcsabakalar, Lefko\u015fa Atat\u00fcrk Spor [&hellip;]<\/p>\n","protected":false},"author":908,"featured_media":15862,"comment_status":"open","ping_status":"open","sticky":false,"template":"","format":"standard","meta":{"_jetpack_memberships_contains_paid_content":false,"footnotes":"","jetpack_publicize_message":"","jetpack_publicize_feature_enabled":true,"jetpack_social_post_already_shared":true,"jetpack_social_options":{"image_generator_settings":{"template":"highway","default_image_id":0,"font":"","enabled":false},"version":2}},"categories":[9],"tags":[],"class_list":["post-15861","post","type-post","status-publish","format-standard","has-post-thumbnail","hentry","category-spor"],"jetpack_publicize_connections":[],"jetpack_featured_media_url":"https:\/\/kibrisayna.com\/wp-content\/uploads\/2025\/01\/BADMINTON.jpeg","jetpack_sharing_enabled":true,"_links":{"self":[{"href":"https:\/\/kibrisayna.com\/index.php\/wp-json\/wp\/v2\/posts\/15861","targetHints":{"allow":["GET"]}}],"collection":[{"href":"https:\/\/kibrisayna.com\/index.php\/wp-json\/wp\/v2\/posts"}],"about":[{"href":"https:\/\/kibrisayna.com\/index.php\/wp-json\/wp\/v2\/types\/post"}],"author":[{"embeddable":true,"href":"https:\/\/kibrisayna.com\/index.php\/wp-json\/wp\/v2\/users\/908"}],"replies":[{"embeddable":true,"href":"https:\/\/kibrisayna.com\/index.php\/wp-json\/wp\/v2\/comments?post=15861"}],"version-history":[{"count":0,"href":"https:\/\/kibrisayna.com\/index.php\/wp-json\/wp\/v2\/posts\/15861\/revisions"}],"wp:featuredmedia":[{"embeddable":true,"href":"https:\/\/kibrisayna.com\/index.php\/wp-json\/wp\/v2\/media\/15862"}],"wp:attachment":[{"href":"https:\/\/kibrisayna.com\/index.php\/wp-json\/wp\/v2\/media?parent=15861"}],"wp:term":[{"taxonomy":"category","embeddable":true,"href":"https:\/\/kibrisayna.com\/index.php\/wp-json\/wp\/v2\/categories?post=15861"},{"taxonomy":"post_tag","embeddable":true,"href":"https:\/\/kibrisayna.com\/index.php\/wp-json\/wp\/v2\/tags?post=15861"}],"curies":[{"name":"wp","href":"https:\/\/api.w.org\/{rel}","templated":true}]}}