{"id":15859,"date":"2025-01-06T14:55:29","date_gmt":"2025-01-06T11:55:29","guid":{"rendered":"https:\/\/kibrisayna.com\/index.php\/2025\/01\/06\/meclis-genel-kurul-toplantisi-yapiliyor-yasa-gucunde-kararname-konusu-tartisiliyor-brtk\/"},"modified":"2025-01-06T14:55:29","modified_gmt":"2025-01-06T11:55:29","slug":"meclis-genel-kurul-toplantisi-yapiliyor-yasa-gucunde-kararname-konusu-tartisiliyor-brtk","status":"publish","type":"post","link":"https:\/\/kibrisayna.com\/index.php\/2025\/01\/06\/meclis-genel-kurul-toplantisi-yapiliyor-yasa-gucunde-kararname-konusu-tartisiliyor-brtk\/","title":{"rendered":"Meclis Genel Kurul toplant\u0131s\u0131 yap\u0131l\u0131yor\u2026 Yasa g\u00fcc\u00fcnde kararname konusu tart\u0131\u015f\u0131l\u0131yor \u2013 BRTK"},"content":{"rendered":"<p> <br \/>\n<\/p>\n<div>\n<div class=\"mariselle-image-container center\">\n                <img loading=\"lazy\" decoding=\"async\" width=\"1600\" height=\"1066\" class=\"lazy-image\" alt=\"\" sizes=\"auto, (max-width: 1600px) 100vw, 1600px\" src=\"https:\/\/brtk.net\/wp-content\/uploads\/2025\/01\/06\/1736162754721meclis-foto-2-1.jpg?ver=411f52429280c72cfd4d1e45009e207a\" srcset=\"https:\/\/brtk.net\/wp-content\/uploads\/2025\/01\/06\/1736162754721meclis-foto-2-1.jpg?ver=411f52429280c72cfd4d1e45009e207a 1600w, https:\/\/brtk.net\/wp-content\/uploads\/2025\/01\/06\/1736162754721meclis-foto-2-1-300x200.jpg?ver=2f324cedee1a495832ca275b15106d00 300w, https:\/\/brtk.net\/wp-content\/uploads\/2025\/01\/06\/1736162754721meclis-foto-2-1-1024x682.jpg?ver=2f324cedee1a495832ca275b15106d00 1024w, https:\/\/brtk.net\/wp-content\/uploads\/2025\/01\/06\/1736162754721meclis-foto-2-1-768x512.jpg?ver=2f324cedee1a495832ca275b15106d00 768w, https:\/\/brtk.net\/wp-content\/uploads\/2025\/01\/06\/1736162754721meclis-foto-2-1-1536x1023.jpg?ver=c6164b4d901f13caaace442147864539 1536w\"\/>                            <\/div>\n<p>\nCumhuriyet Meclisi Genel Kurulu, y\u0131l\u0131n ilk toplant\u0131s\u0131n\u0131 yap\u0131yor.<\/p>\n<p>Toplant\u0131da ilk olarak Ba\u015fkanl\u0131\u011f\u0131n Genel Kurula sunu\u015flar\u0131na yer verildi.<\/p>\n<p>Bu \u00e7er\u00e7evede, Toplu \u0130\u015f S\u00f6zle\u015fmesi Grev ve Referandum (De\u011fi\u015fiklik) Yasa Tasar\u0131s\u0131\u2019n\u0131 geri \u00e7eken tezkere okundu.<\/p>\n<p>Ard\u0131ndan CTP Genel Ba\u015fkan\u0131 Tufan Erh\u00fcrman 62. madde taht\u0131nda s\u00f6z ald\u0131.<\/p>\n<p>CTP Genel Ba\u015fkan\u0131 Tufan Erh\u00fcrman, 1 Ekim\u2019den bu g\u00fcne Bakanlar Kurulu karar\u0131 ile 21 tane yasa g\u00fcc\u00fcnde kararname \u00e7\u0131kt\u0131\u011f\u0131n\u0131 belirterek bunu \u201cgarabet\u201d olarak de\u011ferlendirdi.<\/p>\n<p>2024 genelinde 64 tane yasa g\u00fcc\u00fcnde kararname \u00e7\u0131kt\u0131\u011f\u0131n\u0131 da kaydeden Erh\u00fcrman, h\u00fck\u00fcmetin Meclis yokmu\u015f gibi, \u00fclkeyi yasa g\u00fcc\u00fcnde kararnamelerle y\u00f6netti\u011fini savundu.<\/p>\n<p>H\u00fck\u00fcmetin hayat pahal\u0131l\u0131\u011f\u0131 d\u00fczenlemesini yasa g\u00fcc\u00fcnde kararname ile yapmaya \u00e7al\u0131\u015ft\u0131\u011f\u0131n\u0131, yap\u0131lan KDV d\u00fczenlemesini bir g\u00fcn sonra geri \u00e7ekti\u011fini de anlatan Erh\u00fcrman, bir ay\u0131n i\u00e7inde gelen \u00fc\u00e7 yasa g\u00fcc\u00fcnde kararnamenin geri \u00e7ekildi\u011fini s\u00f6yledi, \u201cMaskaral\u0131\u011fa \u00e7evirdiniz her\u015feyi.\u201d dedi.<\/p>\n<p>YDP\u2019nin \u201ch\u00fck\u00fcmetten \u00e7ekilme\u201d konusundaki tavsiye karar\u0131n\u0131 da de\u011ferlendiren Erh\u00fcrman, UBP\u2019nin bu konuda ses \u00e7\u0131karmamas\u0131n\u0131 ele\u015ftirdi.<\/p>\n<p>15 Ocak\u2019a kadar itiraz edenlere vergide af getirilmesi karar\u0131na i\u015faret eden Erh\u00fcrman, itiraz eden i\u015f insanlar\u0131na af getirilmesini \u201csa\u00e7ma\u201d olarak niteledi.<\/p>\n<p>K\u0131b-Tek\u2019te yasa g\u00fcc\u00fcnde kararname ile bir af daha getirildi\u011fini de s\u00f6yleyen Erh\u00fcrman, \u201cKa\u00e7\u0131nc\u0131?\u201d diye sordu, \u201cadrese teslim af\u201d diye de\u011ferlendirdi. 675 TL elektrik borcu olan\u0131n yar\u0131n elektri\u011finin kesilece\u011fini belirten Erh\u00fcrman, binlerce TL borcu olan baz\u0131lar\u0131na af getirilmesini ele\u015ftirdi.<\/p>\n<p>\u201cHer taraf allem gallem.\u201d diyen  Erh\u00fcrman, Ba\u015fbakan \u00dcnal \u00dcstel\u2019in bir a\u00e7\u0131klamas\u0131nda hayat pahal\u0131l\u0131\u011f\u0131 rakam\u0131n\u0131 yanl\u0131\u015f vermesi konusunda da konu\u015ftu. Erh\u00fcrman, ele\u015ftirilerine Ba\u015fbakan \u00dcnal \u00dcstel\u2019in yan\u0131t vermesini istedi.<\/p>\n<p>\u201cYaratt\u0131\u011f\u0131n\u0131z sadece ki\u015fisel \u00e7\u0131karlar pe\u015finde ko\u015fan bir yap\u0131d\u0131r.\u201d diyen Erh\u00fcrman, CTP iktidara gelirse Meclisi Meclis gibi y\u00f6netece\u011fini, yasa g\u00fcc\u00fcnde kararname ile y\u00f6netmeyece\u011fini de ekledi.<br \/>Ba\u015fbakan \u00dcnal \u00dcstel, Erh\u00fcrman\u2019a yan\u0131t vermek \u00fczere s\u00f6z ald\u0131.<\/p>\n<p>H\u00fck\u00fcmet kuruldu\u011fu g\u00fcnden beridir yapt\u0131klar\u0131n\u0131n ortada oldu\u011funu kaydeden \u00dcstel, Ercan Havaliman\u0131\u2019n\u0131 a\u00e7t\u0131klar\u0131n\u0131, bir\u00e7ok yollar\u0131 tamamlad\u0131klar\u0131n\u0131 belirtti.<\/p>\n<p>\u201cAsgari \u00fccreti kim bu kadar art\u0131rabildi?\u201d diye soran \u00dcstel, acil ihtiya\u00e7 olmas\u0131 halinde yasa g\u00fcc\u00fcnde kararname de yapacaklar\u0131n\u0131 s\u00f6yledi.<\/p>\n<p>Yapt\u0131klar\u0131 ile \u00f6v\u00fcnd\u00fcklerini s\u00f6yleyen \u00dcstel, Lefko\u015fa \u00c7evre yolunu bitirip G\u00fczelyurt yoluna ba\u011flayacaklar\u0131n\u0131 belirtti.<\/p>\n<p>G\u00fczelyurt Hastanesi\u2019nin de yap\u0131m\u0131na ba\u015flanaca\u011f\u0131n\u0131 s\u00f6yleyen \u00dcstel, KDV\u2019lerin s\u0131f\u0131ra indirilmesinin de UBP h\u00fck\u00fcmeti d\u00f6neminde yap\u0131ld\u0131\u011f\u0131n\u0131 belirtti.<\/p>\n<p>Hayat Pahal\u0131l\u0131\u011f\u0131 konusunun sendikalarla g\u00f6r\u00fc\u015f\u00fclerek ask\u0131ya al\u0131nd\u0131\u011f\u0131n\u0131 ve tekrardan de\u011ferlendirilece\u011fini belirten \u00dcstel, Haspolat kap\u0131s\u0131n\u0131 a\u00e7ma giri\u015fimini ba\u015flatacaklar\u0131n\u0131 s\u00f6yledi.<\/p>\n<p>Ertu\u011frulo\u011flu\u2019nun kap\u0131 a\u00e7\u0131lmas\u0131na kar\u015f\u0131 oldu\u011funun s\u00f6ylenmesi \u00fczerine \u00dcstel, \u201cBu onun \u015fahsi g\u00f6r\u00fc\u015f\u00fcd\u00fcr.\u201d dedi.<\/p>\n<p>Ard\u0131ndan CTP Genel Ba\u015fkan\u0131 Tufan Erh\u00fcrman yeniden s\u00f6z ald\u0131. Bu esnada Maliye Bakan\u0131 \u00d6zdemir Berova yerinden s\u00f6z alarak, KDV ile ilgili d\u00fczenlemenin yasa g\u00fcc\u00fcnde kararname de\u011fil, t\u00fcz\u00fck oldu\u011funu belirtti, G\u00fcney K\u0131br\u0131s\u2019taki KDV d\u00fczenlemelerine ili\u015fkin baz\u0131 detaylar\u0131 payla\u015ft\u0131. Berova, vergi aff\u0131 ile ilgili d\u00fczenlemeye ili\u015fkin de bilgi verdi. 5 Ocak\u2019ta biten afta \u00e7ok itiraz oldu\u011funu belirten Berova, yap\u0131lmam\u0131\u015f itiraza bir hafta a\u00e7\u0131l\u0131m yapt\u0131klar\u0131n\u0131 kaydetti.<\/p>\n<p>Bunun \u00fczerine Erh\u00fcrman, 15\u2019ine kadar itiraz edecek olan\u0131n da af kapsam\u0131na al\u0131naca\u011f\u0131n\u0131 s\u00f6yledi.<\/p>\n<p>Ba\u015fbakana da yan\u0131t veren Erh\u00fcrman, bir h\u00fck\u00fcmetin marifetinin asgari \u00fccreti y\u00fckseltmek de\u011fil, al\u0131m g\u00fcc\u00fcn\u00fc y\u00fckseltmek oldu\u011funu vurgulad\u0131.<\/p>\n<p>\u00dcstel\u2019in Tahsin Ertu\u011frulo\u011flu\u2019nun kap\u0131larla ilgili g\u00f6r\u00fc\u015f\u00fcne \u201cBu onun \u015fahsi g\u00f6r\u00fc\u015f\u00fcd\u00fcr.\u201d demesini de ele\u015ftiren Erh\u00fcrman, Tahsin Ertu\u011frulo\u011flu\u2019nun D\u0131\u015fi\u015fleri Bakan\u0131 oldu\u011funu kaydetti.<\/p>\n<p>YDP Ba\u015fkan\u0131 Erhan Ar\u0131kl\u0131\u2019n\u0131n \u00dcnal \u00dcstel ile ileti\u015fim kuramad\u0131\u011f\u0131 y\u00f6n\u00fcndeki a\u00e7\u0131klamalar\u0131na de\u011finen Erh\u00fcrman, Ar\u0131kl\u0131\u2019n\u0131n \u201cvatanda\u015fl\u0131k\u201d konusundaki a\u00e7\u0131klamalar\u0131n\u0131 da ele\u015ftirdi.<\/p>\n<\/p><\/div>\n<p><script async\n                    defer\n                    crossorigin=\"anonymous\"\n                    src=\"https:\/\/connect.facebook.net\/tr_TR\/sdk.js#xfbml=1&#038;version=v3.3\"\n            ><\/script><br \/>\n<br \/><br \/>\n<br \/><a href=\"https:\/\/brtk.net\/meclis-genel-kurul-toplantisi-yapiliyor-yasa-gucunde-kararname-konusu-tartisiliyor\/\">Kaynak BRT <\/a><\/p>\n","protected":false},"excerpt":{"rendered":"<p>Cumhuriyet Meclisi Genel Kurulu, y\u0131l\u0131n ilk toplant\u0131s\u0131n\u0131 yap\u0131yor. Toplant\u0131da ilk olarak Ba\u015fkanl\u0131\u011f\u0131n Genel Kurula sunu\u015flar\u0131na yer verildi. Bu \u00e7er\u00e7evede, Toplu \u0130\u015f S\u00f6zle\u015fmesi Grev ve Referandum (De\u011fi\u015fiklik) Yasa Tasar\u0131s\u0131\u2019n\u0131 geri \u00e7eken tezkere okundu. Ard\u0131ndan CTP Genel Ba\u015fkan\u0131 Tufan Erh\u00fcrman 62. madde taht\u0131nda s\u00f6z ald\u0131. CTP Genel Ba\u015fkan\u0131 Tufan Erh\u00fcrman, 1 Ekim\u2019den bu g\u00fcne Bakanlar Kurulu karar\u0131 [&hellip;]<\/p>\n","protected":false},"author":908,"featured_media":15860,"comment_status":"open","ping_status":"open","sticky":false,"template":"","format":"standard","meta":{"_jetpack_memberships_contains_paid_content":false,"footnotes":"","jetpack_publicize_message":"","jetpack_publicize_feature_enabled":true,"jetpack_social_post_already_shared":true,"jetpack_social_options":{"image_generator_settings":{"template":"highway","default_image_id":0,"font":"","enabled":false},"version":2}},"categories":[253],"tags":[],"class_list":["post-15859","post","type-post","status-publish","format-standard","has-post-thumbnail","hentry","category-gundem"],"jetpack_publicize_connections":[],"jetpack_featured_media_url":"https:\/\/kibrisayna.com\/wp-content\/uploads\/2025\/01\/1736162754721meclis-foto-2-1.jpg","jetpack_sharing_enabled":true,"_links":{"self":[{"href":"https:\/\/kibrisayna.com\/index.php\/wp-json\/wp\/v2\/posts\/15859","targetHints":{"allow":["GET"]}}],"collection":[{"href":"https:\/\/kibrisayna.com\/index.php\/wp-json\/wp\/v2\/posts"}],"about":[{"href":"https:\/\/kibrisayna.com\/index.php\/wp-json\/wp\/v2\/types\/post"}],"author":[{"embeddable":true,"href":"https:\/\/kibrisayna.com\/index.php\/wp-json\/wp\/v2\/users\/908"}],"replies":[{"embeddable":true,"href":"https:\/\/kibrisayna.com\/index.php\/wp-json\/wp\/v2\/comments?post=15859"}],"version-history":[{"count":0,"href":"https:\/\/kibrisayna.com\/index.php\/wp-json\/wp\/v2\/posts\/15859\/revisions"}],"wp:featuredmedia":[{"embeddable":true,"href":"https:\/\/kibrisayna.com\/index.php\/wp-json\/wp\/v2\/media\/15860"}],"wp:attachment":[{"href":"https:\/\/kibrisayna.com\/index.php\/wp-json\/wp\/v2\/media?parent=15859"}],"wp:term":[{"taxonomy":"category","embeddable":true,"href":"https:\/\/kibrisayna.com\/index.php\/wp-json\/wp\/v2\/categories?post=15859"},{"taxonomy":"post_tag","embeddable":true,"href":"https:\/\/kibrisayna.com\/index.php\/wp-json\/wp\/v2\/tags?post=15859"}],"curies":[{"name":"wp","href":"https:\/\/api.w.org\/{rel}","templated":true}]}}