{"id":15851,"date":"2025-01-06T13:46:29","date_gmt":"2025-01-06T10:46:29","guid":{"rendered":"https:\/\/kibrisayna.com\/index.php\/2025\/01\/06\/erenkoy-mucadelesinin-belgesellesmesini-istiyoruz-brtk\/"},"modified":"2025-01-06T13:46:29","modified_gmt":"2025-01-06T10:46:29","slug":"erenkoy-mucadelesinin-belgesellesmesini-istiyoruz-brtk","status":"publish","type":"post","link":"https:\/\/kibrisayna.com\/index.php\/2025\/01\/06\/erenkoy-mucadelesinin-belgesellesmesini-istiyoruz-brtk\/","title":{"rendered":"Erenk\u00f6y M\u00fccadelesi\u2019nin belgeselle\u015fmesini istiyoruz \u2013 BRTK"},"content":{"rendered":"<p> <br \/>\n<\/p>\n<div>\n<div class=\"mariselle-image-container center\">\n                <img loading=\"lazy\" decoding=\"async\" width=\"1600\" height=\"800\" class=\"lazy-image\" alt=\"\" sizes=\"auto, (max-width: 1600px) 100vw, 1600px\" src=\"https:\/\/brtk.net\/wp-content\/uploads\/2025\/01\/06\/cccccccccccccccccccccc.jpg?ver=caf1fc06a8fc4f709eacf665a649095d\" srcset=\"https:\/\/brtk.net\/wp-content\/uploads\/2025\/01\/06\/cccccccccccccccccccccc.jpg?ver=caf1fc06a8fc4f709eacf665a649095d 1600w, https:\/\/brtk.net\/wp-content\/uploads\/2025\/01\/06\/cccccccccccccccccccccc-300x150.jpg?ver=caf1fc06a8fc4f709eacf665a649095d 300w, https:\/\/brtk.net\/wp-content\/uploads\/2025\/01\/06\/cccccccccccccccccccccc-1024x512.jpg?ver=caf1fc06a8fc4f709eacf665a649095d 1024w, https:\/\/brtk.net\/wp-content\/uploads\/2025\/01\/06\/cccccccccccccccccccccc-768x384.jpg?ver=3edc8f87759bdce9f95f2e68505c398c 768w, https:\/\/brtk.net\/wp-content\/uploads\/2025\/01\/06\/cccccccccccccccccccccc-1536x768.jpg?ver=3edc8f87759bdce9f95f2e68505c398c 1536w, https:\/\/brtk.net\/wp-content\/uploads\/2025\/01\/06\/cccccccccccccccccccccc-720x360.jpg?ver=34f408d38e243145c04d4ace5a425850 720w\"\/>                            <\/div>\n<p>Erenk\u00f6y M\u00fccahitler Derne\u011fi Ba\u015fkan\u0131 Ahmet Y\u0131ld\u0131r\u0131m ve beraberindeki dernek y\u00f6netim Kurulu \u00fcyeleri Bayrak Radyo Televizyon Kurumu M\u00fcd\u00fcr\u00fc Meryem \u00d6zkurt\u2019u ziyaret etti. <\/p>\n<p>Ziyarette  BRT Y\u00f6netim Kurulu Ba\u015fkan\u0131 \u00d6zdemir Tokel de haz\u0131r bulundu. <\/p>\n<p>Dernek Ba\u015fkan\u0131 Y\u0131ld\u0131r\u0131m ziyarette kurum M\u00fcd\u00fcr\u00fc \u00d6zkurt\u2019tan,  Erenk\u00f6y m\u00fccadelesinin belgeselinin yap\u0131lmas\u0131 i\u00e7in destek istedi.<\/p>\n<p>\u201cErenk\u00f6y, K\u0131br\u0131s T\u00fcrk\u00fcn\u00fcn \u00c7anakkale\u2019sidir,, Kuzey K\u0131br\u0131s T\u00fcrk Cumhuriyeti\u2019nin  kurulu\u015funun mihenk ta\u015f\u0131d\u0131r,temel ta\u015f\u0131d\u0131r\u201d ifadelerini kullanan Y\u0131ld\u0131r\u0131m, Erenk\u00f6y m\u00fccadelesinin gelecek nesillere aktar\u0131lmas\u0131n\u0131n \u00f6nemine dikkat \u00e7ekti.<\/p>\n<p>Y\u0131ld\u0131r\u0131m \u201cBizler Erenk\u00f6y M\u00fccahitler Derne\u011fi Y\u00f6netim Kurulu olarak b\u00fcy\u00fck bir eksiklik hissetti\u011fimiz belgesel konusu i\u00e7in, sizlerin huzuruna gelmi\u015f bulunuyoruz. B\u00fcy\u00fck bir m\u00fccadele verildi. T\u00fcrk Mukavemet Te\u015fkilat\u0131 kuruldu\u011fundan bug\u00fcne ve ondan sonra Erenk\u00f6y direni\u015fleri oldu ve gelecek nesillere bunlar\u0131 aktarabilmemizi ve nereden nereye geldiklerini bilebilmeleri i\u00e7in sizlerle i\u015fbirli\u011fi yap\u0131p bir belgesel yapabilir miyiz konusunu g\u00f6r\u00fc\u015fmeye geldik. \u0130n\u015fallah ba\u015far\u0131r\u0131z\u201d dedi. <\/p>\n<p>BRT M\u00fcd\u00fcr\u00fc Meryem \u00d6zkurt da, Erenk\u00f6y m\u00fccadelesinin \u00f6nemine vurgu yaparak, Erenk\u00f6y m\u00fccadelesinin gelecek nesillere aktar\u0131lmas\u0131 i\u00e7in yapt\u0131klar\u0131 \u00e7al\u0131\u015fmalar\u0131 anlatt\u0131, daha detayl\u0131 bir belgesel  \u00e7al\u0131\u015fmas\u0131 i\u00e7in yeniden giri\u015fimde bulunacaklar\u0131n\u0131 kaydetti. <\/p>\n<div class=\"mariselle-image-container center\">\n                <img loading=\"lazy\" decoding=\"async\" width=\"1600\" height=\"829\" class=\"lazy-image\" alt=\"\" sizes=\"auto, (max-width: 1600px) 100vw, 1600px\" src=\"https:\/\/brtk.net\/wp-content\/uploads\/2025\/01\/06\/f08cb3c1-c548-4ff5-bb65-ab776b571f26.jpg?ver=2469ad04ca442423bb29200c4f81e640\" srcset=\"https:\/\/brtk.net\/wp-content\/uploads\/2025\/01\/06\/f08cb3c1-c548-4ff5-bb65-ab776b571f26.jpg?ver=2469ad04ca442423bb29200c4f81e640 1600w, https:\/\/brtk.net\/wp-content\/uploads\/2025\/01\/06\/f08cb3c1-c548-4ff5-bb65-ab776b571f26-300x155.jpg?ver=a211f18ef676681ff25220cb89540c0c 300w, https:\/\/brtk.net\/wp-content\/uploads\/2025\/01\/06\/f08cb3c1-c548-4ff5-bb65-ab776b571f26-1024x531.jpg?ver=00c604cd551f66279f274e4fe0af1f25 1024w, https:\/\/brtk.net\/wp-content\/uploads\/2025\/01\/06\/f08cb3c1-c548-4ff5-bb65-ab776b571f26-768x398.jpg?ver=00c604cd551f66279f274e4fe0af1f25 768w, https:\/\/brtk.net\/wp-content\/uploads\/2025\/01\/06\/f08cb3c1-c548-4ff5-bb65-ab776b571f26-1536x796.jpg?ver=43d88890f1f8389d9ada2d5c52ec4112 1536w\"\/>                            <\/div>\n<p>\u00d6zkurt \u201cBiz BRT olarak y\u0131llard\u0131r, sizin anlatt\u0131\u011f\u0131n\u0131z gibi,  o d\u00f6nemki kahramanl\u0131klar kay\u0131t alt\u0131na al\u0131nm\u0131\u015ft\u0131r. Ama say\u0131n ba\u015fkan\u0131n dedi\u011fi canland\u0131rma. O y\u00fczden canland\u0131rma i\u00e7erikli bir belgesel de bir sponsor e\u015fli\u011finde yap\u0131lmas\u0131 gerekir. Daha \u00f6nce de bir giri\u015fimimiz oldu, ba\u015famad\u0131k, in\u015fallah bu y\u0131l ba\u015far\u0131r\u0131z\u201d \u015feklinde konu\u015ftu. <\/p>\n<p>BRT Y\u00f6netim Kurulu Ba\u015fkan\u0131 Tokel de, Erenk\u00f6y\u2019deki destans\u0131 m\u00fccadelenin d\u00fczg\u00fcn bir anlat\u0131mla, yeni nesillere aktar\u0131lmas\u0131n\u0131n  son derece \u00f6nemli oldu\u011funu ifade etti.<\/p>\n<p>Tokel  \u201cBiz Say\u0131n M\u00fcd\u00fcr\u00fcm\u00fczle ger\u00e7ekle\u015ftirdi\u011fimiz toplant\u0131larda, Erenk\u00f6y ile alakal\u0131 bir belgeselin hayata ge\u00e7mesi i\u00e7in ilk ad\u0131mlar\u0131 atm\u0131\u015f bulunmaktay\u0131z. Bu noktada destek alabilece\u011fimiz en b\u00fcy\u00fck nokta sizsiniz, o g\u00fcnleri ya\u015fayan sizlerden faydalanarak K\u0131br\u0131s T\u00fcrk halk\u0131n\u0131n ger\u00e7eklerini yans\u0131tan bir belgesel \u00e7al\u0131\u015fmas\u0131 yapma noktas\u0131nda kararl\u0131l\u0131\u011f\u0131m\u0131z var. Ama \u00e7ok g\u00fczel i\u015flerin finansman kayna\u011f\u0131 da b\u00fcy\u00fck olur. Bu noktada Say\u0131n M\u00fcd\u00fcr\u00fcm\u00fcz\u00fcn Ankara ve \u0130stanbul\u2019da yap\u0131\u011f\u0131 temaslar ve TRT ge\u00e7mi\u015finin olmas\u0131, TRT ile k\u00f6pr\u00fclerin kurulmas\u0131nda bize \u00f6nemli katk\u0131lar sa\u011fl\u0131yor. Dolay\u0131s\u0131yla TRT\u2019nin belgesel i\u00e7 yap\u0131mlar b\u00f6l\u00fcmleriyle konuyu ele alm\u0131\u015f durumday\u0131z. Proje a\u015famas\u0131na geldi\u011finde, in\u015fallah sizlerle birlikte bu yolu y\u00fcr\u00fcyece\u011fiz\u201d \u015feklinde konu\u015ftu.<br \/>Derne\u011fin Y\u00f6netim Kurulu \u00fcyeleri de ziyarette s\u00f6z alarak nas\u0131l bir belgesel istediklerini anlatt\u0131lar.<\/p>\n<\/p><\/div>\n<p><script async\n                    defer\n                    crossorigin=\"anonymous\"\n                    src=\"https:\/\/connect.facebook.net\/tr_TR\/sdk.js#xfbml=1&#038;version=v3.3\"\n            ><\/script><br \/>\n<br \/><br \/>\n<br \/><a href=\"https:\/\/brtk.net\/erenkoy-mucahitler-dernegi-brtyi-ziyaret-etti-yilmaz-erenkoy-mucadelesinin-belgesellesmesini-istiyoruz\/\">Kaynak BRT <\/a><\/p>\n","protected":false},"excerpt":{"rendered":"<p>Erenk\u00f6y M\u00fccahitler Derne\u011fi Ba\u015fkan\u0131 Ahmet Y\u0131ld\u0131r\u0131m ve beraberindeki dernek y\u00f6netim Kurulu \u00fcyeleri Bayrak Radyo Televizyon Kurumu M\u00fcd\u00fcr\u00fc Meryem \u00d6zkurt\u2019u ziyaret etti. Ziyarette BRT Y\u00f6netim Kurulu Ba\u015fkan\u0131 \u00d6zdemir Tokel de haz\u0131r bulundu. Dernek Ba\u015fkan\u0131 Y\u0131ld\u0131r\u0131m ziyarette kurum M\u00fcd\u00fcr\u00fc \u00d6zkurt\u2019tan, Erenk\u00f6y m\u00fccadelesinin belgeselinin yap\u0131lmas\u0131 i\u00e7in destek istedi. \u201cErenk\u00f6y, K\u0131br\u0131s T\u00fcrk\u00fcn\u00fcn \u00c7anakkale\u2019sidir,, Kuzey K\u0131br\u0131s T\u00fcrk Cumhuriyeti\u2019nin kurulu\u015funun mihenk [&hellip;]<\/p>\n","protected":false},"author":908,"featured_media":15852,"comment_status":"open","ping_status":"open","sticky":false,"template":"","format":"standard","meta":{"_jetpack_memberships_contains_paid_content":false,"footnotes":"","jetpack_publicize_message":"","jetpack_publicize_feature_enabled":true,"jetpack_social_post_already_shared":true,"jetpack_social_options":{"image_generator_settings":{"template":"highway","default_image_id":0,"font":"","enabled":false},"version":2}},"categories":[253],"tags":[],"class_list":["post-15851","post","type-post","status-publish","format-standard","has-post-thumbnail","hentry","category-gundem"],"jetpack_publicize_connections":[],"jetpack_featured_media_url":"https:\/\/kibrisayna.com\/wp-content\/uploads\/2025\/01\/f08cb3c1-c548-4ff5-bb65-ab776b571f26.jpg","jetpack_sharing_enabled":true,"_links":{"self":[{"href":"https:\/\/kibrisayna.com\/index.php\/wp-json\/wp\/v2\/posts\/15851","targetHints":{"allow":["GET"]}}],"collection":[{"href":"https:\/\/kibrisayna.com\/index.php\/wp-json\/wp\/v2\/posts"}],"about":[{"href":"https:\/\/kibrisayna.com\/index.php\/wp-json\/wp\/v2\/types\/post"}],"author":[{"embeddable":true,"href":"https:\/\/kibrisayna.com\/index.php\/wp-json\/wp\/v2\/users\/908"}],"replies":[{"embeddable":true,"href":"https:\/\/kibrisayna.com\/index.php\/wp-json\/wp\/v2\/comments?post=15851"}],"version-history":[{"count":0,"href":"https:\/\/kibrisayna.com\/index.php\/wp-json\/wp\/v2\/posts\/15851\/revisions"}],"wp:featuredmedia":[{"embeddable":true,"href":"https:\/\/kibrisayna.com\/index.php\/wp-json\/wp\/v2\/media\/15852"}],"wp:attachment":[{"href":"https:\/\/kibrisayna.com\/index.php\/wp-json\/wp\/v2\/media?parent=15851"}],"wp:term":[{"taxonomy":"category","embeddable":true,"href":"https:\/\/kibrisayna.com\/index.php\/wp-json\/wp\/v2\/categories?post=15851"},{"taxonomy":"post_tag","embeddable":true,"href":"https:\/\/kibrisayna.com\/index.php\/wp-json\/wp\/v2\/tags?post=15851"}],"curies":[{"name":"wp","href":"https:\/\/api.w.org\/{rel}","templated":true}]}}