{"id":15847,"date":"2025-01-06T13:24:56","date_gmt":"2025-01-06T10:24:56","guid":{"rendered":"https:\/\/kibrisayna.com\/index.php\/2025\/01\/06\/toplumcu-demokrasi-partisi-cumhurbaskani-secimine-yonelik-kararini-bu-aksam-veriyor-brtk\/"},"modified":"2025-01-06T13:24:56","modified_gmt":"2025-01-06T10:24:56","slug":"toplumcu-demokrasi-partisi-cumhurbaskani-secimine-yonelik-kararini-bu-aksam-veriyor-brtk","status":"publish","type":"post","link":"https:\/\/kibrisayna.com\/index.php\/2025\/01\/06\/toplumcu-demokrasi-partisi-cumhurbaskani-secimine-yonelik-kararini-bu-aksam-veriyor-brtk\/","title":{"rendered":"Toplumcu Demokrasi Partisi Cumhurba\u015fkan\u0131 se\u00e7imine y\u00f6nelik karar\u0131n\u0131 bu ak\u015fam veriyor \u2013 BRTK"},"content":{"rendered":"<p> <br \/>\n<\/p>\n<div>\n<div class=\"mariselle-image-container center\">\n                <img loading=\"lazy\" decoding=\"async\" width=\"1478\" height=\"581\" class=\"lazy-image\" alt=\"\" sizes=\"auto, (max-width: 1478px) 100vw, 1478px\" src=\"https:\/\/brtk.net\/wp-content\/uploads\/2025\/01\/06\/zkk.jpg?ver=044f664625f94ad0d9be279350e049f7\" srcset=\"https:\/\/brtk.net\/wp-content\/uploads\/2025\/01\/06\/zkk.jpg?ver=044f664625f94ad0d9be279350e049f7 1478w, https:\/\/brtk.net\/wp-content\/uploads\/2025\/01\/06\/zkk-300x118.jpg?ver=044f664625f94ad0d9be279350e049f7 300w, https:\/\/brtk.net\/wp-content\/uploads\/2025\/01\/06\/zkk-1024x403.jpg?ver=044f664625f94ad0d9be279350e049f7 1024w, https:\/\/brtk.net\/wp-content\/uploads\/2025\/01\/06\/zkk-768x302.jpg?ver=044f664625f94ad0d9be279350e049f7 768w\"\/>                            <\/div>\n<p>\u00a0<\/p>\n<p>Toplumcu Demokrasi Partisi  (TDP) Genel Ba\u015fkan\u0131 Zeki \u00c7eler, bu ak\u015fam Cumhurba\u015fkanl\u0131\u011f\u0131 se\u00e7imleri konusuyla hem Merkez Y\u00f6netim Kurulu hem de Parti Meclisi\u00a0 (PM) toplant\u0131s\u0131 yap\u0131laca\u011f\u0131n\u0131 s\u00f6yleyerek, D\u00f6rd\u00fcnc\u00fc Cumhurba\u015fkan\u0131 Mustafa Ak\u0131nc\u0131\u2019n\u0131n da PM toplant\u0131s\u0131na kat\u0131laca\u011f\u0131n\u0131 belirtti.<br \/>BRT\u2019de yay\u0131nlanan Man\u015fet+ program\u0131na kat\u0131lan \u00c7eler, Toplumcu Demokrasi Partisi\u2019nin 2025 yol haritas\u0131n\u0131n haz\u0131r oldu\u011funu, h\u00fck\u00fcmete talip ve erken se\u00e7im talep eden bir parti olarak her zaman da haz\u0131r olduklar\u0131n\u0131 s\u00f6yledi.<\/p>\n<p>\u00c7eler, \u201c\u0130lk g\u00fcnden beri h\u00fck\u00fcmetin bir par\u00e7as\u0131 olaca\u011f\u0131m\u0131z\u0131 her yerde dile getirdik, bu ba\u011flamda da \u00e7al\u0131\u015fmalar\u0131m\u0131z\u0131 h\u0131zland\u0131rd\u0131k ve manifestomuzu da haz\u0131rlamaya ba\u015flad\u0131k. Bu ak\u015fam da hem MYK hem de PM toplant\u0131m\u0131z olacak\u201d dedi.<\/p>\n<p>\u201cBu ak\u015fam yap\u0131lacak olan PM toplant\u0131s\u0131na 4. Cumhurba\u015fkan\u0131 Mustafa Ak\u0131nc\u0131\u2019n\u0131n da kat\u0131l\u0131m g\u00f6sterece\u011fi duyumlar\u0131n\u0131n\u201d sormas\u0131 \u00fczerine bu duyumu do\u011frulayan \u00c7eler, PM toplant\u0131s\u0131na Ak\u0131nc\u0131\u2019n\u0131n da kat\u0131l\u0131p, baz\u0131 konularda isti\u015fare edeceklerini kaydetti.<br \/>\u00c7eler, \u201cParti Meclisi\u2019nin talebiydi bu kat\u0131l\u0131m. \u00d6nemli konularda kendisiyle isti\u015fare edilmesi parti i\u00e7in \u00f6nemliydi. Ben de kendisiyle g\u00f6r\u00fc\u015f\u00fcp bu talebi dile getirdim. Hem MYK hem PM toplant\u0131s\u0131nda Cumhurba\u015fkanl\u0131\u011f\u0131 se\u00e7imleri de konu\u015fulacak. Aday \u00e7\u0131kar\u0131p \u00e7\u0131karmama ve nas\u0131l tav\u0131r al\u0131naca\u011f\u0131 konular\u0131nda karara var\u0131lacak\u201d dedi.<\/p>\n<p>TDP\u2019nin Cumhurba\u015fkanl\u0131\u011f\u0131 se\u00e7imleriyle ile ilgili net karar\u0131n\u0131 PM toplant\u0131s\u0131nda verece\u011fini belirten \u00c7eler, bug\u00fcne kadar kendileriyle herhangi bir resmi isti\u015fare de yap\u0131lmad\u0131\u011f\u0131na dikkat \u00e7ekti, \u201cPM aday \u00e7\u0131kar\u0131p \u00e7\u0131karmama konusuyla ilgili karar\u0131n\u0131 verecek\u201d dedi.<\/p>\n<p><iframe loading=\"lazy\" title=\"Man\u015fet + 06.01.2025\" width=\"779\" height=\"438\" src=\"https:\/\/www.youtube.com\/embed\/Su2zzCaEQ5k?feature=oembed\" frameborder=\"0\" allow=\"accelerometer; autoplay; clipboard-write; encrypted-media; gyroscope; picture-in-picture; web-share\" referrerpolicy=\"strict-origin-when-cross-origin\" allowfullscreen><\/iframe><\/p>\n<\/p><\/div>\n<p><script async\n                    defer\n                    crossorigin=\"anonymous\"\n                    src=\"https:\/\/connect.facebook.net\/tr_TR\/sdk.js#xfbml=1&#038;version=v3.3\"\n            ><\/script><br \/>\n<br \/><br \/>\n<br \/><a href=\"https:\/\/brtk.net\/toplumcu-demokrasi-partisi-cumhurbaskani-secimine-yonelik-kararini-bu-aksam-veriyor\/\">Kaynak BRT <\/a><\/p>\n","protected":false},"excerpt":{"rendered":"<p>\u00a0 Toplumcu Demokrasi Partisi (TDP) Genel Ba\u015fkan\u0131 Zeki \u00c7eler, bu ak\u015fam Cumhurba\u015fkanl\u0131\u011f\u0131 se\u00e7imleri konusuyla hem Merkez Y\u00f6netim Kurulu hem de Parti Meclisi\u00a0 (PM) toplant\u0131s\u0131 yap\u0131laca\u011f\u0131n\u0131 s\u00f6yleyerek, D\u00f6rd\u00fcnc\u00fc Cumhurba\u015fkan\u0131 Mustafa Ak\u0131nc\u0131\u2019n\u0131n da PM toplant\u0131s\u0131na kat\u0131laca\u011f\u0131n\u0131 belirtti.BRT\u2019de yay\u0131nlanan Man\u015fet+ program\u0131na kat\u0131lan \u00c7eler, Toplumcu Demokrasi Partisi\u2019nin 2025 yol haritas\u0131n\u0131n haz\u0131r oldu\u011funu, h\u00fck\u00fcmete talip ve erken se\u00e7im talep eden [&hellip;]<\/p>\n","protected":false},"author":908,"featured_media":15848,"comment_status":"open","ping_status":"open","sticky":false,"template":"","format":"standard","meta":{"_jetpack_memberships_contains_paid_content":false,"footnotes":"","jetpack_publicize_message":"","jetpack_publicize_feature_enabled":true,"jetpack_social_post_already_shared":true,"jetpack_social_options":{"image_generator_settings":{"template":"highway","default_image_id":0,"font":"","enabled":false},"version":2}},"categories":[253],"tags":[],"class_list":["post-15847","post","type-post","status-publish","format-standard","has-post-thumbnail","hentry","category-gundem"],"jetpack_publicize_connections":[],"jetpack_featured_media_url":"https:\/\/kibrisayna.com\/wp-content\/uploads\/2025\/01\/zkk.jpg","jetpack_sharing_enabled":true,"_links":{"self":[{"href":"https:\/\/kibrisayna.com\/index.php\/wp-json\/wp\/v2\/posts\/15847","targetHints":{"allow":["GET"]}}],"collection":[{"href":"https:\/\/kibrisayna.com\/index.php\/wp-json\/wp\/v2\/posts"}],"about":[{"href":"https:\/\/kibrisayna.com\/index.php\/wp-json\/wp\/v2\/types\/post"}],"author":[{"embeddable":true,"href":"https:\/\/kibrisayna.com\/index.php\/wp-json\/wp\/v2\/users\/908"}],"replies":[{"embeddable":true,"href":"https:\/\/kibrisayna.com\/index.php\/wp-json\/wp\/v2\/comments?post=15847"}],"version-history":[{"count":0,"href":"https:\/\/kibrisayna.com\/index.php\/wp-json\/wp\/v2\/posts\/15847\/revisions"}],"wp:featuredmedia":[{"embeddable":true,"href":"https:\/\/kibrisayna.com\/index.php\/wp-json\/wp\/v2\/media\/15848"}],"wp:attachment":[{"href":"https:\/\/kibrisayna.com\/index.php\/wp-json\/wp\/v2\/media?parent=15847"}],"wp:term":[{"taxonomy":"category","embeddable":true,"href":"https:\/\/kibrisayna.com\/index.php\/wp-json\/wp\/v2\/categories?post=15847"},{"taxonomy":"post_tag","embeddable":true,"href":"https:\/\/kibrisayna.com\/index.php\/wp-json\/wp\/v2\/tags?post=15847"}],"curies":[{"name":"wp","href":"https:\/\/api.w.org\/{rel}","templated":true}]}}