{"id":15843,"date":"2025-01-06T12:56:53","date_gmt":"2025-01-06T09:56:53","guid":{"rendered":"https:\/\/kibrisayna.com\/index.php\/2025\/01\/06\/ehliyet-almak-cep-yakacak-her-kaleme-zam-geldi\/"},"modified":"2025-01-06T12:56:53","modified_gmt":"2025-01-06T09:56:53","slug":"ehliyet-almak-cep-yakacak-her-kaleme-zam-geldi","status":"publish","type":"post","link":"https:\/\/kibrisayna.com\/index.php\/2025\/01\/06\/ehliyet-almak-cep-yakacak-her-kaleme-zam-geldi\/","title":{"rendered":"Ehliyet almak cep yakacak: Her kaleme zam geldi"},"content":{"rendered":"<p> <br \/>\n<br \/><img decoding=\"async\" src=\"https:\/\/cdn1.ntv.com.tr\/gorsel\/xXir0RwEmkmEMaERzdO0bg.jpg?width=1200&amp;ampmode=crop&amp;ampscale=both\" class=\"type:primaryImage\" alt=\"Ehliyet almak cep yakacak: Her kaleme zam geldi\" \/><\/p>\n<p>Yeni y\u0131lda ehliyet ile ilgili her kalemde fiyatlar artt\u0131. S\u00fcr\u00fcc\u00fc kurslar\u0131, direksiyon s\u0131nav\u0131 ve har\u00e7 \u00fccretlerine pe\u015f pe\u015fe zam geldi. B s\u0131n\u0131f\u0131 ehliyetin bir s\u00fcr\u00fcc\u00fc aday\u0131na maliyeti 30 bin liraya y\u00fckseldi.<\/p>\n<section class=\"type:slideshow\">\n<figure><img decoding=\"async\" src=\"https:\/\/cdn1.ntv.com.tr\/gorsel\/EDYTqHWVp0eztVyT_2_Zpw.jpg?width=1200&amp;mode=crop&amp;scale=both\" width=\"1200\" \/><figcaption>Yeni y\u0131lda ehliyet ile ilgili her kaleme zam geldi.<\/figcaption><\/figure>\n<figure><img decoding=\"async\" src=\"https:\/\/cdn1.ntv.com.tr\/gorsel\/4_KrNatGyUaL2gBXGoxoLA.jpg?width=1200&amp;mode=crop&amp;scale=both\" width=\"1200\" \/><figcaption>S\u00fcr\u00fcc\u00fc kursu fiyatlar\u0131, direksiyon s\u0131nav\u0131 ve har\u00e7 \u00fccretleri art\u0131\u015f g\u00f6sterdi.<\/figcaption><\/figure>\n<figure><img decoding=\"async\" src=\"https:\/\/cdn1.ntv.com.tr\/gorsel\/Aqc9_q98DEm-sJGbbXtCCg.jpg?width=1200&amp;mode=crop&amp;scale=both\" width=\"1200\" \/><figcaption>2025 y\u0131l\u0131 itibar\u0131yla s\u00fcr\u00fcc\u00fc kurslar\u0131n\u0131n fiyatlar\u0131 20 bin liraya dayand\u0131.<\/figcaption><\/figure>\n<figure><img decoding=\"async\" src=\"https:\/\/cdn1.ntv.com.tr\/gorsel\/aN2bc-JbaUmrJpZy65VOyg.jpg?width=1200&amp;mode=crop&amp;scale=both\" width=\"1200\" \/><figcaption>Direksiyon s\u0131nav\u0131 \u00fccretleri, 750 liradan bin 350 liraya y\u00fckseldi.\u0130lk s\u0131navda ba\u015far\u0131s\u0131z olan adaylar\u0131n ikinci denemelerinde \u00f6deyece\u011fi \u00fccret ise 2 bin 500 liradan 4 bin liraya \u00e7\u0131kt\u0131.<\/figcaption><\/figure>\n<figure><img decoding=\"async\" src=\"https:\/\/cdn1.ntv.com.tr\/gorsel\/nuVv6BPDEUuvzUDAWFLHjg.jpg?width=1200&amp;mode=crop&amp;scale=both\" width=\"1200\" \/><figcaption>B s\u0131n\u0131f\u0131 ehliyetin har\u00e7 \u00fccreti de\u011ferli ka\u011f\u0131t ve vak\u0131f pay\u0131 dahil 7 bin 438 lira olarak belirlendi.<\/figcaption><\/figure>\n<figure><img decoding=\"async\" src=\"https:\/\/cdn1.ntv.com.tr\/gorsel\/NvQDRbd6NEyNuawAfEe8fA.jpg?width=1200&amp;mode=crop&amp;scale=both\" width=\"1200\" \/><figcaption>B\u00f6ylece b\u00fct\u00fcn kalemler ele al\u0131nd\u0131\u011f\u0131nda bir s\u00fcr\u00fcc\u00fc aday\u0131n\u0131n ehliyet almak i\u00e7in 30 bin lira harcamas\u0131 gerekecek. Direksiyon s\u0131nav\u0131na ikinci kez girenler i\u00e7in bu rakam 30 bin liray\u0131 da a\u015facak.<\/figcaption><\/figure>\n<\/section>\n<p><br \/>\n<br \/><a href=\"https:\/\/www.ntv.com.tr\/galeri\/ntvpara\/ehliyet-almak-cep-yakacak-her-kaleme-zam-geldi,2pKqz_oK8UK5IGbmmH18Mg\"><\/a><\/p>\n","protected":false},"excerpt":{"rendered":"<p>Yeni y\u0131lda ehliyet ile ilgili her kalemde fiyatlar artt\u0131. S\u00fcr\u00fcc\u00fc kurslar\u0131, direksiyon s\u0131nav\u0131 ve har\u00e7 \u00fccretlerine pe\u015f pe\u015fe zam geldi. B s\u0131n\u0131f\u0131 ehliyetin bir s\u00fcr\u00fcc\u00fc aday\u0131na maliyeti 30 bin liraya y\u00fckseldi. Yeni y\u0131lda ehliyet ile ilgili her kaleme zam geldi. S\u00fcr\u00fcc\u00fc kursu fiyatlar\u0131, direksiyon s\u0131nav\u0131 ve har\u00e7 \u00fccretleri art\u0131\u015f g\u00f6sterdi. 2025 y\u0131l\u0131 itibar\u0131yla s\u00fcr\u00fcc\u00fc kurslar\u0131n\u0131n [&hellip;]<\/p>\n","protected":false},"author":908,"featured_media":15844,"comment_status":"open","ping_status":"open","sticky":false,"template":"","format":"standard","meta":{"_jetpack_memberships_contains_paid_content":false,"footnotes":"","jetpack_publicize_message":"","jetpack_publicize_feature_enabled":true,"jetpack_social_post_already_shared":true,"jetpack_social_options":{"image_generator_settings":{"template":"highway","default_image_id":0,"font":"","enabled":false},"version":2}},"categories":[13],"tags":[],"class_list":["post-15843","post","type-post","status-publish","format-standard","has-post-thumbnail","hentry","category-otomobil"],"jetpack_publicize_connections":[],"jetpack_featured_media_url":"https:\/\/kibrisayna.com\/wp-content\/uploads\/2025\/01\/xXir0RwEmkmEMaERzdO0bg.jpg","jetpack_sharing_enabled":true,"_links":{"self":[{"href":"https:\/\/kibrisayna.com\/index.php\/wp-json\/wp\/v2\/posts\/15843","targetHints":{"allow":["GET"]}}],"collection":[{"href":"https:\/\/kibrisayna.com\/index.php\/wp-json\/wp\/v2\/posts"}],"about":[{"href":"https:\/\/kibrisayna.com\/index.php\/wp-json\/wp\/v2\/types\/post"}],"author":[{"embeddable":true,"href":"https:\/\/kibrisayna.com\/index.php\/wp-json\/wp\/v2\/users\/908"}],"replies":[{"embeddable":true,"href":"https:\/\/kibrisayna.com\/index.php\/wp-json\/wp\/v2\/comments?post=15843"}],"version-history":[{"count":0,"href":"https:\/\/kibrisayna.com\/index.php\/wp-json\/wp\/v2\/posts\/15843\/revisions"}],"wp:featuredmedia":[{"embeddable":true,"href":"https:\/\/kibrisayna.com\/index.php\/wp-json\/wp\/v2\/media\/15844"}],"wp:attachment":[{"href":"https:\/\/kibrisayna.com\/index.php\/wp-json\/wp\/v2\/media?parent=15843"}],"wp:term":[{"taxonomy":"category","embeddable":true,"href":"https:\/\/kibrisayna.com\/index.php\/wp-json\/wp\/v2\/categories?post=15843"},{"taxonomy":"post_tag","embeddable":true,"href":"https:\/\/kibrisayna.com\/index.php\/wp-json\/wp\/v2\/tags?post=15843"}],"curies":[{"name":"wp","href":"https:\/\/api.w.org\/{rel}","templated":true}]}}