{"id":15841,"date":"2025-01-06T12:55:31","date_gmt":"2025-01-06T09:55:31","guid":{"rendered":"https:\/\/kibrisayna.com\/index.php\/2025\/01\/06\/kibris-turk-postalari-61-yilini-kutluyor-brtk\/"},"modified":"2025-01-06T12:55:31","modified_gmt":"2025-01-06T09:55:31","slug":"kibris-turk-postalari-61-yilini-kutluyor-brtk","status":"publish","type":"post","link":"https:\/\/kibrisayna.com\/index.php\/2025\/01\/06\/kibris-turk-postalari-61-yilini-kutluyor-brtk\/","title":{"rendered":"K\u0131br\u0131s T\u00fcrk Postalar\u0131 61. y\u0131l\u0131n\u0131 kutluyor \u2013 BRTK"},"content":{"rendered":"<p> <br \/>\n<\/p>\n<div>\n<div class=\"mariselle-image-container center\">\n                <img loading=\"lazy\" decoding=\"async\" width=\"1600\" height=\"1299\" class=\"lazy-image\" alt=\"\" sizes=\"auto, (max-width: 1600px) 100vw, 1600px\" src=\"https:\/\/brtk.net\/wp-content\/uploads\/2025\/01\/06\/99999999999999999999999999999999.jpg?ver=6d01f5a70cdbeb1a84c2f8193ab98523\" srcset=\"https:\/\/brtk.net\/wp-content\/uploads\/2025\/01\/06\/99999999999999999999999999999999.jpg?ver=6d01f5a70cdbeb1a84c2f8193ab98523 1600w, https:\/\/brtk.net\/wp-content\/uploads\/2025\/01\/06\/99999999999999999999999999999999-300x244.jpg?ver=869df73f1c6ecfef7be1a462e0c022d1 300w, https:\/\/brtk.net\/wp-content\/uploads\/2025\/01\/06\/99999999999999999999999999999999-1024x831.jpg?ver=65e02a6b33d7d1e1c7830a1673fedd69 1024w, https:\/\/brtk.net\/wp-content\/uploads\/2025\/01\/06\/99999999999999999999999999999999-768x624.jpg?ver=65e02a6b33d7d1e1c7830a1673fedd69 768w, https:\/\/brtk.net\/wp-content\/uploads\/2025\/01\/06\/99999999999999999999999999999999-1536x1247.jpg?ver=8737ddfba7b9105f3e51b902896962a6 1536w\"\/>                            <\/div>\n<p> K\u0131br\u0131s T\u00fcrk Postalar\u0131, 61. kurulu\u015f y\u0131ld\u00f6n\u00fcm\u00fcn\u00fc kutluyor. Posta Dairesi M\u00fcd\u00fcr\u00fc Yakup \u0130skender, y\u0131l d\u00f6n\u00fcm\u00fc vesilesiyle yapt\u0131\u011f\u0131 a\u00e7\u0131klamada, K\u0131br\u0131s T\u00fcrk Postalar\u0131n\u0131n kurulu\u015fundan bug\u00fcne kadar ge\u00e7en s\u00fcreci ve te\u015fkilat\u0131n bug\u00fcn geldi\u011fi noktay\u0131 de\u011ferlendirdi.<\/p>\n<p>\u0130skender, 21 Aral\u0131k 1963 tarihinde, K\u0131br\u0131sl\u0131 Rumlar\u0131n Akritas Plan\u0131na dayanarak K\u0131br\u0131sl\u0131 T\u00fcrklere sald\u0131rmas\u0131 ve K\u0131br\u0131s Cumhuriyeti devlet kurumlar\u0131ndan tecrit etmesi neticesinde; K\u0131br\u0131s T\u00fcrk toplumunun ileri gelenlerinin, sava\u015f ve izolasyon ko\u015fullar\u0131nda K\u0131br\u0131s T\u00fcrk toplumunun g\u00fcvenilir ve h\u0131zl\u0131 haberle\u015fmesini sa\u011flamak amac\u0131yla, 1 Ocak 1964 tarihinde K\u0131br\u0131s T\u00fcrk Postalar\u0131n\u0131n kurulmas\u0131na karar verdi\u011fini kaydetti.<\/p>\n<p>K\u0131br\u0131s T\u00fcrk Postalar\u0131\u2019n\u0131n bu zor d\u00f6nemde adan\u0131n her yan\u0131nda bulunan T\u00fcrk toplumuna zor ko\u015fullara ra\u011fmen hizmet g\u00f6t\u00fcrd\u00fc\u011f\u00fcn\u00fc ve postac\u0131l\u0131\u011f\u0131 g\u00fcn\u00fcn ko\u015fullar\u0131na uygun hale getirerek, posta pulu bile basmay\u0131 ba\u015fard\u0131\u011f\u0131n\u0131 an\u0131msatan \u0130skender \u015f\u00f6yle devam etti:<\/p>\n<p>\u201c1974 Bar\u0131\u015f Harek\u00e2t\u0131ndan sonra kurulan K\u0131br\u0131s T\u00fcrk Federe Devleti ve Kuzey K\u0131br\u0131s T\u00fcrk Cumhuriyeti d\u00f6nemlerinde K\u0131br\u0131s T\u00fcrk Postalar\u0131 geli\u015fmi\u015f ve d\u00fcnya \u00e7ap\u0131nda bir posta te\u015fkilat\u0131 haline gelmi\u015ftir.<\/p>\n<p>Bug\u00fcn d\u00fcnyan\u0131n bir\u00e7ok \u00fclkesinde ve T\u00fcrkiye\u2019de posta pullar\u0131m\u0131z be\u011fenilmekte ve sat\u0131n al\u0131nmaktad\u0131r.  KKTC\u2019nin uluslararas\u0131 izolasyonuna ra\u011fmen posta pullar\u0131m\u0131z \u00fclkemizin tan\u0131t\u0131m\u0131n\u0131 yapmaktad\u0131r.<\/p>\n<p>Son d\u00f6nemde geli\u015fen teknoloji ve h\u0131zl\u0131 haberle\u015fme ara\u00e7lar\u0131na ra\u011fmen postam\u0131z postac\u0131l\u0131k g\u00f6revini ve di\u011fer g\u00f6revlerini t\u00fcm imkans\u0131zl\u0131klara s\u0131\u011f\u0131nmadan \u00f6zveriyle yerine getirmektedir.<\/p>\n<p>KKTC Posta Dairesi \u00fclkemizin en b\u00fcy\u00fck gelir kaynaklar\u0131ndan biri olan damga pullar\u0131n\u0131n sat\u0131\u015f\u0131n\u0131 s\u0131f\u0131ra yak\u0131n hatayla yapmaktad\u0131r. Postam\u0131z koli ve paket hizmeti ve havale i\u015flemlerini t\u00fcm ara\u00e7 ve personel eksikliklerine ra\u011fmen ba\u015far\u0131yla yapmaktad\u0131r.\u201d<\/p>\n<p>KKTC Posta Dairesi\u2019nin geli\u015fen teknolojiye imkanlar \u00f6l\u00e7\u00fcs\u00fcnde ayak uydurdu\u011funu ve otomasyonda geli\u015fti\u011fini kaydeden \u0130skender, postan\u0131n bu y\u0131l KKTC Kad\u0131n Giri\u015fim Kooperatiflerinin \u00fcretti\u011fi el eme\u011fi, g\u00f6z nuru \u00fcr\u00fcnlerin T.C. PTT AVM \u2018de sat\u0131lmas\u0131 i\u00e7in lojistik destek verdi\u011fini de dile getirdi.<\/p>\n<p>\u201cK\u0131br\u0131s T\u00fcrk Postalar\u0131n\u0131n 61. kurulu\u015f y\u0131ld\u00f6n\u00fcm\u00fcnde te\u015fkilat\u0131m\u0131z\u0131n kurulmas\u0131nda ve ya\u015fat\u0131lmas\u0131nda eme\u011fi olan, t\u00fcm devlet adamlar\u0131m\u0131z ve \u00e7al\u0131\u015fanlar\u0131m\u0131z\u0131n vefat edenlerini rahmetle, sa\u011f olanlar\u0131n\u0131 minnetle anar\u0131m\u201d diyen \u0130skender, posta emektarlar\u0131na da te\u015fekk\u00fcrlerini sundu.<\/p>\n<\/p><\/div>\n<p><script async\n                    defer\n                    crossorigin=\"anonymous\"\n                    src=\"https:\/\/connect.facebook.net\/tr_TR\/sdk.js#xfbml=1&#038;version=v3.3\"\n            ><\/script><br \/>\n<br \/><br \/>\n<br \/><a href=\"https:\/\/brtk.net\/kibris-turk-postalari-61-yilini-kutluyor\/\">Kaynak BRT <\/a><\/p>\n","protected":false},"excerpt":{"rendered":"<p>K\u0131br\u0131s T\u00fcrk Postalar\u0131, 61. kurulu\u015f y\u0131ld\u00f6n\u00fcm\u00fcn\u00fc kutluyor. Posta Dairesi M\u00fcd\u00fcr\u00fc Yakup \u0130skender, y\u0131l d\u00f6n\u00fcm\u00fc vesilesiyle yapt\u0131\u011f\u0131 a\u00e7\u0131klamada, K\u0131br\u0131s T\u00fcrk Postalar\u0131n\u0131n kurulu\u015fundan bug\u00fcne kadar ge\u00e7en s\u00fcreci ve te\u015fkilat\u0131n bug\u00fcn geldi\u011fi noktay\u0131 de\u011ferlendirdi. \u0130skender, 21 Aral\u0131k 1963 tarihinde, K\u0131br\u0131sl\u0131 Rumlar\u0131n Akritas Plan\u0131na dayanarak K\u0131br\u0131sl\u0131 T\u00fcrklere sald\u0131rmas\u0131 ve K\u0131br\u0131s Cumhuriyeti devlet kurumlar\u0131ndan tecrit etmesi neticesinde; K\u0131br\u0131s T\u00fcrk toplumunun [&hellip;]<\/p>\n","protected":false},"author":908,"featured_media":15842,"comment_status":"open","ping_status":"open","sticky":false,"template":"","format":"standard","meta":{"_jetpack_memberships_contains_paid_content":false,"footnotes":"","jetpack_publicize_message":"","jetpack_publicize_feature_enabled":true,"jetpack_social_post_already_shared":true,"jetpack_social_options":{"image_generator_settings":{"template":"highway","default_image_id":0,"font":"","enabled":false},"version":2}},"categories":[253],"tags":[],"class_list":["post-15841","post","type-post","status-publish","format-standard","has-post-thumbnail","hentry","category-gundem"],"jetpack_publicize_connections":[],"jetpack_featured_media_url":"https:\/\/kibrisayna.com\/wp-content\/uploads\/2025\/01\/99999999999999999999999999999999.jpg","jetpack_sharing_enabled":true,"_links":{"self":[{"href":"https:\/\/kibrisayna.com\/index.php\/wp-json\/wp\/v2\/posts\/15841","targetHints":{"allow":["GET"]}}],"collection":[{"href":"https:\/\/kibrisayna.com\/index.php\/wp-json\/wp\/v2\/posts"}],"about":[{"href":"https:\/\/kibrisayna.com\/index.php\/wp-json\/wp\/v2\/types\/post"}],"author":[{"embeddable":true,"href":"https:\/\/kibrisayna.com\/index.php\/wp-json\/wp\/v2\/users\/908"}],"replies":[{"embeddable":true,"href":"https:\/\/kibrisayna.com\/index.php\/wp-json\/wp\/v2\/comments?post=15841"}],"version-history":[{"count":0,"href":"https:\/\/kibrisayna.com\/index.php\/wp-json\/wp\/v2\/posts\/15841\/revisions"}],"wp:featuredmedia":[{"embeddable":true,"href":"https:\/\/kibrisayna.com\/index.php\/wp-json\/wp\/v2\/media\/15842"}],"wp:attachment":[{"href":"https:\/\/kibrisayna.com\/index.php\/wp-json\/wp\/v2\/media?parent=15841"}],"wp:term":[{"taxonomy":"category","embeddable":true,"href":"https:\/\/kibrisayna.com\/index.php\/wp-json\/wp\/v2\/categories?post=15841"},{"taxonomy":"post_tag","embeddable":true,"href":"https:\/\/kibrisayna.com\/index.php\/wp-json\/wp\/v2\/tags?post=15841"}],"curies":[{"name":"wp","href":"https:\/\/api.w.org\/{rel}","templated":true}]}}