{"id":15838,"date":"2025-01-06T12:39:30","date_gmt":"2025-01-06T09:39:30","guid":{"rendered":"https:\/\/kibrisayna.com\/index.php\/2025\/01\/06\/gazimagusada-ani-olum-47-yasindaki-ender-sicakyuz-hayatini-kaybetti-brtk\/"},"modified":"2025-01-06T12:39:30","modified_gmt":"2025-01-06T09:39:30","slug":"gazimagusada-ani-olum-47-yasindaki-ender-sicakyuz-hayatini-kaybetti-brtk","status":"publish","type":"post","link":"https:\/\/kibrisayna.com\/index.php\/2025\/01\/06\/gazimagusada-ani-olum-47-yasindaki-ender-sicakyuz-hayatini-kaybetti-brtk\/","title":{"rendered":"Gazima\u011fusa\u2019da ani \u00f6l\u00fcm\u2026 47 ya\u015f\u0131ndaki Ender S\u0131caky\u00fcz hayat\u0131n\u0131 kaybetti \u2013 BRTK"},"content":{"rendered":"<p> <br \/>\n<\/p>\n<div>\n<div class=\"mariselle-image-container center\">\n                <img loading=\"lazy\" decoding=\"async\" width=\"407\" height=\"413\" class=\"lazy-image\" alt=\"\" sizes=\"auto, (max-width: 407px) 100vw, 407px\" src=\"https:\/\/brtk.net\/wp-content\/uploads\/2025\/01\/06\/1736154163941POLIS-POLIS.jpg?ver=3902ab59c68d428998a66d1591ae7be3\" srcset=\"https:\/\/brtk.net\/wp-content\/uploads\/2025\/01\/06\/1736154163941POLIS-POLIS.jpg?ver=3902ab59c68d428998a66d1591ae7be3 407w, https:\/\/brtk.net\/wp-content\/uploads\/2025\/01\/06\/1736154163941POLIS-POLIS-296x300.jpg?ver=018db301c864d1c260c014d5d6ae5f58 296w\"\/>                            <\/div>\n<p>Gazima\u011fusa\u2019da, evinde rahats\u0131zlanan 47 ya\u015f\u0131ndaki Ender S\u0131caky\u00fcz hayat\u0131n\u0131 kaybetti.<\/p>\n<p>Polis Bas\u0131n Subayl\u0131\u011f\u0131ndan verilen bilgiye g\u00f6re, d\u00fcn \u00f6\u011fleden sonra evinde rahats\u0131zlanarak ya\u015fam\u0131n\u0131 yitiren Ender S\u0131caky\u00fcz\u2019e (E-47) doktor taraf\u0131ndan yap\u0131lan d\u0131\u015f muayenede darp veya cebir izine rastlanmad\u0131.<\/p>\n<p>S\u0131caky\u00fcz\u2019\u00fcn \u00f6l\u00fcm sebebi otopsiyle belirlenecek.<\/p>\n<\/p><\/div>\n<p><script async\n                    defer\n                    crossorigin=\"anonymous\"\n                    src=\"https:\/\/connect.facebook.net\/tr_TR\/sdk.js#xfbml=1&#038;version=v3.3\"\n            ><\/script><br \/>\n<br \/><br \/>\n<br \/><a href=\"https:\/\/brtk.net\/gazimagusada-ani-olum-47-yasindaki-ender-sicakyuz-hayatini-kaybetti\/\"> <\/a><\/p>\n","protected":false},"excerpt":{"rendered":"<p>Gazima\u011fusa\u2019da, evinde rahats\u0131zlanan 47 ya\u015f\u0131ndaki Ender S\u0131caky\u00fcz hayat\u0131n\u0131 kaybetti. Polis Bas\u0131n Subayl\u0131\u011f\u0131ndan verilen bilgiye g\u00f6re, d\u00fcn \u00f6\u011fleden sonra evinde rahats\u0131zlanarak ya\u015fam\u0131n\u0131 yitiren Ender S\u0131caky\u00fcz\u2019e (E-47) doktor taraf\u0131ndan yap\u0131lan d\u0131\u015f muayenede darp veya cebir izine rastlanmad\u0131. S\u0131caky\u00fcz\u2019\u00fcn \u00f6l\u00fcm sebebi otopsiyle belirlenecek.<\/p>\n","protected":false},"author":908,"featured_media":3272,"comment_status":"open","ping_status":"open","sticky":false,"template":"","format":"standard","meta":{"_jetpack_memberships_contains_paid_content":false,"footnotes":"","jetpack_publicize_message":"","jetpack_publicize_feature_enabled":true,"jetpack_social_post_already_shared":true,"jetpack_social_options":{"image_generator_settings":{"template":"highway","default_image_id":0,"font":"","enabled":false},"version":2}},"categories":[253,19],"tags":[],"class_list":["post-15838","post","type-post","status-publish","format-standard","has-post-thumbnail","hentry","category-gundem","category-manset"],"jetpack_publicize_connections":[],"jetpack_featured_media_url":"https:\/\/kibrisayna.com\/wp-content\/uploads\/2024\/08\/olum99.jpg","jetpack_sharing_enabled":true,"_links":{"self":[{"href":"https:\/\/kibrisayna.com\/index.php\/wp-json\/wp\/v2\/posts\/15838","targetHints":{"allow":["GET"]}}],"collection":[{"href":"https:\/\/kibrisayna.com\/index.php\/wp-json\/wp\/v2\/posts"}],"about":[{"href":"https:\/\/kibrisayna.com\/index.php\/wp-json\/wp\/v2\/types\/post"}],"author":[{"embeddable":true,"href":"https:\/\/kibrisayna.com\/index.php\/wp-json\/wp\/v2\/users\/908"}],"replies":[{"embeddable":true,"href":"https:\/\/kibrisayna.com\/index.php\/wp-json\/wp\/v2\/comments?post=15838"}],"version-history":[{"count":0,"href":"https:\/\/kibrisayna.com\/index.php\/wp-json\/wp\/v2\/posts\/15838\/revisions"}],"wp:featuredmedia":[{"embeddable":true,"href":"https:\/\/kibrisayna.com\/index.php\/wp-json\/wp\/v2\/media\/3272"}],"wp:attachment":[{"href":"https:\/\/kibrisayna.com\/index.php\/wp-json\/wp\/v2\/media?parent=15838"}],"wp:term":[{"taxonomy":"category","embeddable":true,"href":"https:\/\/kibrisayna.com\/index.php\/wp-json\/wp\/v2\/categories?post=15838"},{"taxonomy":"post_tag","embeddable":true,"href":"https:\/\/kibrisayna.com\/index.php\/wp-json\/wp\/v2\/tags?post=15838"}],"curies":[{"name":"wp","href":"https:\/\/api.w.org\/{rel}","templated":true}]}}