{"id":15793,"date":"2025-01-05T15:13:20","date_gmt":"2025-01-05T12:13:20","guid":{"rendered":"https:\/\/kibrisayna.com\/index.php\/2025\/01\/05\/onumuzdeki-yil-hedeflenen-turist-sayisina-ulasmayi-amacliyoruz-brtk\/"},"modified":"2025-01-05T15:13:20","modified_gmt":"2025-01-05T12:13:20","slug":"onumuzdeki-yil-hedeflenen-turist-sayisina-ulasmayi-amacliyoruz-brtk","status":"publish","type":"post","link":"https:\/\/kibrisayna.com\/index.php\/2025\/01\/05\/onumuzdeki-yil-hedeflenen-turist-sayisina-ulasmayi-amacliyoruz-brtk\/","title":{"rendered":"\u00d6n\u00fcm\u00fczdeki y\u0131l hedeflenen turist say\u0131s\u0131na ula\u015fmay\u0131 ama\u00e7l\u0131yoruz \u2013 BRTK"},"content":{"rendered":"<p> <br \/>\n<\/p>\n<div>\n<div class=\"mariselle-image-container center\">\n                <img loading=\"lazy\" decoding=\"async\" width=\"1393\" height=\"493\" class=\"lazy-image\" alt=\"\" sizes=\"auto, (max-width: 1393px) 100vw, 1393px\" src=\"https:\/\/brtk.net\/wp-content\/uploads\/2025\/01\/05\/dsalskdsaslkda.jpg?ver=a1ce176459cfd132b2a6bccd158b1e21\" srcset=\"https:\/\/brtk.net\/wp-content\/uploads\/2025\/01\/05\/dsalskdsaslkda.jpg?ver=a1ce176459cfd132b2a6bccd158b1e21 1393w, https:\/\/brtk.net\/wp-content\/uploads\/2025\/01\/05\/dsalskdsaslkda-300x106.jpg?ver=a1ce176459cfd132b2a6bccd158b1e21 300w, https:\/\/brtk.net\/wp-content\/uploads\/2025\/01\/05\/dsalskdsaslkda-1024x362.jpg?ver=a1ce176459cfd132b2a6bccd158b1e21 1024w, https:\/\/brtk.net\/wp-content\/uploads\/2025\/01\/05\/dsalskdsaslkda-768x272.jpg?ver=1dfb968768c5ccbeca5f6eec75ab2d77 768w\"\/>                            <\/div>\n<p>\nACE of M.I.C.E. etkinli\u011fi \u00fc\u00e7\u00fcnc\u00fc kez KKTC\u2019de d\u00fczenlendi.<\/p>\n<p>Dream Project taraf\u0131ndan ger\u00e7ekle\u015ftirilen ,turizm ve Kongre, Toplant\u0131, Etkinlik sekt\u00f6rlerinin ulusal ve uluslararas\u0131 devlerini bir araya getiren etkinlik,   Elexus Hotel &amp; Convention\u2019da yer ald\u0131.<\/p>\n<p>Ba\u015fbakan Yard\u0131mc\u0131l\u0131\u011f\u0131, Turizm, K\u00fclt\u00fcr, Gen\u00e7lik ve \u00c7evre Bakanl\u0131\u011f\u0131 himayelerinde iki g\u00fcn s\u00fcren etkinlik d\u00fcn ak\u015fam bas\u0131n toplant\u0131s\u0131 d\u00fczenlendi.<\/p>\n<p>Dream Project Y\u00f6netim Kurulu \u00dcyesi ve CEO\u2019su Volkan Ataman, bas\u0131n toplant\u0131s\u0131nda yapt\u0131\u011f\u0131 konu\u015fmada ACE of M.I.C.E\u2019\u0131n T\u00fcrkiye ve K\u0131br\u0131s\u2019\u0131n marka de\u011ferine ve destinasyon tan\u0131t\u0131m\u0131na b\u00fcy\u00fck katk\u0131 sundu\u011funu ifade etti.<\/p>\n<p>Elexus Hotel And Convention Genel M\u00fcd\u00fcr\u00fc G\u00f6rkem Ayd\u0131ner de,  MICE sekt\u00f6r\u00fcn\u00fcn KKTC i\u00e7in \u00f6nemine dikkat \u00e7ekerek, 2024\u2019\u00fcn  turizm performans\u0131 ve \u00fclke ekonomisi i\u00e7in verimli ge\u00e7ti\u011fini ve  2025 y\u0131l\u0131nda, bu ba\u015far\u0131lar\u0131n \u00fczerine \u00e7\u0131kmay\u0131 hedeflediklerini s\u00f6yledi.<\/p>\n<p>Bas\u0131n toplant\u0131s\u0131nda konu\u015fan Ba\u015fbakan Yard\u0131mc\u0131s\u0131, Turizm, K\u00fclt\u00fcr, Gen\u00e7lik ve \u00c7evre Bakan\u0131  Fikri Atao\u011flu,KKTC\u2019nin,\u00f6nemli bir turizm destinasyonu oldu\u011funu s\u00f6yledi.<\/p>\n<p>Atao\u011flu, bir ate\u015f \u00e7emberi i\u00e7inde yer alsa da KKTC\u2019nin  alternatif turizm modellerine ev sahipli\u011fi yapan, g\u00fcvenli bir turizm  destinasyonu  oldu\u011funu vurgulad\u0131.<\/p>\n<div class=\"mariselle-image-container center\">\n                <img loading=\"lazy\" decoding=\"async\" width=\"1436\" height=\"1380\" class=\"lazy-image\" alt=\"\" sizes=\"auto, (max-width: 1436px) 100vw, 1436px\" src=\"https:\/\/brtk.net\/wp-content\/uploads\/2025\/01\/05\/861b0b85-7745-4bcf-bf31-2047f195c481.jpg?ver=c3380b1d0a2c7eedc6ac71ef5feb4e1f\" srcset=\"https:\/\/brtk.net\/wp-content\/uploads\/2025\/01\/05\/861b0b85-7745-4bcf-bf31-2047f195c481.jpg?ver=c3380b1d0a2c7eedc6ac71ef5feb4e1f 1436w, https:\/\/brtk.net\/wp-content\/uploads\/2025\/01\/05\/861b0b85-7745-4bcf-bf31-2047f195c481-300x288.jpg?ver=54c1976e9ea7092c7112e8aee6b0a2b9 300w, https:\/\/brtk.net\/wp-content\/uploads\/2025\/01\/05\/861b0b85-7745-4bcf-bf31-2047f195c481-1024x984.jpg?ver=4a3d7fe0728401ffc8a72d9904b73a35 1024w, https:\/\/brtk.net\/wp-content\/uploads\/2025\/01\/05\/861b0b85-7745-4bcf-bf31-2047f195c481-768x738.jpg?ver=4a3d7fe0728401ffc8a72d9904b73a35 768w\"\/>                            <\/div>\n<p>\nFarkl\u0131 il\u00e7elerde yap\u0131lacak yat\u0131r\u0131mlar\u0131n,n\u00fcfus, alt ve \u00fcst yap\u0131yla uyumlu ve do\u011fru  \u015fekilde hayat bulmas\u0131n\u0131n \u00fclke turizmi i\u00e7in \u00f6nem ta\u015f\u0131d\u0131\u011f\u0131n\u0131 , bu ama\u00e7la yapt\u0131klar\u0131  \u00e7al\u0131\u015fman\u0131n Ocak ay\u0131nda  kamuoyuyla payla\u015f\u0131laca\u011f\u0131n\u0131  dile getiren Atao\u011flu, bu a\u015famadan sonra nerede ne t\u00fcr bir yat\u0131r\u0131m yap\u0131laca\u011f\u0131n\u0131n hayata ge\u00e7irilecek  Turizm Master Plan\u0131\u2019yla belirlenece\u011fini kaydetti.<\/p>\n<p>Pandemiyle  art\u0131\u015f g\u00f6steren kiral\u0131k konut turizminin,kontrol alt\u0131na al\u0131nmas\u0131na y\u00f6nelik yasan\u0131n tamamland\u0131\u011f\u0131n\u0131 an\u0131msatan Atao\u011flu, pandemi ard\u0131ndan  devre d\u0131\u015f\u0131 kalan te\u015fvik sisteminin  de, 1 Ocak itibar\u0131yla , charter seferlere,\u00f6z kaynaklardan b\u00fct\u00e7e  ayr\u0131larak yeninden hayata ge\u00e7irildi\u011fini belirtti.<\/p>\n<p>Atao\u011flu, Bu te\u015fvik sistemiyle,  \u00f6n\u00fcm\u00fczdeki  y\u0131l  hedeflenen turist say\u0131s\u0131na ula\u015fmay\u0131  ama\u00e7lad\u0131klar\u0131n\u0131 kaydetti.<\/p>\n<p>Y\u00fcksek u\u00e7ak bileti fiyatlar\u0131n\u0131n bu g\u00fcnlerde , ilave ek seferler, geni\u015f g\u00f6vdeli u\u00e7aklar ve  alternatif u\u00e7ak  firmalar\u0131n\u0131n devreye girmesiyle istenilen d\u00fczeye geldi\u011fini kaydeden Atao\u011flu,bu fiyatlar\u0131n s\u00fcrd\u00fcr\u00fclebilir olmas\u0131 i\u00e7in \u00e7al\u0131\u015fmalar\u0131n devam etti\u011fini anlatt\u0131.<\/p>\n<p>Atao\u011flu, Anavatan T\u00fcrkiye ve yurt d\u0131\u015f\u0131nda ya\u015fayan K\u0131br\u0131sl\u0131 T\u00fcrkler\u2019e  y\u00f6nelik haz\u0131rlanan \u201cADA KIBRIS \u201c projesi  hakk\u0131nda da bilgi verdi.<\/p>\n<\/p><\/div>\n<p><script async\n                    defer\n                    crossorigin=\"anonymous\"\n                    src=\"https:\/\/connect.facebook.net\/tr_TR\/sdk.js#xfbml=1&#038;version=v3.3\"\n            ><\/script><br \/>\n<br \/><br \/>\n<br \/><a href=\"https:\/\/brtk.net\/ataoglu-onumuzdeki-yil-hedeflenen-turist-sayisina-ulasmayi-amacliyoruz\/\">Kaynak BRT <\/a><\/p>\n","protected":false},"excerpt":{"rendered":"<p>ACE of M.I.C.E. etkinli\u011fi \u00fc\u00e7\u00fcnc\u00fc kez KKTC\u2019de d\u00fczenlendi. Dream Project taraf\u0131ndan ger\u00e7ekle\u015ftirilen ,turizm ve Kongre, Toplant\u0131, Etkinlik sekt\u00f6rlerinin ulusal ve uluslararas\u0131 devlerini bir araya getiren etkinlik, Elexus Hotel &amp; Convention\u2019da yer ald\u0131. Ba\u015fbakan Yard\u0131mc\u0131l\u0131\u011f\u0131, Turizm, K\u00fclt\u00fcr, Gen\u00e7lik ve \u00c7evre Bakanl\u0131\u011f\u0131 himayelerinde iki g\u00fcn s\u00fcren etkinlik d\u00fcn ak\u015fam bas\u0131n toplant\u0131s\u0131 d\u00fczenlendi. Dream Project Y\u00f6netim Kurulu \u00dcyesi [&hellip;]<\/p>\n","protected":false},"author":908,"featured_media":15794,"comment_status":"open","ping_status":"open","sticky":false,"template":"","format":"standard","meta":{"_jetpack_memberships_contains_paid_content":false,"footnotes":"","jetpack_publicize_message":"","jetpack_publicize_feature_enabled":true,"jetpack_social_post_already_shared":true,"jetpack_social_options":{"image_generator_settings":{"template":"highway","default_image_id":0,"font":"","enabled":false},"version":2}},"categories":[253],"tags":[],"class_list":["post-15793","post","type-post","status-publish","format-standard","has-post-thumbnail","hentry","category-gundem"],"jetpack_publicize_connections":[],"jetpack_featured_media_url":"https:\/\/kibrisayna.com\/wp-content\/uploads\/2025\/01\/dsalskdsaslkda.jpg","jetpack_sharing_enabled":true,"_links":{"self":[{"href":"https:\/\/kibrisayna.com\/index.php\/wp-json\/wp\/v2\/posts\/15793","targetHints":{"allow":["GET"]}}],"collection":[{"href":"https:\/\/kibrisayna.com\/index.php\/wp-json\/wp\/v2\/posts"}],"about":[{"href":"https:\/\/kibrisayna.com\/index.php\/wp-json\/wp\/v2\/types\/post"}],"author":[{"embeddable":true,"href":"https:\/\/kibrisayna.com\/index.php\/wp-json\/wp\/v2\/users\/908"}],"replies":[{"embeddable":true,"href":"https:\/\/kibrisayna.com\/index.php\/wp-json\/wp\/v2\/comments?post=15793"}],"version-history":[{"count":0,"href":"https:\/\/kibrisayna.com\/index.php\/wp-json\/wp\/v2\/posts\/15793\/revisions"}],"wp:featuredmedia":[{"embeddable":true,"href":"https:\/\/kibrisayna.com\/index.php\/wp-json\/wp\/v2\/media\/15794"}],"wp:attachment":[{"href":"https:\/\/kibrisayna.com\/index.php\/wp-json\/wp\/v2\/media?parent=15793"}],"wp:term":[{"taxonomy":"category","embeddable":true,"href":"https:\/\/kibrisayna.com\/index.php\/wp-json\/wp\/v2\/categories?post=15793"},{"taxonomy":"post_tag","embeddable":true,"href":"https:\/\/kibrisayna.com\/index.php\/wp-json\/wp\/v2\/tags?post=15793"}],"curies":[{"name":"wp","href":"https:\/\/api.w.org\/{rel}","templated":true}]}}