{"id":15791,"date":"2025-01-05T14:41:09","date_gmt":"2025-01-05T11:41:09","guid":{"rendered":"https:\/\/kibrisayna.com\/index.php\/2025\/01\/05\/ayin-gizemli-gecmisi-manyetik-alaniyla-ilgili-yeni-kesif-son-dakika-teknoloji-haberleri\/"},"modified":"2025-01-05T14:41:09","modified_gmt":"2025-01-05T11:41:09","slug":"ayin-gizemli-gecmisi-manyetik-alaniyla-ilgili-yeni-kesif-son-dakika-teknoloji-haberleri","status":"publish","type":"post","link":"https:\/\/kibrisayna.com\/index.php\/2025\/01\/05\/ayin-gizemli-gecmisi-manyetik-alaniyla-ilgili-yeni-kesif-son-dakika-teknoloji-haberleri\/","title":{"rendered":"Ay&#8217;\u0131n gizemli ge\u00e7mi\u015fi: Manyetik alan\u0131yla ilgili yeni ke\u015fif! &#8211; Son Dakika Teknoloji Haberleri"},"content":{"rendered":"<p> <br \/>\n<\/p>\n<div>\n<h2 class=\"gallery-item-title\">M\u0130N\u0130K KAYA PAR\u00c7ALARINDA G\u0130ZL\u0130\u00a0<\/h2>\n<p>\u00c7in\u2019in Chang\u2019e-5 arac\u0131 taraf\u0131ndan getirilen bazalt \u00f6rnekleri \u00fczerinde yap\u0131lan incelemelerde, 3-8 milimetre uzunlu\u011funda ve 0,3 gram a\u011f\u0131rl\u0131\u011f\u0131ndaki dokuz kaya par\u00e7as\u0131 kullan\u0131ld\u0131. Bu \u00f6rnekler, olu\u015fum d\u00f6nemlerindeki manyetik alan\u0131n kayd\u0131n\u0131 tutuyordu. Ara\u015ft\u0131rmac\u0131lar, bu kayalar\u0131n yakla\u015f\u0131k iki milyar y\u0131l \u00f6nce olu\u015ftu\u011funu tespit etti.<\/p>\n<\/p><\/div>\n<p><br \/>\n<br \/><a href=\"https:\/\/www.ntv.com.tr\/galeri\/teknoloji\/ayin-gizemli-gecmisi-manyetik-alaniyla-ilgili-yeni-kesif,IUNIEhQbrk25fhA2zSeO4w\"><\/a><\/p>\n","protected":false},"excerpt":{"rendered":"<p>M\u0130N\u0130K KAYA PAR\u00c7ALARINDA G\u0130ZL\u0130\u00a0 \u00c7in\u2019in Chang\u2019e-5 arac\u0131 taraf\u0131ndan getirilen bazalt \u00f6rnekleri \u00fczerinde yap\u0131lan incelemelerde, 3-8 milimetre uzunlu\u011funda ve 0,3 gram a\u011f\u0131rl\u0131\u011f\u0131ndaki dokuz kaya par\u00e7as\u0131 kullan\u0131ld\u0131. Bu \u00f6rnekler, olu\u015fum d\u00f6nemlerindeki manyetik alan\u0131n kayd\u0131n\u0131 tutuyordu. Ara\u015ft\u0131rmac\u0131lar, bu kayalar\u0131n yakla\u015f\u0131k iki milyar y\u0131l \u00f6nce olu\u015ftu\u011funu tespit etti.<\/p>\n","protected":false},"author":908,"featured_media":15792,"comment_status":"open","ping_status":"open","sticky":false,"template":"","format":"standard","meta":{"_jetpack_memberships_contains_paid_content":false,"footnotes":"","jetpack_publicize_message":"","jetpack_publicize_feature_enabled":true,"jetpack_social_post_already_shared":true,"jetpack_social_options":{"image_generator_settings":{"template":"highway","default_image_id":0,"font":"","enabled":false},"version":2}},"categories":[12],"tags":[],"class_list":["post-15791","post","type-post","status-publish","format-standard","has-post-thumbnail","hentry","category-teknoloji"],"jetpack_publicize_connections":[],"jetpack_featured_media_url":"https:\/\/kibrisayna.com\/wp-content\/uploads\/2025\/01\/g-vqkof65UunquuYcaN4Ag.jpg","jetpack_sharing_enabled":true,"_links":{"self":[{"href":"https:\/\/kibrisayna.com\/index.php\/wp-json\/wp\/v2\/posts\/15791","targetHints":{"allow":["GET"]}}],"collection":[{"href":"https:\/\/kibrisayna.com\/index.php\/wp-json\/wp\/v2\/posts"}],"about":[{"href":"https:\/\/kibrisayna.com\/index.php\/wp-json\/wp\/v2\/types\/post"}],"author":[{"embeddable":true,"href":"https:\/\/kibrisayna.com\/index.php\/wp-json\/wp\/v2\/users\/908"}],"replies":[{"embeddable":true,"href":"https:\/\/kibrisayna.com\/index.php\/wp-json\/wp\/v2\/comments?post=15791"}],"version-history":[{"count":0,"href":"https:\/\/kibrisayna.com\/index.php\/wp-json\/wp\/v2\/posts\/15791\/revisions"}],"wp:featuredmedia":[{"embeddable":true,"href":"https:\/\/kibrisayna.com\/index.php\/wp-json\/wp\/v2\/media\/15792"}],"wp:attachment":[{"href":"https:\/\/kibrisayna.com\/index.php\/wp-json\/wp\/v2\/media?parent=15791"}],"wp:term":[{"taxonomy":"category","embeddable":true,"href":"https:\/\/kibrisayna.com\/index.php\/wp-json\/wp\/v2\/categories?post=15791"},{"taxonomy":"post_tag","embeddable":true,"href":"https:\/\/kibrisayna.com\/index.php\/wp-json\/wp\/v2\/tags?post=15791"}],"curies":[{"name":"wp","href":"https:\/\/api.w.org\/{rel}","templated":true}]}}