{"id":15790,"date":"2025-01-05T14:37:29","date_gmt":"2025-01-05T11:37:29","guid":{"rendered":"https:\/\/kibrisayna.com\/index.php\/2025\/01\/05\/polis-bulteniaracinda-av-tufegi-bulunan-sahsa-yasal-islem-brtk\/"},"modified":"2025-01-05T14:37:29","modified_gmt":"2025-01-05T11:37:29","slug":"polis-bulteniaracinda-av-tufegi-bulunan-sahsa-yasal-islem-brtk","status":"publish","type":"post","link":"https:\/\/kibrisayna.com\/index.php\/2025\/01\/05\/polis-bulteniaracinda-av-tufegi-bulunan-sahsa-yasal-islem-brtk\/","title":{"rendered":"Polis b\u00fclteni:Arac\u0131nda av t\u00fcfe\u011fi bulunan \u015fahsa yasal i\u015flem \u2013 BRTK"},"content":{"rendered":"<p> <br \/>\n<\/p>\n<div>\n<div class=\"mariselle-image-container none\">\n                <img loading=\"lazy\" decoding=\"async\" width=\"952\" height=\"984\" class=\"lazy-image\" alt=\"\" sizes=\"auto, (max-width: 952px) 100vw, 952px\" src=\"https:\/\/brtk.net\/wp-content\/uploads\/2025\/01\/05\/1736068877207polis-tamam123.jpeg?ver=ce333538b70160fcbc66701f6cd74d70\" srcset=\"https:\/\/brtk.net\/wp-content\/uploads\/2025\/01\/05\/1736068877207polis-tamam123.jpeg?ver=ce333538b70160fcbc66701f6cd74d70 952w, https:\/\/brtk.net\/wp-content\/uploads\/2025\/01\/05\/1736068877207polis-tamam123-290x300.jpeg?ver=6bb68d67c96ddc69eff74a568f474ffb 290w, https:\/\/brtk.net\/wp-content\/uploads\/2025\/01\/05\/1736068877207polis-tamam123-768x794.jpeg?ver=6bb68d67c96ddc69eff74a568f474ffb 768w\"\/>                            <\/div>\n<p>Arac\u0131nda av t\u00fcfe\u011fi ile t\u00fcfek fi\u015fengi tasarruf etti\u011fi tespit edilen \u015fahsa yasal i\u015flem ba\u015flat\u0131ld\u0131.<\/p>\n<p>Polis Bas\u0131n Subayl\u0131\u011f\u0131ndan yap\u0131lan\u00a0a\u00e7\u0131klamada, d\u00fcn saat 16.00 s\u0131ralar\u0131nda \u0130skele Kurtulu\u015f \u00c7emberi\u2019nde yap\u0131lan polis kontrollerinde M.G\u2019nin (E-53) arac\u0131nda ava a\u00e7\u0131k olmayan bir g\u00fcnde ad\u0131na kay\u0131tl\u0131 av t\u00fcfe\u011fi ve 144 t\u00fcfek fi\u015fengi tespit edildi\u011fi belirtildi.<\/p>\n<p>\u015eahsa yasal i\u015flem ba\u015flat\u0131ld\u0131\u011f\u0131, soru\u015fturman\u0131n devam etti\u011fi ifade edildi.<\/p>\n<p>-Gazima\u011fusa\u2019da eve girerek h\u0131rs\u0131zl\u0131k yapan \u015fah\u0131s tutukland\u0131<\/p>\n<p>Gazima\u011fusa\u2019da bir eve girerek h\u0131rs\u0131zl\u0131k yapan \u015fah\u0131s tespit edildi.\u00a0A\u00e7\u0131klamada, \u015fahs\u0131n Glapsides b\u00f6lgesindeki eve \u00e7ar\u015famba g\u00fcn\u00fc saat 06.00 s\u0131ralar\u0131nda girdi\u011fi ve iki g\u00fcne\u015f g\u00f6zl\u00fc\u011f\u00fc ile c\u00fczdan i\u00e7erisindeki 10 bin TL paray\u0131 \u00e7ald\u0131\u011f\u0131 kaydedildi.<\/p>\n<p>Polis taraf\u0131ndan y\u00fcr\u00fct\u00fclen ileri soru\u015fturmada zanl\u0131 olarak g\u00f6r\u00fclen V.C.\u00d6\u2019n\u00fcn (E-23) tutukland\u0131\u011f\u0131 ve soru\u015fturman\u0131n devam etti\u011fi bildirildi.<\/p>\n<p>\u2013 Lefko\u015fa\u2019da sarho\u015f olup \u00e7evreye rahats\u0131zl\u0131k veren \u015fahsa tutukluluk<\/p>\n<p>Lefko\u015fa\u2019da gece yar\u0131s\u0131 sarho\u015f olup, \u00e7evreye rahats\u0131zl\u0131k veren \u015fah\u0131s tutukland\u0131.<\/p>\n<p>A\u00e7\u0131klamada, bug\u00fcn saat 01.30 s\u0131ralar\u0131nda Vedia Barut Sokak\u2019ta 213 mlgr alkol tesiri alt\u0131nda olan T.G.\u2019nin (E-35) y\u00fcksek sesle ba\u011f\u0131rd\u0131\u011f\u0131n\u0131n tespit edildi\u011fi kaydedildi.<\/p>\n<p>\u015eah\u0131s tutukland\u0131; soru\u015fturma devam ediyor.<\/p>\n<\/p><\/div>\n<p><script async\n                    defer\n                    crossorigin=\"anonymous\"\n                    src=\"https:\/\/connect.facebook.net\/tr_TR\/sdk.js#xfbml=1&#038;version=v3.3\"\n            ><\/script><br \/>\n<br \/><br \/>\n<br \/><a href=\"https:\/\/brtk.net\/polis-bulteniaracinda-av-tufegi-bulunan-sahsa-yasal-islem\/\"> <\/a><\/p>\n","protected":false},"excerpt":{"rendered":"<p>Arac\u0131nda av t\u00fcfe\u011fi ile t\u00fcfek fi\u015fengi tasarruf etti\u011fi tespit edilen \u015fahsa yasal i\u015flem ba\u015flat\u0131ld\u0131. Polis Bas\u0131n Subayl\u0131\u011f\u0131ndan yap\u0131lan\u00a0a\u00e7\u0131klamada, d\u00fcn saat 16.00 s\u0131ralar\u0131nda \u0130skele Kurtulu\u015f \u00c7emberi\u2019nde yap\u0131lan polis kontrollerinde M.G\u2019nin (E-53) arac\u0131nda ava a\u00e7\u0131k olmayan bir g\u00fcnde ad\u0131na kay\u0131tl\u0131 av t\u00fcfe\u011fi ve 144 t\u00fcfek fi\u015fengi tespit edildi\u011fi belirtildi. \u015eahsa yasal i\u015flem ba\u015flat\u0131ld\u0131\u011f\u0131, soru\u015fturman\u0131n devam etti\u011fi ifade [&hellip;]<\/p>\n","protected":false},"author":908,"featured_media":1550,"comment_status":"open","ping_status":"open","sticky":false,"template":"","format":"standard","meta":{"_jetpack_memberships_contains_paid_content":false,"footnotes":"","jetpack_publicize_message":"","jetpack_publicize_feature_enabled":true,"jetpack_social_post_already_shared":true,"jetpack_social_options":{"image_generator_settings":{"template":"highway","default_image_id":0,"font":"","enabled":false},"version":2}},"categories":[253,19],"tags":[],"class_list":["post-15790","post","type-post","status-publish","format-standard","has-post-thumbnail","hentry","category-gundem","category-manset"],"jetpack_publicize_connections":[],"jetpack_featured_media_url":"https:\/\/kibrisayna.com\/wp-content\/uploads\/2024\/08\/renkli-polis.jpg","jetpack_sharing_enabled":true,"_links":{"self":[{"href":"https:\/\/kibrisayna.com\/index.php\/wp-json\/wp\/v2\/posts\/15790","targetHints":{"allow":["GET"]}}],"collection":[{"href":"https:\/\/kibrisayna.com\/index.php\/wp-json\/wp\/v2\/posts"}],"about":[{"href":"https:\/\/kibrisayna.com\/index.php\/wp-json\/wp\/v2\/types\/post"}],"author":[{"embeddable":true,"href":"https:\/\/kibrisayna.com\/index.php\/wp-json\/wp\/v2\/users\/908"}],"replies":[{"embeddable":true,"href":"https:\/\/kibrisayna.com\/index.php\/wp-json\/wp\/v2\/comments?post=15790"}],"version-history":[{"count":0,"href":"https:\/\/kibrisayna.com\/index.php\/wp-json\/wp\/v2\/posts\/15790\/revisions"}],"wp:featuredmedia":[{"embeddable":true,"href":"https:\/\/kibrisayna.com\/index.php\/wp-json\/wp\/v2\/media\/1550"}],"wp:attachment":[{"href":"https:\/\/kibrisayna.com\/index.php\/wp-json\/wp\/v2\/media?parent=15790"}],"wp:term":[{"taxonomy":"category","embeddable":true,"href":"https:\/\/kibrisayna.com\/index.php\/wp-json\/wp\/v2\/categories?post=15790"},{"taxonomy":"post_tag","embeddable":true,"href":"https:\/\/kibrisayna.com\/index.php\/wp-json\/wp\/v2\/tags?post=15790"}],"curies":[{"name":"wp","href":"https:\/\/api.w.org\/{rel}","templated":true}]}}