{"id":15788,"date":"2025-01-05T14:30:11","date_gmt":"2025-01-05T11:30:11","guid":{"rendered":"https:\/\/kibrisayna.com\/index.php\/2025\/01\/05\/genel-grevlerini-askiya-alan-sendikalar-yarin-basin-toplantisi-duzenleyecek-brtk\/"},"modified":"2025-01-05T14:30:11","modified_gmt":"2025-01-05T11:30:11","slug":"genel-grevlerini-askiya-alan-sendikalar-yarin-basin-toplantisi-duzenleyecek-brtk","status":"publish","type":"post","link":"https:\/\/kibrisayna.com\/index.php\/2025\/01\/05\/genel-grevlerini-askiya-alan-sendikalar-yarin-basin-toplantisi-duzenleyecek-brtk\/","title":{"rendered":"Genel grevlerini ask\u0131ya alan sendikalar yar\u0131n bas\u0131n toplant\u0131s\u0131 d\u00fczenleyecek \u2013 BRTK"},"content":{"rendered":"<p> <br \/>\n<\/p>\n<div>\n<div class=\"mariselle-image-container none\">\n                <img loading=\"lazy\" decoding=\"async\" width=\"936\" height=\"690\" class=\"lazy-image\" alt=\"\" sizes=\"auto, (max-width: 936px) 100vw, 936px\" src=\"https:\/\/brtk.net\/wp-content\/uploads\/2025\/01\/05\/17360710508721735208771287eylem-1.jpeg?ver=d8b4f1f149f504fb8c4824e8eab0dcea\" srcset=\"https:\/\/brtk.net\/wp-content\/uploads\/2025\/01\/05\/17360710508721735208771287eylem-1.jpeg?ver=d8b4f1f149f504fb8c4824e8eab0dcea 936w, https:\/\/brtk.net\/wp-content\/uploads\/2025\/01\/05\/17360710508721735208771287eylem-1-300x221.jpeg?ver=bb9fc4a004079bc4f096388c59e05705 300w, https:\/\/brtk.net\/wp-content\/uploads\/2025\/01\/05\/17360710508721735208771287eylem-1-768x566.jpeg?ver=bb9fc4a004079bc4f096388c59e05705 768w\"\/>                            <\/div>\n<p>H\u00fck\u00fcmetin, Toplu \u0130\u015f S\u00f6zle\u015fmesi ile Grev ve Referandum Yasas\u0131 Tasar\u0131s\u0131\u2019n\u0131 geri \u00e7ekece\u011fini ve hayat pahal\u0131l\u0131\u011f\u0131 alma hakk\u0131n\u0131 d\u00fczenleyen yasa tasar\u0131s\u0131n\u0131 ask\u0131ya alaca\u011f\u0131n\u0131 a\u00e7\u0131klamas\u0131n\u0131n ard\u0131ndan genel grevlerini ask\u0131ya alan sendikalar, yar\u0131n bas\u0131n toplant\u0131s\u0131 d\u00fczenleyecek.<\/p>\n<p>Geli\u015fmelerle ilgili sendikalar\u0131n de\u011ferlendirmelerini yapaca\u011f\u0131 bas\u0131n toplant\u0131s\u0131, K\u0131br\u0131s T\u00fcrk \u00d6\u011fretmenler Sendikas\u0131 (KT\u00d6S) binas\u0131nda saat 12.00\u2019de yap\u0131lacak.<\/p>\n<p>KT\u00d6S Genel Sekreteri Burak Mavi\u015f, Sendikalar ad\u0131na yapt\u0131\u011f\u0131 a\u00e7\u0131klamada, m\u00fccadelelerinin ard\u0131ndan h\u00fck\u00fcmetin 2 tasar\u0131y\u0131 geri \u00e7ekti\u011fi ve 1 tasar\u0131y\u0131 ask\u0131ya ald\u0131\u011f\u0131n\u0131 hat\u0131rlatarak, yasa tasar\u0131lar\u0131na kar\u015f\u0131 ortaya konulan toplumsal iradenin, \u00f6rg\u00fctl\u00fc m\u00fccadelenin ve birlikteli\u011fin bir kazan\u0131m\u0131 oldu\u011funu vurgulad\u0131.<\/p>\n<p>A\u00e7\u0131klamada, \u201cVatanda\u015f\u0131n fakirle\u015ftirilmesine kar\u015f\u0131 refah d\u00fczeyinin y\u00fckseltilmesine, yaln\u0131zla\u015ft\u0131r\u0131lmaya \u00e7al\u0131\u015ft\u0131r\u0131lmas\u0131na kar\u015f\u0131 \u00f6rg\u00fctlenmesine, varl\u0131\u011f\u0131m\u0131z\u0131n tehdit edilmesine kar\u015f\u0131 k\u00fclt\u00fcr\u00fcm\u00fcze, kimli\u011fimize, toplumsal haklar\u0131m\u0131za sahip \u00e7\u0131kmaya devam edece\u011fiz.\u201d ifadelerine yer verildi.<\/p>\n<p><strong>\u2013 Ge\u00e7en hafta genel grev d\u00fczenlenmi\u015fti<\/strong><\/p>\n<p>Sendikalar, h\u00fck\u00fcmetin, Toplu \u0130\u015f S\u00f6zle\u015fmesi, Grev ve Referandum Yasas\u0131 ile Hayat Pahal\u0131l\u0131\u011f\u0131 Alma Hakk\u0131 Yasas\u0131\u2019nda yapmak istedi\u011fi de\u011fi\u015fikliklere kar\u015f\u0131 26-27 Aral\u0131k tarihlerinde iki g\u00fcn genel greve gitmi\u015fti. Grev s\u00fcresince Cumhuriyet Meclisi \u00f6n\u00fcnde eylemler d\u00fczenlenmi\u015fti.<\/p>\n<p>Maliye Bakan\u0131 \u00d6zdemir Berova\u2019n\u0131n,\u00a0 tasar\u0131lar\u0131n geri \u00e7ekilece\u011fi ve ask\u0131ya al\u0131nan d\u00fczenlemeyle ilgili sendikalarla uzla\u015fma sa\u011flanaca\u011f\u0131 a\u00e7\u0131klamas\u0131n\u0131n ard\u0131ndan,\u00a0 sendikalar grevlerini ask\u0131ya ald\u0131\u011f\u0131n\u0131 duyurmu\u015ftu.<\/p>\n<\/p><\/div>\n<p><script async\n                    defer\n                    crossorigin=\"anonymous\"\n                    src=\"https:\/\/connect.facebook.net\/tr_TR\/sdk.js#xfbml=1&#038;version=v3.3\"\n            ><\/script><br \/>\n<br \/><br \/>\n<br \/><a href=\"https:\/\/brtk.net\/genel-grevlerini-askiya-alan-sendikalar-yarin-basin-toplantisi-duzenleyecek\/\">Kaynak BRT <\/a><\/p>\n","protected":false},"excerpt":{"rendered":"<p>H\u00fck\u00fcmetin, Toplu \u0130\u015f S\u00f6zle\u015fmesi ile Grev ve Referandum Yasas\u0131 Tasar\u0131s\u0131\u2019n\u0131 geri \u00e7ekece\u011fini ve hayat pahal\u0131l\u0131\u011f\u0131 alma hakk\u0131n\u0131 d\u00fczenleyen yasa tasar\u0131s\u0131n\u0131 ask\u0131ya alaca\u011f\u0131n\u0131 a\u00e7\u0131klamas\u0131n\u0131n ard\u0131ndan genel grevlerini ask\u0131ya alan sendikalar, yar\u0131n bas\u0131n toplant\u0131s\u0131 d\u00fczenleyecek. Geli\u015fmelerle ilgili sendikalar\u0131n de\u011ferlendirmelerini yapaca\u011f\u0131 bas\u0131n toplant\u0131s\u0131, K\u0131br\u0131s T\u00fcrk \u00d6\u011fretmenler Sendikas\u0131 (KT\u00d6S) binas\u0131nda saat 12.00\u2019de yap\u0131lacak. KT\u00d6S Genel Sekreteri Burak Mavi\u015f, Sendikalar [&hellip;]<\/p>\n","protected":false},"author":908,"featured_media":15789,"comment_status":"open","ping_status":"open","sticky":false,"template":"","format":"standard","meta":{"_jetpack_memberships_contains_paid_content":false,"footnotes":"","jetpack_publicize_message":"","jetpack_publicize_feature_enabled":true,"jetpack_social_post_already_shared":true,"jetpack_social_options":{"image_generator_settings":{"template":"highway","default_image_id":0,"font":"","enabled":false},"version":2}},"categories":[253],"tags":[],"class_list":["post-15788","post","type-post","status-publish","format-standard","has-post-thumbnail","hentry","category-gundem"],"jetpack_publicize_connections":[],"jetpack_featured_media_url":"https:\/\/kibrisayna.com\/wp-content\/uploads\/2025\/01\/17360710508721735208771287eylem-1.jpeg","jetpack_sharing_enabled":true,"_links":{"self":[{"href":"https:\/\/kibrisayna.com\/index.php\/wp-json\/wp\/v2\/posts\/15788","targetHints":{"allow":["GET"]}}],"collection":[{"href":"https:\/\/kibrisayna.com\/index.php\/wp-json\/wp\/v2\/posts"}],"about":[{"href":"https:\/\/kibrisayna.com\/index.php\/wp-json\/wp\/v2\/types\/post"}],"author":[{"embeddable":true,"href":"https:\/\/kibrisayna.com\/index.php\/wp-json\/wp\/v2\/users\/908"}],"replies":[{"embeddable":true,"href":"https:\/\/kibrisayna.com\/index.php\/wp-json\/wp\/v2\/comments?post=15788"}],"version-history":[{"count":0,"href":"https:\/\/kibrisayna.com\/index.php\/wp-json\/wp\/v2\/posts\/15788\/revisions"}],"wp:featuredmedia":[{"embeddable":true,"href":"https:\/\/kibrisayna.com\/index.php\/wp-json\/wp\/v2\/media\/15789"}],"wp:attachment":[{"href":"https:\/\/kibrisayna.com\/index.php\/wp-json\/wp\/v2\/media?parent=15788"}],"wp:term":[{"taxonomy":"category","embeddable":true,"href":"https:\/\/kibrisayna.com\/index.php\/wp-json\/wp\/v2\/categories?post=15788"},{"taxonomy":"post_tag","embeddable":true,"href":"https:\/\/kibrisayna.com\/index.php\/wp-json\/wp\/v2\/tags?post=15788"}],"curies":[{"name":"wp","href":"https:\/\/api.w.org\/{rel}","templated":true}]}}