{"id":15783,"date":"2025-01-05T13:01:03","date_gmt":"2025-01-05T10:01:03","guid":{"rendered":"https:\/\/kibrisayna.com\/index.php\/2025\/01\/05\/korkutelinde-bir-evin-elektrik-dagitim-panosundaki-asiri-isinma-yangina-neden-oldu-brtk\/"},"modified":"2025-01-05T13:01:03","modified_gmt":"2025-01-05T10:01:03","slug":"korkutelinde-bir-evin-elektrik-dagitim-panosundaki-asiri-isinma-yangina-neden-oldu-brtk","status":"publish","type":"post","link":"https:\/\/kibrisayna.com\/index.php\/2025\/01\/05\/korkutelinde-bir-evin-elektrik-dagitim-panosundaki-asiri-isinma-yangina-neden-oldu-brtk\/","title":{"rendered":"Korkuteli\u2019nde bir evin elektrik da\u011f\u0131t\u0131m panosundaki a\u015f\u0131r\u0131 \u0131s\u0131nma yang\u0131na neden oldu \u2013 BRTK"},"content":{"rendered":"<p> <br \/>\n<\/p>\n<div>\n<div class=\"mariselle-image-container none\">\n                <img loading=\"lazy\" decoding=\"async\" width=\"775\" height=\"465\" class=\"lazy-image\" alt=\"\" sizes=\"auto, (max-width: 775px) 100vw, 775px\" src=\"https:\/\/brtk.net\/wp-content\/uploads\/2024\/12\/16\/1734359181537itfaiye-araci121.jpg?ver=1df062782731e6bda0919c2438dcc42d\" srcset=\"https:\/\/brtk.net\/wp-content\/uploads\/2024\/12\/16\/1734359181537itfaiye-araci121.jpg?ver=1df062782731e6bda0919c2438dcc42d 775w, https:\/\/brtk.net\/wp-content\/uploads\/2024\/12\/16\/1734359181537itfaiye-araci121-300x180.jpg?ver=1df062782731e6bda0919c2438dcc42d 300w, https:\/\/brtk.net\/wp-content\/uploads\/2024\/12\/16\/1734359181537itfaiye-araci121-768x461.jpg?ver=1df062782731e6bda0919c2438dcc42d 768w\"\/>                            <\/div>\n<p>Korkuteli\u2019nde Umut Sokak\u2019taki bir evde \u00e7\u0131kan yang\u0131nda, evin \u00a0elektrik da\u011f\u0131t\u0131m panosu tamamen\u00a0 yand\u0131.<\/p>\n<p>\u00a0Polis a\u00e7\u0131klamas\u0131na g\u00f6re, yang\u0131n, evin d\u0131\u015f cephesindeki elektrik da\u011f\u0131t\u0131m panosunda meydana gelen a\u015f\u0131r\u0131 \u0131s\u0131nma sonucunda \u00e7\u0131kt\u0131. \u0130tfaiye Ekipleri taraf\u0131ndan s\u00f6nd\u00fcr\u00fclen yang\u0131n sonucu, elektrik da\u011f\u0131t\u0131m panosu tamamen\u00a0 yand\u0131. Olayla ilgili soru\u015fturma devam ediyor.<\/p>\n<\/p><\/div>\n<p><script async\n                    defer\n                    crossorigin=\"anonymous\"\n                    src=\"https:\/\/connect.facebook.net\/tr_TR\/sdk.js#xfbml=1&#038;version=v3.3\"\n            ><\/script><br \/>\n<br \/><br \/>\n<br \/><a href=\"https:\/\/brtk.net\/korkutelinde-bir-evin-elektrik-dagitim-panosundaki-asiri-isinma-yangina-neden-oldu\/\"> <\/a><\/p>\n","protected":false},"excerpt":{"rendered":"<p>Korkuteli\u2019nde Umut Sokak\u2019taki bir evde \u00e7\u0131kan yang\u0131nda, evin \u00a0elektrik da\u011f\u0131t\u0131m panosu tamamen\u00a0 yand\u0131. \u00a0Polis a\u00e7\u0131klamas\u0131na g\u00f6re, yang\u0131n, evin d\u0131\u015f cephesindeki elektrik da\u011f\u0131t\u0131m panosunda meydana gelen a\u015f\u0131r\u0131 \u0131s\u0131nma sonucunda \u00e7\u0131kt\u0131. \u0130tfaiye Ekipleri taraf\u0131ndan s\u00f6nd\u00fcr\u00fclen yang\u0131n sonucu, elektrik da\u011f\u0131t\u0131m panosu tamamen\u00a0 yand\u0131. Olayla ilgili soru\u015fturma devam ediyor.<\/p>\n","protected":false},"author":908,"featured_media":14088,"comment_status":"open","ping_status":"open","sticky":false,"template":"","format":"standard","meta":{"_jetpack_memberships_contains_paid_content":false,"footnotes":"","jetpack_publicize_message":"","jetpack_publicize_feature_enabled":true,"jetpack_social_post_already_shared":true,"jetpack_social_options":{"image_generator_settings":{"template":"highway","default_image_id":0,"font":"","enabled":false},"version":2}},"categories":[253,19],"tags":[],"class_list":["post-15783","post","type-post","status-publish","format-standard","has-post-thumbnail","hentry","category-gundem","category-manset"],"jetpack_publicize_connections":[],"jetpack_featured_media_url":"https:\/\/kibrisayna.com\/wp-content\/uploads\/2024\/12\/1734359181537itfaiye-araci121.jpg","jetpack_sharing_enabled":true,"_links":{"self":[{"href":"https:\/\/kibrisayna.com\/index.php\/wp-json\/wp\/v2\/posts\/15783","targetHints":{"allow":["GET"]}}],"collection":[{"href":"https:\/\/kibrisayna.com\/index.php\/wp-json\/wp\/v2\/posts"}],"about":[{"href":"https:\/\/kibrisayna.com\/index.php\/wp-json\/wp\/v2\/types\/post"}],"author":[{"embeddable":true,"href":"https:\/\/kibrisayna.com\/index.php\/wp-json\/wp\/v2\/users\/908"}],"replies":[{"embeddable":true,"href":"https:\/\/kibrisayna.com\/index.php\/wp-json\/wp\/v2\/comments?post=15783"}],"version-history":[{"count":0,"href":"https:\/\/kibrisayna.com\/index.php\/wp-json\/wp\/v2\/posts\/15783\/revisions"}],"wp:featuredmedia":[{"embeddable":true,"href":"https:\/\/kibrisayna.com\/index.php\/wp-json\/wp\/v2\/media\/14088"}],"wp:attachment":[{"href":"https:\/\/kibrisayna.com\/index.php\/wp-json\/wp\/v2\/media?parent=15783"}],"wp:term":[{"taxonomy":"category","embeddable":true,"href":"https:\/\/kibrisayna.com\/index.php\/wp-json\/wp\/v2\/categories?post=15783"},{"taxonomy":"post_tag","embeddable":true,"href":"https:\/\/kibrisayna.com\/index.php\/wp-json\/wp\/v2\/tags?post=15783"}],"curies":[{"name":"wp","href":"https:\/\/api.w.org\/{rel}","templated":true}]}}