{"id":15779,"date":"2025-01-05T12:43:58","date_gmt":"2025-01-05T09:43:58","guid":{"rendered":"https:\/\/kibrisayna.com\/index.php\/2025\/01\/05\/teknofest-heyecani-bu-yil-istanbulda-yasanacak-son-dakika-teknoloji-haberleri\/"},"modified":"2025-01-05T12:43:58","modified_gmt":"2025-01-05T09:43:58","slug":"teknofest-heyecani-bu-yil-istanbulda-yasanacak-son-dakika-teknoloji-haberleri","status":"publish","type":"post","link":"https:\/\/kibrisayna.com\/index.php\/2025\/01\/05\/teknofest-heyecani-bu-yil-istanbulda-yasanacak-son-dakika-teknoloji-haberleri\/","title":{"rendered":"TEKNOFEST heyecan\u0131 bu y\u0131l \u0130stanbul\u2019da ya\u015fanacak &#8211; Son Dakika Teknoloji Haberleri"},"content":{"rendered":"<p> <br \/>\n<\/p>\n<div>\n<p>T\u00fcrkiye <a href=\"https:\/\/www.ntv.com.tr\/teknoloji\" target=\"_blank\" rel=\"tag noopener\">Teknoloji<\/a> Tak\u0131m\u0131 Vakf\u0131 (T3 Vakf\u0131) ve Sanayi ve Teknoloji Bakanl\u0131\u011f\u0131n\u0131n \u00f6nc\u00fcl\u00fc\u011f\u00fcnde d\u00fczenlenecek olan <a href=\"https:\/\/www.ntv.com.tr\/teknofest\" target=\"_blank\" rel=\"tag noopener\">TEKNOFEST<\/a>, bu kez \u0130stanbul\u2019da milyonlarca teknoloji merakl\u0131s\u0131n\u0131 bir araya getirmeye haz\u0131rlan\u0131yor. <\/p>\n<p>Her y\u0131l yenilenen yar\u0131\u015fma kategorileriyle dikkat \u00e7eken ve T\u00fcrkiye\u2019nin en b\u00fcy\u00fck \u00f6d\u00fcll\u00fc teknoloji yar\u0131\u015fmalar\u0131na ev sahipli\u011fi yapan TEKNOFEST, 2025 y\u0131l\u0131nda 51 ana kategori ve 117 alt kategoride ger\u00e7ekle\u015ftirilecek. TEKNOFEST 2025 Teknoloji Yar\u0131\u015fmalar\u0131na ba\u015fvurular, 20 \u015eubat\u2019a kadar devam edecek.<\/p>\n<p><strong>51 FARKLI KATEGOR\u0130DE HEYECAN, TEKNOFEST \u0130STANBUL\u2019DA<\/strong><\/p>\n<p>TEKNOFEST 2025\u2019te, gen\u00e7lerin heyecanla bekledi\u011fi Roket Yar\u0131\u015fmas\u0131, Model Uydu Yar\u0131\u015fmas\u0131, \u0130nsans\u0131z Hava Ara\u00e7lar\u0131 Yar\u0131\u015fmas\u0131, Hava Savunma Sistemleri Yar\u0131\u015fmas\u0131, Havac\u0131l\u0131kta Yapay Zeka Yar\u0131\u015fmas\u0131, Engelsiz Ya\u015fam Teknolojileri Yar\u0131\u015fmas\u0131 ve Blokzincir Yar\u0131\u015fmas\u0131 gibi 51 farkl\u0131 kategoride teknoloji yar\u0131\u015fmas\u0131 sahne alacak. <\/p>\n<p>Bu y\u0131l, \u00f6nceki y\u0131llardan farkl\u0131 olarak Su Alt\u0131 Roket Yar\u0131\u015fmas\u0131, \u0130nsans\u0131z Kara Arac\u0131 Yar\u0131\u015fmas\u0131, Uluslararas\u0131 \u00c7ocuk Bilim Yar\u0131\u015fmas\u0131 ve TEKNOFEST Mimari ve G\u00f6rsel Tasar\u0131m Yar\u0131\u015fmas\u0131 ilk kez ba\u015fvuruya a\u00e7\u0131larak teknoloji tutkunlar\u0131na yepyeni f\u0131rsatlar sunacak. Yar\u0131\u015fmalar, \u0130stanbul merkezli olarak Marmara B\u00f6lgesi\u2019nin farkl\u0131 noktalar\u0131nda ger\u00e7ekle\u015ftirilecek ve teknoloji tutkunlar\u0131na benzersiz bir deneyim sa\u011flayacak.<\/p>\n<p>2018 y\u0131l\u0131ndan bu yana inovasyonun ve gelece\u011fi \u015fekillendiren fikirlerin merkezi olan TEKNOFEST, bug\u00fcne kadar yakla\u015f\u0131k 4 milyon ba\u015fvuruya ev sahipli\u011fi yapt\u0131. TEKNOFEST 2025\u2019te de ilkokuldan lisans\u00fcst\u00fcne kadar her e\u011fitim seviyesinden binlerce gen\u00e7, hayallerini ger\u00e7e\u011fe d\u00f6n\u00fc\u015ft\u00fcrmek i\u00e7in farkl\u0131 kategorilerdeki teknoloji yar\u0131\u015fmalar\u0131na ba\u015fvuru yapma f\u0131rsat\u0131 bulacak.<\/p>\n<p>\u0130stanbul\u2019da d\u00fczenlenecek TEKNOFEST 2025 kapsam\u0131nda teknoloji yar\u0131\u015fmalar\u0131na ba\u015fvurular 20 \u015eubat\u2019ta sona erecek. T\u00fcrkiye Teknoloji Tak\u0131m\u0131 Vakf\u0131 ve Sanayi ve Teknoloji Bakanl\u0131\u011f\u0131\u2019n\u0131n y\u00fcr\u00fct\u00fcc\u00fcl\u00fc\u011f\u00fcnde, T\u00fcrkiye\u2019nin \u00f6nde gelen teknoloji \u015firketleri, kamu kurumlar\u0131, medya kurulu\u015flar\u0131 ve \u00fcniversitelerin katk\u0131lar\u0131yla d\u00fczenlenen TEKNOFEST Havac\u0131l\u0131k, Uzay ve Teknoloji Festivali, 2025 y\u0131l\u0131nda \u0130stanbul\u2019da teknoloji severlerle bulu\u015fmaya haz\u0131rlan\u0131yor. Festival co\u015fkusunu \u00fclkemizin her k\u00f6\u015fesine ula\u015ft\u0131ran ve &#8220;ilklerin tek festivali&#8221; TEKNOFEST\u2019in teknoloji yar\u0131\u015fmalar\u0131na kat\u0131lmak i\u00e7in www.teknofest.org adresinden ba\u015fvurular yapabilecek.<\/p>\n<\/div>\n<p><br \/>\n<br \/><a href=\"https:\/\/www.ntv.com.tr\/teknoloji\/teknofest-heyecani-bu-yil-istanbulda-yasanacak,imtz4bq8OECJWGitr2PM1Q\"><\/a><\/p>\n","protected":false},"excerpt":{"rendered":"<p>T\u00fcrkiye Teknoloji Tak\u0131m\u0131 Vakf\u0131 (T3 Vakf\u0131) ve Sanayi ve Teknoloji Bakanl\u0131\u011f\u0131n\u0131n \u00f6nc\u00fcl\u00fc\u011f\u00fcnde d\u00fczenlenecek olan TEKNOFEST, bu kez \u0130stanbul\u2019da milyonlarca teknoloji merakl\u0131s\u0131n\u0131 bir araya getirmeye haz\u0131rlan\u0131yor. Her y\u0131l yenilenen yar\u0131\u015fma kategorileriyle dikkat \u00e7eken ve T\u00fcrkiye\u2019nin en b\u00fcy\u00fck \u00f6d\u00fcll\u00fc teknoloji yar\u0131\u015fmalar\u0131na ev sahipli\u011fi yapan TEKNOFEST, 2025 y\u0131l\u0131nda 51 ana kategori ve 117 alt kategoride ger\u00e7ekle\u015ftirilecek. TEKNOFEST 2025 [&hellip;]<\/p>\n","protected":false},"author":908,"featured_media":15780,"comment_status":"open","ping_status":"open","sticky":false,"template":"","format":"standard","meta":{"_jetpack_memberships_contains_paid_content":false,"footnotes":"","jetpack_publicize_message":"","jetpack_publicize_feature_enabled":true,"jetpack_social_post_already_shared":true,"jetpack_social_options":{"image_generator_settings":{"template":"highway","default_image_id":0,"font":"","enabled":false},"version":2}},"categories":[12],"tags":[],"class_list":["post-15779","post","type-post","status-publish","format-standard","has-post-thumbnail","hentry","category-teknoloji"],"jetpack_publicize_connections":[],"jetpack_featured_media_url":"https:\/\/kibrisayna.com\/wp-content\/uploads\/2025\/01\/TaN8IvfRfESJEgTk7Hlgbg.jpg","jetpack_sharing_enabled":true,"_links":{"self":[{"href":"https:\/\/kibrisayna.com\/index.php\/wp-json\/wp\/v2\/posts\/15779","targetHints":{"allow":["GET"]}}],"collection":[{"href":"https:\/\/kibrisayna.com\/index.php\/wp-json\/wp\/v2\/posts"}],"about":[{"href":"https:\/\/kibrisayna.com\/index.php\/wp-json\/wp\/v2\/types\/post"}],"author":[{"embeddable":true,"href":"https:\/\/kibrisayna.com\/index.php\/wp-json\/wp\/v2\/users\/908"}],"replies":[{"embeddable":true,"href":"https:\/\/kibrisayna.com\/index.php\/wp-json\/wp\/v2\/comments?post=15779"}],"version-history":[{"count":0,"href":"https:\/\/kibrisayna.com\/index.php\/wp-json\/wp\/v2\/posts\/15779\/revisions"}],"wp:featuredmedia":[{"embeddable":true,"href":"https:\/\/kibrisayna.com\/index.php\/wp-json\/wp\/v2\/media\/15780"}],"wp:attachment":[{"href":"https:\/\/kibrisayna.com\/index.php\/wp-json\/wp\/v2\/media?parent=15779"}],"wp:term":[{"taxonomy":"category","embeddable":true,"href":"https:\/\/kibrisayna.com\/index.php\/wp-json\/wp\/v2\/categories?post=15779"},{"taxonomy":"post_tag","embeddable":true,"href":"https:\/\/kibrisayna.com\/index.php\/wp-json\/wp\/v2\/tags?post=15779"}],"curies":[{"name":"wp","href":"https:\/\/api.w.org\/{rel}","templated":true}]}}