{"id":15776,"date":"2025-01-05T11:42:31","date_gmt":"2025-01-05T08:42:31","guid":{"rendered":"https:\/\/kibrisayna.com\/index.php\/2025\/01\/05\/bm-genel-sekreteri-kibris-raporunda-ileriye-donuk-surece-elestirel-gozle-yaklasilmasini-istedi-brtk\/"},"modified":"2025-01-05T11:42:31","modified_gmt":"2025-01-05T08:42:31","slug":"bm-genel-sekreteri-kibris-raporunda-ileriye-donuk-surece-elestirel-gozle-yaklasilmasini-istedi-brtk","status":"publish","type":"post","link":"https:\/\/kibrisayna.com\/index.php\/2025\/01\/05\/bm-genel-sekreteri-kibris-raporunda-ileriye-donuk-surece-elestirel-gozle-yaklasilmasini-istedi-brtk\/","title":{"rendered":"BM Genel Sekreteri, K\u0131br\u0131s Raporu\u2019nda ileriye d\u00f6n\u00fck s\u00fcrece \u201cele\u015ftirel g\u00f6zle\u201d yakla\u015f\u0131lmas\u0131n\u0131 istedi \u2013 BRTK"},"content":{"rendered":"<p> <br \/>\n<\/p>\n<div>\n<div class=\"mariselle-image-container none\">\n                <img loading=\"lazy\" decoding=\"async\" width=\"864\" height=\"486\" class=\"lazy-image\" alt=\"\" sizes=\"auto, (max-width: 864px) 100vw, 864px\" src=\"https:\/\/brtk.net\/wp-content\/uploads\/2025\/01\/05\/guterres-kibris-raporu.jpg?ver=7c2cc7dfdb7d0a5790bb3e17e2011146\" srcset=\"https:\/\/brtk.net\/wp-content\/uploads\/2025\/01\/05\/guterres-kibris-raporu.jpg?ver=7c2cc7dfdb7d0a5790bb3e17e2011146 864w, https:\/\/brtk.net\/wp-content\/uploads\/2025\/01\/05\/guterres-kibris-raporu-300x169.jpg?ver=7c2cc7dfdb7d0a5790bb3e17e2011146 300w, https:\/\/brtk.net\/wp-content\/uploads\/2025\/01\/05\/guterres-kibris-raporu-768x432.jpg?ver=910417484b994433a1f5ea064aae15a3 768w\"\/>                            <\/div>\n<p>Birle\u015fmi\u015f Milletler (BM) Genel Sekreteri Antonio Guterres, K\u0131br\u0131s meselesinin \u00e7\u00f6z\u00fcm\u00fc ba\u011flam\u0131nda \u201cileriye d\u00f6n\u00fck s\u00fcrece ele\u015ftirel bir g\u00f6zle yakla\u015f\u0131lmas\u0131n\u0131n\u201d \u00f6nem ta\u015f\u0131d\u0131\u011f\u0131n\u0131 belirtti.<\/p>\n<p>AA muhabiri, Guterres\u2019in BM G\u00fcvenlik Konseyi \u00fcyelerine iletilen ve 13 Haziran 2024-11 Aral\u0131k 2024 d\u00f6nemini kapsayan \u201c\u0130yi Niyet Misyonu\u201d ve \u201cBM K\u0131br\u0131s Bar\u0131\u015f G\u00fcc\u00fc (UNFICYP)\u201d raporlar\u0131na ula\u015ft\u0131.<\/p>\n<p>\u0130yi Niyet Misyonu Raporu\u2019nda BM Genel Sekreteri K\u0131br\u0131s \u015eahsi Temsilcisi Maria Angela Holguin Cuellar\u2019\u0131n g\u00f6rev s\u00fcresinin 2024 temmuz ay\u0131nda sonland\u0131\u011f\u0131 da resmi olarak kayda ge\u00e7ti.<\/p>\n<p>Raporda, \u201cHolguin\u2019in t\u00fcm \u00e7abalar\u0131na ra\u011fmen\u201d taraflar aras\u0131nda K\u0131br\u0131s meselesinin \u00e7\u00f6z\u00fcm\u00fcne ili\u015fkin \u201cortak zemin\u201d bulunamad\u0131\u011f\u0131na dikkat \u00e7ekildi.<\/p>\n<p>\u0130ki liderin 15 Ekim\u2019de BM Genel Sekreteri\u2019yle birlikte gayr\u0131resmi ak\u015fam yeme\u011fi format\u0131nda bir araya geldi\u011fi an\u0131msat\u0131lan raporda, liderlere Ada\u2019da yeni ge\u00e7i\u015f kap\u0131lar\u0131 a\u00e7\u0131lmas\u0131 konusunda anla\u015fmaya varmalar\u0131 \u00e7a\u011fr\u0131s\u0131 yap\u0131ld\u0131.<\/p>\n<p>Raporda, Holguin\u2019in de tespit etti\u011fi \u00fczere taraflar aras\u0131nda \u201cortak zemin\u201d bulunmamas\u0131 nedeniyle garant\u00f6r \u00fclkelerin de kat\u0131l\u0131m\u0131yla daha \u201cgeni\u015f formatta\u201d gayr\u0131resmi bir toplant\u0131 yap\u0131lmas\u0131n\u0131n kararla\u015ft\u0131r\u0131ld\u0131\u011f\u0131 an\u0131msat\u0131ld\u0131.<\/p>\n<p>\u2013 \u201cEle\u015ftirel g\u00f6z \u00f6nem ta\u015f\u0131yor\u201d<\/p>\n<p>BM Genel Sekreteri Guterres, raporda, \u201cBu noktada, garant\u00f6r \u00fclkelerin de kat\u0131l\u0131m\u0131yla d\u00fczenlenecek geni\u015f formattaki gayr\u0131resmi toplant\u0131da ileriye d\u00f6n\u00fck s\u00fcrece \u2018ele\u015ftirel bir g\u00f6zle\u2019 yakla\u015f\u0131lmas\u0131 \u00f6nem ta\u015f\u0131yor.\u201d ifadesini kulland\u0131.<\/p>\n<p>Raporda, Guterres taraflara ileriye d\u00f6n\u00fck s\u00fcrece \u201cciddiyetle\u201d yakla\u015fmalar\u0131 \u00e7a\u011fr\u0131s\u0131nda bulunurken, K\u0131br\u0131s meselesine hala \u201ckar\u015f\u0131l\u0131kl\u0131 olarak kabul edilebilir\u201d bir \u00e7\u00f6z\u00fcm bulunmas\u0131n\u0131n m\u00fcmk\u00fcn oldu\u011funa i\u015faret etti.<\/p>\n<p>BM Genel Sekreteri Guterres, raporda federal \u00e7\u00f6z\u00fcm modeline do\u011frudan at\u0131fta bulunmayarak, \u201ckar\u015f\u0131l\u0131kl\u0131 kabul edilebilir\u201d bir \u00e7\u00f6z\u00fcme ula\u015f\u0131lmas\u0131 i\u00e7in s\u00fcrece \u201cele\u015ftirel bir g\u00f6zle\u201d bak\u0131lmas\u0131 gerekti\u011fini kaydetti.<\/p>\n<p>\u2013 GKRY\u2019n\u0131n s\u0131\u011f\u0131nmac\u0131lar\u0131 geri itmeleri devam etti<\/p>\n<p>BM K\u0131br\u0131s Bar\u0131\u015f G\u00fcc\u00fc (UNFICYP) Raporu\u2019nda ise ara b\u00f6lgede iki taraf\u0131n da ihlallerinin s\u00fcrd\u00fc\u011f\u00fcne ancak taraflar\u0131n diyalo\u011fa daha a\u00e7\u0131k bir tutum da sergilemeye ba\u015flad\u0131\u011f\u0131na i\u015faret edildi.<\/p>\n<p>Raporda, baz\u0131 Rum \u00e7ift\u00e7ilerin son d\u00f6nemde UNFICYP\u2019in ikazlar\u0131na ra\u011fmen ara b\u00f6lgenin kuzey ate\u015fkes hatt\u0131na yak\u0131n k\u0131sm\u0131ndaki faaliyetlerine de dikkat \u00e7ekilerek, bunun gerginli\u011fi artt\u0131rd\u0131\u011f\u0131 ifade edildi.<\/p>\n<p>Raporda, G\u00fcney K\u0131br\u0131s Rum Y\u00f6netimi\u2019nin (GKRY) s\u0131\u011f\u0131nmac\u0131lar\u0131 hem \u201cYe\u015fil Hat\u201d \u00fczerinden hem de denizden geri itme uygulamalar\u0131n\u0131n s\u00fcrd\u00fc\u011f\u00fc kaydedildi.<\/p>\n<p>Bu uygulama sonucu aralar\u0131nda 35 \u00e7ocu\u011fun da bulundu\u011fu 142 ki\u015finin ara b\u00f6lgede mahsur kald\u0131\u011f\u0131 aktar\u0131lan raporda, sorunun 14 Kas\u0131m\u2019da \u00e7\u00f6z\u00fcld\u00fc\u011f\u00fc ancak GKRY\u2019nin s\u0131\u011f\u0131nmac\u0131lara ili\u015fkin \u201cgeri g\u00f6ndermeme ilkesini\u201d ihlalini s\u00fcrd\u00fcrd\u00fc\u011f\u00fcn\u00fcn alt\u0131 \u00e7izildi.<\/p>\n<p>\u2013 GKRY polisine ba\u011fl\u0131 birimin faaliyetlerinin soru\u015fturulmas\u0131 talep edildi<\/p>\n<p>Raporda, GKRY polisine ba\u011fl\u0131 \u201cYabanc\u0131lar ve G\u00f6\u00e7menler Birimi\u201dnin ihlallerinin devam etti\u011fi, s\u00f6z konusu birimin raporlama s\u00fcrecinde ara b\u00f6lgede 137 ihlal ger\u00e7ekle\u015ftirdi\u011fi bildirildi.<\/p>\n<p>Yabanc\u0131lar ve G\u00f6\u00e7men Birimi\u2019nin disiplinsiz davran\u0131\u015flar\u0131n\u0131n ve UNFICYP bar\u0131\u015f g\u00fcc\u00fc personeline kar\u015f\u0131 da \u201cagresif\u201d hareketlerinin aktar\u0131ld\u0131\u011f\u0131 raporda, BM Genel Sekreteri Guterres, GKRY y\u00f6netimince s\u00f6z konusu birimin faaliyetlerinin soru\u015fturulmas\u0131n\u0131 talep etti.<\/p>\n<p>Raporda, Guterres, bar\u0131\u015f g\u00fcc\u00fcn\u00fcn g\u00fcvenli\u011finin b\u00fcy\u00fck \u00f6nem ta\u015f\u0131d\u0131\u011f\u0131n\u0131n alt\u0131n\u0131 \u00e7izerek, di\u011fer raporlarda oldu\u011fu gibi UNFICYP\u2019in g\u00f6rev s\u00fcresinin uzat\u0131lmas\u0131n\u0131 tavsiye etti.<\/p>\n<p>\u2013 \u0130ki lider New York\u2019ta bir araya gelmi\u015fti<\/p>\n<p>BM Genel Sekreteri Guterres\u2019in ev sahipli\u011finde Cumhurba\u015fkan\u0131 Ersin Tatar ile Rum lider Nikos Hristodulidis 15 Ekim 2024\u2019te New York\u2019ta gayr\u0131resmi yemekte bir araya gelmi\u015fti.<\/p>\n<p>Tatar, Rum taraf\u0131yla resmi g\u00f6r\u00fc\u015fmelerin ancak K\u0131br\u0131s T\u00fcrk taraf\u0131n\u0131n egemen e\u015fitli\u011finin ve e\u015fit uluslararas\u0131 stat\u00fcs\u00fcn\u00fcn teyidiyle m\u00fcmk\u00fcn olabilece\u011fini yinelemi\u015fti.<\/p>\n<p>\u2013 Tatar ayn\u0131 anlay\u0131\u015fla m\u00fczakerenin anlam ta\u015f\u0131mad\u0131\u011f\u0131n\u0131 s\u00f6ylemi\u015fti<\/p>\n<p>Cumhurba\u015fkan\u0131 Tatar, yemekte BM Genel Sekreteri Guterres ve GKRY lideri Hristodulidis\u2019e, 50 y\u0131ldan beri duran BM G\u00fcvenlik Konseyi kararlar\u0131na ba\u011fl\u0131 kalmak ve bu kararlar do\u011frultusunda bir \u00e7\u00f6z\u00fcm bulma y\u00f6n\u00fcndeki \u0131srar\u0131n ger\u00e7eklerden uzak oldu\u011funu iletti\u011fini belirtmi\u015fti.<\/p>\n<p>Son 50 y\u0131ld\u0131r s\u00fcrd\u00fcr\u00fclen federasyon temelli m\u00fczakerelerin sonu\u00e7 vermedi\u011fini ve en son 2017\u2019de \u0130svi\u00e7re\u2019nin Crans Montana kasabas\u0131nda Rumlar\u0131n masadan kalkmas\u0131yla s\u00fcrecin \u00e7\u00f6kt\u00fc\u011f\u00fcn\u00fc hat\u0131rlatan Tatar, ayn\u0131 anlay\u0131\u015fla yeniden m\u00fczakere yapman\u0131n hi\u00e7bir anlam ta\u015f\u0131mad\u0131\u011f\u0131n\u0131 muhataplar\u0131na s\u00f6yledi\u011fini aktarm\u0131\u015ft\u0131.<\/p>\n<p>TAK<\/p>\n<\/p><\/div>\n<p><script async\n                    defer\n                    crossorigin=\"anonymous\"\n                    src=\"https:\/\/connect.facebook.net\/tr_TR\/sdk.js#xfbml=1&#038;version=v3.3\"\n            ><\/script><br \/>\n<br \/><br \/>\n<br \/><a href=\"https:\/\/brtk.net\/bm-genel-sekreteri-kibris-raporunda-ileriye-donuk-surece-elestirel-gozle-yaklasilmasini-istedi\/\">Kaynak BRT <\/a><\/p>\n","protected":false},"excerpt":{"rendered":"<p>Birle\u015fmi\u015f Milletler (BM) Genel Sekreteri Antonio Guterres, K\u0131br\u0131s meselesinin \u00e7\u00f6z\u00fcm\u00fc ba\u011flam\u0131nda \u201cileriye d\u00f6n\u00fck s\u00fcrece ele\u015ftirel bir g\u00f6zle yakla\u015f\u0131lmas\u0131n\u0131n\u201d \u00f6nem ta\u015f\u0131d\u0131\u011f\u0131n\u0131 belirtti. AA muhabiri, Guterres\u2019in BM G\u00fcvenlik Konseyi \u00fcyelerine iletilen ve 13 Haziran 2024-11 Aral\u0131k 2024 d\u00f6nemini kapsayan \u201c\u0130yi Niyet Misyonu\u201d ve \u201cBM K\u0131br\u0131s Bar\u0131\u015f G\u00fcc\u00fc (UNFICYP)\u201d raporlar\u0131na ula\u015ft\u0131. \u0130yi Niyet Misyonu Raporu\u2019nda BM Genel Sekreteri [&hellip;]<\/p>\n","protected":false},"author":908,"featured_media":15777,"comment_status":"open","ping_status":"open","sticky":false,"template":"","format":"standard","meta":{"_jetpack_memberships_contains_paid_content":false,"footnotes":"","jetpack_publicize_message":"","jetpack_publicize_feature_enabled":true,"jetpack_social_post_already_shared":true,"jetpack_social_options":{"image_generator_settings":{"template":"highway","default_image_id":0,"font":"","enabled":false},"version":2}},"categories":[253],"tags":[],"class_list":["post-15776","post","type-post","status-publish","format-standard","has-post-thumbnail","hentry","category-gundem"],"jetpack_publicize_connections":[],"jetpack_featured_media_url":"https:\/\/kibrisayna.com\/wp-content\/uploads\/2025\/01\/guterres-kibris-raporu.jpg","jetpack_sharing_enabled":true,"_links":{"self":[{"href":"https:\/\/kibrisayna.com\/index.php\/wp-json\/wp\/v2\/posts\/15776","targetHints":{"allow":["GET"]}}],"collection":[{"href":"https:\/\/kibrisayna.com\/index.php\/wp-json\/wp\/v2\/posts"}],"about":[{"href":"https:\/\/kibrisayna.com\/index.php\/wp-json\/wp\/v2\/types\/post"}],"author":[{"embeddable":true,"href":"https:\/\/kibrisayna.com\/index.php\/wp-json\/wp\/v2\/users\/908"}],"replies":[{"embeddable":true,"href":"https:\/\/kibrisayna.com\/index.php\/wp-json\/wp\/v2\/comments?post=15776"}],"version-history":[{"count":0,"href":"https:\/\/kibrisayna.com\/index.php\/wp-json\/wp\/v2\/posts\/15776\/revisions"}],"wp:featuredmedia":[{"embeddable":true,"href":"https:\/\/kibrisayna.com\/index.php\/wp-json\/wp\/v2\/media\/15777"}],"wp:attachment":[{"href":"https:\/\/kibrisayna.com\/index.php\/wp-json\/wp\/v2\/media?parent=15776"}],"wp:term":[{"taxonomy":"category","embeddable":true,"href":"https:\/\/kibrisayna.com\/index.php\/wp-json\/wp\/v2\/categories?post=15776"},{"taxonomy":"post_tag","embeddable":true,"href":"https:\/\/kibrisayna.com\/index.php\/wp-json\/wp\/v2\/tags?post=15776"}],"curies":[{"name":"wp","href":"https:\/\/api.w.org\/{rel}","templated":true}]}}