{"id":15745,"date":"2025-01-04T13:10:28","date_gmt":"2025-01-04T10:10:28","guid":{"rendered":"https:\/\/kibrisayna.com\/index.php\/2025\/01\/04\/cumhurbaskani-tatar-ak-parti-sakarya-milletvekili-ali-inci-ve-beraberindeki-heyeti-kabul-ederek-gorustu-brtk\/"},"modified":"2025-01-04T13:10:28","modified_gmt":"2025-01-04T10:10:28","slug":"cumhurbaskani-tatar-ak-parti-sakarya-milletvekili-ali-inci-ve-beraberindeki-heyeti-kabul-ederek-gorustu-brtk","status":"publish","type":"post","link":"https:\/\/kibrisayna.com\/index.php\/2025\/01\/04\/cumhurbaskani-tatar-ak-parti-sakarya-milletvekili-ali-inci-ve-beraberindeki-heyeti-kabul-ederek-gorustu-brtk\/","title":{"rendered":"Cumhurba\u015fkan\u0131 Tatar AK Parti Sakarya Milletvekili Ali \u0130nci ve beraberindeki heyeti kabul ederek g\u00f6r\u00fc\u015ft\u00fc. \u2013 BRTK"},"content":{"rendered":"<p> <br \/>\n<\/p>\n<div>\n<div class=\"mariselle-image-container center\">\n                <img loading=\"lazy\" decoding=\"async\" width=\"2560\" height=\"1706\" class=\"lazy-image\" alt=\"\" sizes=\"auto, (max-width: 2560px) 100vw, 2560px\" src=\"https:\/\/brtk.net\/wp-content\/uploads\/2025\/01\/04\/1735982621674Tatar-Ak-parti-heyeti-5.jpg?ver=23d8e2ba30f9034da57c326ab570b865\" srcset=\"https:\/\/brtk.net\/wp-content\/uploads\/2025\/01\/04\/1735982621674Tatar-Ak-parti-heyeti-5.jpg?ver=23d8e2ba30f9034da57c326ab570b865 2560w, https:\/\/brtk.net\/wp-content\/uploads\/2025\/01\/04\/1735982621674Tatar-Ak-parti-heyeti-5-300x200.jpg?ver=23d8e2ba30f9034da57c326ab570b865 300w, https:\/\/brtk.net\/wp-content\/uploads\/2025\/01\/04\/1735982621674Tatar-Ak-parti-heyeti-5-1024x682.jpg?ver=ed950fcd835deaf3b678abe294b96b32 1024w, https:\/\/brtk.net\/wp-content\/uploads\/2025\/01\/04\/1735982621674Tatar-Ak-parti-heyeti-5-768x512.jpg?ver=ed950fcd835deaf3b678abe294b96b32 768w, https:\/\/brtk.net\/wp-content\/uploads\/2025\/01\/04\/1735982621674Tatar-Ak-parti-heyeti-5-1536x1024.jpg?ver=06cc5092953a376157f52c55cd302d4e 1536w, https:\/\/brtk.net\/wp-content\/uploads\/2025\/01\/04\/1735982621674Tatar-Ak-parti-heyeti-5-2048x1365.jpg?ver=1f9ff4077d15101db970004f77087bae 2048w\"\/>                            <\/div>\n<p>\nCumhurba\u015fkan\u0131 Ersin Tatar, AK Parti Sakarya Milletvekili, AK Parti Genel Merkez Yerel Y\u00f6netimler Ba\u015fkan Yard\u0131mc\u0131s\u0131, Ali \u0130nci ve beraberindeki heyeti kabul etti.<\/p>\n<p>Cumhurba\u015fkanl\u0131\u011f\u0131\u2019ndan yap\u0131lan a\u00e7\u0131klamaya g\u00f6re Cumhurba\u015fkan\u0131 Tatar, ziyaretten duydu\u011fu memnuniyeti ifade ederek, \u201cbu ziyaretlerin, T\u00fcrkiye ile olan g\u00f6n\u00fcl ba\u011f\u0131n\u0131 daha da g\u00fc\u00e7lendirdi\u011fini\u201d s\u00f6yledi.<\/p>\n<p>K\u0131br\u0131s\u2019ta K\u0131br\u0131s T\u00fcrk\u00fcn\u00fcn y\u0131llard\u0131r verdi\u011fi m\u00fccadeleye de\u011finen Cumhurba\u015fkan\u0131 Tatar, Rum-Yunan ikilisinin aday\u0131 Yunanistan\u2019a ba\u011flama emelleri oldu\u011funu, T\u00fcrkiye\u2019nin deste\u011fi ve K\u0131br\u0131s T\u00fcrk\u00fcn\u00fcn direni\u015fi sayesinde bunun ger\u00e7ekle\u015ftirilemedi\u011fini anlatt\u0131.<\/p>\n<p>Cumhurba\u015fkan\u0131 Tatar, \u201cKuzey K\u0131br\u0131s T\u00fcrk Cumhuriyeti\u2019nin, T\u00fcrkiye ve T\u00fcrk D\u00fcnyas\u0131 ile olan ili\u015fkilerini g\u00fc\u00e7lendirmek ve yap\u0131s\u0131n\u0131 daha da g\u00fc\u00e7l\u00fc bir \u015fekilde gelece\u011fe ta\u015f\u0131mak i\u00e7in var g\u00fcc\u00fcyle \u00e7al\u0131\u015ft\u0131\u011f\u0131n\u0131\u201d kaydetti.<\/p>\n<p>KKTC\u2019nin kendi deniz yetki alanlar\u0131, karasular\u0131, k\u0131ta sahanl\u0131\u011f\u0131, ekonomik m\u00fcnhas\u0131r b\u00f6lge haklar\u0131n\u0131n \u00fczerinde G\u00f6k Vatan ile hava sahas\u0131 hak ve hukuku oldu\u011funu dile getiren Cumhurba\u015fkan\u0131 Tatar, t\u00fcm bu konjonkt\u00fcrde KKTC\u2019nin hem Do\u011fu Akdeniz\u2019de hem de T\u00fcrk d\u00fcnyas\u0131ndaki \u00f6neminin ve stat\u00fcs\u00fcn\u00fcn artt\u0131\u011f\u0131n\u0131 belirtti.<\/p>\n<p>T\u00fcrkiye ile yap\u0131lan temaslar\u0131n \u00f6nemine de\u011finen Cumhurba\u015fkan\u0131 Tatar, i\u015fbirli\u011fi i\u00e7in gereken zeminin haz\u0131rlanmas\u0131nda kurulacak ba\u011flar\u0131n \u00f6nemli oldu\u011funu ifade etti.<\/p>\n<p>Ekonomik olarak g\u00fc\u00e7lenme \u00e7al\u0131\u015fmalar\u0131n\u0131n devam etmesi gereklili\u011fine de de\u011finen Cumhurba\u015fkan\u0131 Tatar, genel \u00e7er\u00e7eveye bak\u0131ld\u0131\u011f\u0131 zaman KKTC\u2019nin potansiyel hacminin artt\u0131\u011f\u0131n\u0131 belirtti.<\/p>\n<p>AK Parti Sakarya Milletvekili Ali \u0130nci ise, Cumhurba\u015fkan\u0131 Tatar ile bir araya gelmekten duydu\u011fu memnuniyeti ifade etti. Cumhurba\u015fkan\u0131 Tatar\u2019\u0131n Sakarya ziyaretine de\u011finerek, oradaki temaslar\u0131n\u0131n \u00f6nemine de\u011finen \u0130nci, iki halk aras\u0131nda temaslar\u0131n ve i\u015fbirli\u011finin \u00f6nemli oldu\u011funu, bunu geli\u015ftirmek i\u00e7in \u00e7al\u0131\u015fmaya devam edeceklerini kaydetti.<\/p>\n<\/p><\/div>\n<p><script async\n                    defer\n                    crossorigin=\"anonymous\"\n                    src=\"https:\/\/connect.facebook.net\/tr_TR\/sdk.js#xfbml=1&#038;version=v3.3\"\n            ><\/script><br \/>\n<br \/><br \/>\n<br \/><a href=\"https:\/\/brtk.net\/cumhurbaskani-tatar-ak-parti-sakarya-milletvekili-ali-inci-ve-beraberindeki-heyeti-kabul-ederek-gorustu\/\">Kaynak BRT <\/a><\/p>\n","protected":false},"excerpt":{"rendered":"<p>Cumhurba\u015fkan\u0131 Ersin Tatar, AK Parti Sakarya Milletvekili, AK Parti Genel Merkez Yerel Y\u00f6netimler Ba\u015fkan Yard\u0131mc\u0131s\u0131, Ali \u0130nci ve beraberindeki heyeti kabul etti. Cumhurba\u015fkanl\u0131\u011f\u0131\u2019ndan yap\u0131lan a\u00e7\u0131klamaya g\u00f6re Cumhurba\u015fkan\u0131 Tatar, ziyaretten duydu\u011fu memnuniyeti ifade ederek, \u201cbu ziyaretlerin, T\u00fcrkiye ile olan g\u00f6n\u00fcl ba\u011f\u0131n\u0131 daha da g\u00fc\u00e7lendirdi\u011fini\u201d s\u00f6yledi. K\u0131br\u0131s\u2019ta K\u0131br\u0131s T\u00fcrk\u00fcn\u00fcn y\u0131llard\u0131r verdi\u011fi m\u00fccadeleye de\u011finen Cumhurba\u015fkan\u0131 Tatar, Rum-Yunan ikilisinin [&hellip;]<\/p>\n","protected":false},"author":908,"featured_media":15746,"comment_status":"open","ping_status":"open","sticky":false,"template":"","format":"standard","meta":{"_jetpack_memberships_contains_paid_content":false,"footnotes":"","jetpack_publicize_message":"","jetpack_publicize_feature_enabled":true,"jetpack_social_post_already_shared":true,"jetpack_social_options":{"image_generator_settings":{"template":"highway","default_image_id":0,"font":"","enabled":false},"version":2}},"categories":[253],"tags":[],"class_list":["post-15745","post","type-post","status-publish","format-standard","has-post-thumbnail","hentry","category-gundem"],"jetpack_publicize_connections":[],"jetpack_featured_media_url":"https:\/\/kibrisayna.com\/wp-content\/uploads\/2025\/01\/1735982621674Tatar-Ak-parti-heyeti-5.jpg","jetpack_sharing_enabled":true,"_links":{"self":[{"href":"https:\/\/kibrisayna.com\/index.php\/wp-json\/wp\/v2\/posts\/15745","targetHints":{"allow":["GET"]}}],"collection":[{"href":"https:\/\/kibrisayna.com\/index.php\/wp-json\/wp\/v2\/posts"}],"about":[{"href":"https:\/\/kibrisayna.com\/index.php\/wp-json\/wp\/v2\/types\/post"}],"author":[{"embeddable":true,"href":"https:\/\/kibrisayna.com\/index.php\/wp-json\/wp\/v2\/users\/908"}],"replies":[{"embeddable":true,"href":"https:\/\/kibrisayna.com\/index.php\/wp-json\/wp\/v2\/comments?post=15745"}],"version-history":[{"count":0,"href":"https:\/\/kibrisayna.com\/index.php\/wp-json\/wp\/v2\/posts\/15745\/revisions"}],"wp:featuredmedia":[{"embeddable":true,"href":"https:\/\/kibrisayna.com\/index.php\/wp-json\/wp\/v2\/media\/15746"}],"wp:attachment":[{"href":"https:\/\/kibrisayna.com\/index.php\/wp-json\/wp\/v2\/media?parent=15745"}],"wp:term":[{"taxonomy":"category","embeddable":true,"href":"https:\/\/kibrisayna.com\/index.php\/wp-json\/wp\/v2\/categories?post=15745"},{"taxonomy":"post_tag","embeddable":true,"href":"https:\/\/kibrisayna.com\/index.php\/wp-json\/wp\/v2\/tags?post=15745"}],"curies":[{"name":"wp","href":"https:\/\/api.w.org\/{rel}","templated":true}]}}