{"id":15741,"date":"2025-01-04T03:29:25","date_gmt":"2025-01-04T00:29:25","guid":{"rendered":"https:\/\/kibrisayna.com\/index.php\/2025\/01\/04\/68-yilin-en-dusuk-seviyesine-geriledi\/"},"modified":"2025-01-04T03:29:25","modified_gmt":"2025-01-04T00:29:25","slug":"68-yilin-en-dusuk-seviyesine-geriledi","status":"publish","type":"post","link":"https:\/\/kibrisayna.com\/index.php\/2025\/01\/04\/68-yilin-en-dusuk-seviyesine-geriledi\/","title":{"rendered":"68 y\u0131l\u0131n en d\u00fc\u015f\u00fck seviyesine geriledi"},"content":{"rendered":"<p> <br \/>\n<\/p>\n<div>\n<p>FIM-CISL sendikas\u0131 \u00fclkede ge\u00e7en y\u0131la ili\u015fkin <a href=\"https:\/\/www.ntv.com.tr\/otomobil\" target=\"_blank\" rel=\"tag noopener\">otomobil<\/a> \u00fcretim rakamlar\u0131n\u0131 a\u00e7\u0131klad\u0131.<\/p>\n<p>Buna g\u00f6re, \u0130talyan otomobil sekt\u00f6r\u00fcndeki gerileme 2024\u2019de dramatik bir \u015fekilde k\u00f6t\u00fcle\u015fti.<\/p>\n<p>Avrupa Birli\u011fi\u2019nin \u00fc\u00e7\u00fcnc\u00fc b\u00fcy\u00fck ekonomisinde otomobil \u00fcretimi ge\u00e7en y\u0131l yakla\u015f\u0131k y\u00fczde 46 d\u00fc\u015ferek, 283 bin 9 ile 1956&#8217;dan bu yana en d\u00fc\u015f\u00fck seviyeye geriledi. Ticari ara\u00e7 \u00fcretimi de y\u00fczde 17 d\u00fc\u015ferek, 192 bine indi.<\/p>\n<p>2021\u2019de Fiat Chrysler ve Frans\u0131z PSA-Peugeot&#8217;nun birle\u015fmesiyle kurulan Stellantis&#8217;in <a href=\"https:\/\/www.ntv.com.tr\/italya\" target=\"_blank\" rel=\"tag noopener\">\u0130talya<\/a>&#8216;daki ara\u00e7 \u00fcretimi ge\u00e7en y\u0131l yakla\u015f\u0131k y\u00fczde 37 d\u00fc\u015ferek, 475 bin 90\u2019a geriledi. \u015eirket, 2023&#8217;te 751 bin 384 otomobil \u00fcretmi\u015fti.<\/p>\n<p>Hacim bak\u0131m\u0131ndan d\u00fcnyan\u0131n d\u00f6rd\u00fcnc\u00fc b\u00fcy\u00fck otomobil \u00fcreticisi olan Stellantis, Avrupa\u2019daki di\u011fer otomobil \u00fcreticileri gibi elektrikli ara\u00e7lar i\u00e7in zay\u0131f talep, mevzuat belirsizli\u011fi ve sert \u00c7in rekabetiyle kar\u015f\u0131 kar\u015f\u0131ya bulunuyor.<\/p>\n<p>Sendikan\u0131n a\u00e7\u0131klamas\u0131nda, \u201c2024 Stellantis\u2019in kara y\u0131l\u0131 olarak hat\u0131rlanacak.\u201d denildi.<\/p>\n<p>FIM-CISL Ba\u015fkan\u0131 Ferdinando Uliano, Avrupa Birli\u011fi\u2019ne 2025 emisyon hedeflerini g\u00f6zden ge\u00e7irme \u00e7a\u011fr\u0131s\u0131 yaparak, \u201cBu, Avrupa i\u00e7in bir m\u00fccadeledir\u201d ifadesini kulland\u0131.<\/p>\n<p><strong>1 M\u0130LYON \u00dcRET\u0130M HEDEF\u0130<\/strong><\/p>\n<p>\u0130talya\u2019da Fiat, Maserati, Alfa Romeo ve Lancia gibi markalar\u0131 5 fabrikada \u00fcreten Stellantis ise haber yay\u0131na haz\u0131rlan\u0131rken, konuya ili\u015fkin bir a\u00e7\u0131klama yapmad\u0131.<\/p>\n<p>Stellantis, ge\u00e7en ay \u00fcretimi art\u0131rmak i\u00e7in bir plan sunmu\u015ftu. \u015eirket, 2025\u2019de \u0130talya&#8217;da toplam 2 milyar avroluk yat\u0131r\u0131m yapaca\u011f\u0131n\u0131 ve yeni modeller \u00fcretece\u011fini a\u00e7\u0131klam\u0131\u015ft\u0131.<\/p>\n<p>Yeni modellerin piyasaya s\u00fcr\u00fclmesi durumunda \u00fcretimde 2026&#8217;dan itibaren bir art\u0131\u015f bekleniyor.<\/p>\n<p>Bask\u0131 alt\u0131nda bulunan \u0130talyan h\u00fck\u00fcmeti ise \u00fclkedeki otomobil \u00fcretimini bir milyon arac\u0131n \u00fczerine \u00e7\u0131karmay\u0131 hedefliyor.<\/p>\n<\/div>\n<p><br \/>\n<br \/><a href=\"https:\/\/www.ntv.com.tr\/otomobil\/italyada-otomobil-uretiminde-buyuk-dusus-68-yilin-en-dusuk-seviyesine-geriledi,d-Gkv_F4pkGr9wfom1bb-A\"><\/a><\/p>\n","protected":false},"excerpt":{"rendered":"<p>FIM-CISL sendikas\u0131 \u00fclkede ge\u00e7en y\u0131la ili\u015fkin otomobil \u00fcretim rakamlar\u0131n\u0131 a\u00e7\u0131klad\u0131. Buna g\u00f6re, \u0130talyan otomobil sekt\u00f6r\u00fcndeki gerileme 2024\u2019de dramatik bir \u015fekilde k\u00f6t\u00fcle\u015fti. Avrupa Birli\u011fi\u2019nin \u00fc\u00e7\u00fcnc\u00fc b\u00fcy\u00fck ekonomisinde otomobil \u00fcretimi ge\u00e7en y\u0131l yakla\u015f\u0131k y\u00fczde 46 d\u00fc\u015ferek, 283 bin 9 ile 1956&#8217;dan bu yana en d\u00fc\u015f\u00fck seviyeye geriledi. Ticari ara\u00e7 \u00fcretimi de y\u00fczde 17 d\u00fc\u015ferek, 192 bine indi. [&hellip;]<\/p>\n","protected":false},"author":908,"featured_media":14013,"comment_status":"open","ping_status":"open","sticky":false,"template":"","format":"standard","meta":{"_jetpack_memberships_contains_paid_content":false,"footnotes":"","jetpack_publicize_message":"","jetpack_publicize_feature_enabled":true,"jetpack_social_post_already_shared":true,"jetpack_social_options":{"image_generator_settings":{"template":"highway","default_image_id":0,"font":"","enabled":false},"version":2}},"categories":[13],"tags":[],"class_list":["post-15741","post","type-post","status-publish","format-standard","has-post-thumbnail","hentry","category-otomobil"],"jetpack_publicize_connections":[],"jetpack_featured_media_url":"https:\/\/kibrisayna.com\/wp-content\/uploads\/2024\/12\/OMS7XEnAZkSYcknDk_nu_A.jpg","jetpack_sharing_enabled":true,"_links":{"self":[{"href":"https:\/\/kibrisayna.com\/index.php\/wp-json\/wp\/v2\/posts\/15741","targetHints":{"allow":["GET"]}}],"collection":[{"href":"https:\/\/kibrisayna.com\/index.php\/wp-json\/wp\/v2\/posts"}],"about":[{"href":"https:\/\/kibrisayna.com\/index.php\/wp-json\/wp\/v2\/types\/post"}],"author":[{"embeddable":true,"href":"https:\/\/kibrisayna.com\/index.php\/wp-json\/wp\/v2\/users\/908"}],"replies":[{"embeddable":true,"href":"https:\/\/kibrisayna.com\/index.php\/wp-json\/wp\/v2\/comments?post=15741"}],"version-history":[{"count":0,"href":"https:\/\/kibrisayna.com\/index.php\/wp-json\/wp\/v2\/posts\/15741\/revisions"}],"wp:featuredmedia":[{"embeddable":true,"href":"https:\/\/kibrisayna.com\/index.php\/wp-json\/wp\/v2\/media\/14013"}],"wp:attachment":[{"href":"https:\/\/kibrisayna.com\/index.php\/wp-json\/wp\/v2\/media?parent=15741"}],"wp:term":[{"taxonomy":"category","embeddable":true,"href":"https:\/\/kibrisayna.com\/index.php\/wp-json\/wp\/v2\/categories?post=15741"},{"taxonomy":"post_tag","embeddable":true,"href":"https:\/\/kibrisayna.com\/index.php\/wp-json\/wp\/v2\/tags?post=15741"}],"curies":[{"name":"wp","href":"https:\/\/api.w.org\/{rel}","templated":true}]}}