{"id":15737,"date":"2025-01-03T21:36:00","date_gmt":"2025-01-03T18:36:00","guid":{"rendered":"https:\/\/kibrisayna.com\/index.php\/2025\/01\/03\/iusarcda-yeni-donem-brtk\/"},"modified":"2025-01-03T21:36:00","modified_gmt":"2025-01-03T18:36:00","slug":"iusarcda-yeni-donem-brtk","status":"publish","type":"post","link":"https:\/\/kibrisayna.com\/index.php\/2025\/01\/03\/iusarcda-yeni-donem-brtk\/","title":{"rendered":"IUSARC\u2019da yeni d\u00f6nem \u2013 BRTK"},"content":{"rendered":"<p> <br \/>\n<\/p>\n<div>\n<div class=\"mariselle-image-container center\">\n                <img loading=\"lazy\" decoding=\"async\" width=\"1600\" height=\"1199\" class=\"lazy-image\" alt=\"\" sizes=\"auto, (max-width: 1600px) 100vw, 1600px\" src=\"https:\/\/brtk.net\/wp-content\/uploads\/2025\/01\/03\/1735912659246sst-universiteler-1.jpg?ver=723eb653cda93a33ff2840b687e6bd9f\" srcset=\"https:\/\/brtk.net\/wp-content\/uploads\/2025\/01\/03\/1735912659246sst-universiteler-1.jpg?ver=723eb653cda93a33ff2840b687e6bd9f 1600w, https:\/\/brtk.net\/wp-content\/uploads\/2025\/01\/03\/1735912659246sst-universiteler-1-300x225.jpg?ver=816c7cd6e74384d7ed66f1a3f4f24b3d 300w, https:\/\/brtk.net\/wp-content\/uploads\/2025\/01\/03\/1735912659246sst-universiteler-1-1024x767.jpg?ver=816c7cd6e74384d7ed66f1a3f4f24b3d 1024w, https:\/\/brtk.net\/wp-content\/uploads\/2025\/01\/03\/1735912659246sst-universiteler-1-768x576.jpg?ver=83928f61b6c26aef3fad3b43dd6153cb 768w, https:\/\/brtk.net\/wp-content\/uploads\/2025\/01\/03\/1735912659246sst-universiteler-1-1536x1151.jpg?ver=af3564a4ad908e1e042ecc7a76cbbd30 1536w\"\/>                            <\/div>\n<p>Uluslararas\u0131 \u00dcniversiteler Arama Kurtarma Konseyi\u2019nin (IUSARC) yeni y\u00f6netimi belirlendi.<\/p>\n<p>Sivil Savunma Te\u015fkilat\u0131 Ba\u015fkanl\u0131\u011f\u0131 ev sahipli\u011finde bug\u00fcn yap\u0131lan genel kurulda IUSARC 5\u2019inci D\u00f6nem Ba\u015fkanl\u0131\u011f\u0131na Yak\u0131n Do\u011fu \u00dcniversitesi (YD\u00dc)ad\u0131na Musa Oytun getirildi.<\/p>\n<p>Sivil Savunma Te\u015fkilat\u0131 Ba\u015fkanl\u0131\u011f\u0131 a\u00e7\u0131klamas\u0131na g\u00f6re, Uluslararas\u0131 \u00dcniversiteler Arama Kurtarma Konseyi\u2019nin yenilenmesi g\u00fcndemiyle bug\u00fcn toplanan Genel Kurul\u2019da y\u00f6netim, denetim ve disiplin kurullar\u0131 ile Mali \u0130\u015fler Y\u00fcr\u00fctme Kurulu \u00fcyeleri belirlendi.<\/p>\n<p>IUSARC Ba\u015fkanl\u0131\u011f\u0131na se\u00e7ilen Musa Oytun,  g\u00f6revi devrald\u0131\u011f\u0131 4\u2019\u00fcnc\u00fc d\u00f6nem Ba\u015fkan\u0131 Metin Gezgin\u2019e \u00f6zverili \u00e7al\u0131\u015fmalardan dolay\u0131 te\u015fekk\u00fcr etti. Konseyin akademik ve arama kurtarma alan\u0131ndaki faaliyetlerini artarak s\u00fcrd\u00fcrmeyi hedefledikleri belirten Oytun, Sivil Savunma Te\u015fkilat\u0131 Ba\u015fkanl\u0131\u011f\u0131 ile mevcut i\u015f birli\u011finin geli\u015ftirilmesi i\u00e7in de gayret g\u00f6stereceklerini  kaydetti.<\/p>\n<p>IUSARC\u2019\u0131n Y\u00f6netim Kurulu; Yak\u0131n Do\u011fu \u00dcniversitesi, Akdeniz Karpaz \u00dcniversitesi, Do\u011fu Akdeniz \u00dcniversitesi, Uluslararas\u0131 K\u0131br\u0131s \u00dcniversitesi, K\u0131br\u0131s Amerikan \u00dcniversitesi, Atat\u00fcrk \u00d6\u011fretmen Akademisi, \u0130stanbul Teknik \u00dcniversitesi KKTC E\u011fitim ve Ara\u015ft\u0131rma Yerle\u015fkesi, Lefke Avrupa \u00dcniversitesi, Ortado\u011fu Teknik \u00dcniversitesi Kuzey K\u0131br\u0131s Kamp\u00fcs\u00fc ve Girne \u00dcniversitesi\u2019nden olu\u015fuyor.<\/p>\n<p>IUSARC\u2019\u0131n denetim ve disiplin kurulu \u201c\u0130stanbul Teknik \u00dcniversitesi KKTC E\u011fitim ve Ara\u015ft\u0131rma Yerle\u015fkesi, Do\u011fu Akdeniz \u00dcniversitesi, Ortado\u011fu Teknik \u00dcniversitesi Kuzey K\u0131br\u0131s Kamp\u00fcs\u00fc.\u201d; Mali \u0130\u015fler Y\u00fcr\u00fctme Kurulu ise \u201cUluslararas\u0131 K\u0131br\u0131s \u00dcniversitesi, Lefke Avrupa \u00dcniversitesi ve Akdeniz Karpaz \u00dcniversitesi\u201dnden olu\u015fuyor.<\/p>\n<\/p><\/div>\n<p><script async\n                    defer\n                    crossorigin=\"anonymous\"\n                    src=\"https:\/\/connect.facebook.net\/tr_TR\/sdk.js#xfbml=1&#038;version=v3.3\"\n            ><\/script><br \/>\n<br \/><br \/>\n<br \/><a href=\"https:\/\/brtk.net\/iusarcda-yeni-donem\/\">Kaynak BRT <\/a><\/p>\n","protected":false},"excerpt":{"rendered":"<p>Uluslararas\u0131 \u00dcniversiteler Arama Kurtarma Konseyi\u2019nin (IUSARC) yeni y\u00f6netimi belirlendi. Sivil Savunma Te\u015fkilat\u0131 Ba\u015fkanl\u0131\u011f\u0131 ev sahipli\u011finde bug\u00fcn yap\u0131lan genel kurulda IUSARC 5\u2019inci D\u00f6nem Ba\u015fkanl\u0131\u011f\u0131na Yak\u0131n Do\u011fu \u00dcniversitesi (YD\u00dc)ad\u0131na Musa Oytun getirildi. Sivil Savunma Te\u015fkilat\u0131 Ba\u015fkanl\u0131\u011f\u0131 a\u00e7\u0131klamas\u0131na g\u00f6re, Uluslararas\u0131 \u00dcniversiteler Arama Kurtarma Konseyi\u2019nin yenilenmesi g\u00fcndemiyle bug\u00fcn toplanan Genel Kurul\u2019da y\u00f6netim, denetim ve disiplin kurullar\u0131 ile Mali \u0130\u015fler [&hellip;]<\/p>\n","protected":false},"author":908,"featured_media":15738,"comment_status":"open","ping_status":"open","sticky":false,"template":"","format":"standard","meta":{"_jetpack_memberships_contains_paid_content":false,"footnotes":"","jetpack_publicize_message":"","jetpack_publicize_feature_enabled":true,"jetpack_social_post_already_shared":true,"jetpack_social_options":{"image_generator_settings":{"template":"highway","default_image_id":0,"font":"","enabled":false},"version":2}},"categories":[253],"tags":[],"class_list":["post-15737","post","type-post","status-publish","format-standard","has-post-thumbnail","hentry","category-gundem"],"jetpack_publicize_connections":[],"jetpack_featured_media_url":"https:\/\/kibrisayna.com\/wp-content\/uploads\/2025\/01\/1735912659246sst-universiteler-1.jpg","jetpack_sharing_enabled":true,"_links":{"self":[{"href":"https:\/\/kibrisayna.com\/index.php\/wp-json\/wp\/v2\/posts\/15737","targetHints":{"allow":["GET"]}}],"collection":[{"href":"https:\/\/kibrisayna.com\/index.php\/wp-json\/wp\/v2\/posts"}],"about":[{"href":"https:\/\/kibrisayna.com\/index.php\/wp-json\/wp\/v2\/types\/post"}],"author":[{"embeddable":true,"href":"https:\/\/kibrisayna.com\/index.php\/wp-json\/wp\/v2\/users\/908"}],"replies":[{"embeddable":true,"href":"https:\/\/kibrisayna.com\/index.php\/wp-json\/wp\/v2\/comments?post=15737"}],"version-history":[{"count":0,"href":"https:\/\/kibrisayna.com\/index.php\/wp-json\/wp\/v2\/posts\/15737\/revisions"}],"wp:featuredmedia":[{"embeddable":true,"href":"https:\/\/kibrisayna.com\/index.php\/wp-json\/wp\/v2\/media\/15738"}],"wp:attachment":[{"href":"https:\/\/kibrisayna.com\/index.php\/wp-json\/wp\/v2\/media?parent=15737"}],"wp:term":[{"taxonomy":"category","embeddable":true,"href":"https:\/\/kibrisayna.com\/index.php\/wp-json\/wp\/v2\/categories?post=15737"},{"taxonomy":"post_tag","embeddable":true,"href":"https:\/\/kibrisayna.com\/index.php\/wp-json\/wp\/v2\/tags?post=15737"}],"curies":[{"name":"wp","href":"https:\/\/api.w.org\/{rel}","templated":true}]}}