{"id":15735,"date":"2025-01-03T21:32:18","date_gmt":"2025-01-03T18:32:18","guid":{"rendered":"https:\/\/kibrisayna.com\/index.php\/2025\/01\/03\/elektronik-etiket-uygulamasi-1-subattan-itibaren-yururluluge-girecek-brtk\/"},"modified":"2025-01-03T21:32:18","modified_gmt":"2025-01-03T18:32:18","slug":"elektronik-etiket-uygulamasi-1-subattan-itibaren-yururluluge-girecek-brtk","status":"publish","type":"post","link":"https:\/\/kibrisayna.com\/index.php\/2025\/01\/03\/elektronik-etiket-uygulamasi-1-subattan-itibaren-yururluluge-girecek-brtk\/","title":{"rendered":"Elektronik etiket uygulamas\u0131 1 \u015eubat\u2019tan itibaren y\u00fcr\u00fcrl\u00fcl\u00fc\u011fe girecek \u2013 BRTK"},"content":{"rendered":"<p> <br \/>\n<\/p>\n<div>\n<div class=\"mariselle-image-container center\">\n                <img loading=\"lazy\" decoding=\"async\" width=\"910\" height=\"430\" class=\"lazy-image\" alt=\"\" sizes=\"auto, (max-width: 910px) 100vw, 910px\" src=\"https:\/\/brtk.net\/wp-content\/uploads\/2025\/01\/03\/amcaoglu2.jpg?ver=cbac318df64596982db63ce0995fbab3\" srcset=\"https:\/\/brtk.net\/wp-content\/uploads\/2025\/01\/03\/amcaoglu2.jpg?ver=cbac318df64596982db63ce0995fbab3 910w, https:\/\/brtk.net\/wp-content\/uploads\/2025\/01\/03\/amcaoglu2-300x142.jpg?ver=f8b2269c814033750a930c1cc69cdb4e 300w, https:\/\/brtk.net\/wp-content\/uploads\/2025\/01\/03\/amcaoglu2-768x363.jpg?ver=f8b2269c814033750a930c1cc69cdb4e 768w\"\/>                            <\/div>\n<p>Ekonomi ve Enerji Bakan\u0131 Olgun Amcao\u011flu, elektronik etiket uygulamas\u0131 ile ilgili yap\u0131lan \u00e7al\u0131\u015fmalar\u0131n tamamlanma a\u015famas\u0131nda oldu\u011funu belirtti ve uygulaman\u0131n 1 \u015eubat\u2019tan itibaren  y\u00fcr\u00fcrl\u00fc\u011fe girece\u011fini kaydetti. <\/p>\n<p>BRT\u2019de yay\u0131nlanan 18. Saat program\u0131na kat\u0131lan Bakan Amcao\u011flu, elektronik etiket uygulamas\u0131yla haks\u0131z kazan\u00e7lar ile fai\u015f fiyatlar\u0131n \u00f6nlenebilece\u011fini s\u00f6yledi. <\/p>\n<p>\u201cAnl\u0131k, g\u00fcnl\u00fck ve  ayl\u0131k planlamalar yapmak istiyoruz. Bu konuda sivil toplum \u00f6rg\u00fctleri ile i\u015fbirli\u011fi i\u00e7erisindeyiz\u201d diyen Amcao\u011flu, bu uygulaman\u0131n ilk etapta 83 markette uygulanaca\u011f\u0131n\u0131 belirtti.<\/p>\n<\/p><\/div>\n<p><script async\n                    defer\n                    crossorigin=\"anonymous\"\n                    src=\"https:\/\/connect.facebook.net\/tr_TR\/sdk.js#xfbml=1&#038;version=v3.3\"\n            ><\/script><br \/>\n<br \/><br \/>\n<br \/><a href=\"https:\/\/brtk.net\/amcaoglu-elektronik-etiket-uygulamasi-1-subattan-itibaren-yururluluge-girecek\/\">Kaynak BRT <\/a><\/p>\n","protected":false},"excerpt":{"rendered":"<p>Ekonomi ve Enerji Bakan\u0131 Olgun Amcao\u011flu, elektronik etiket uygulamas\u0131 ile ilgili yap\u0131lan \u00e7al\u0131\u015fmalar\u0131n tamamlanma a\u015famas\u0131nda oldu\u011funu belirtti ve uygulaman\u0131n 1 \u015eubat\u2019tan itibaren y\u00fcr\u00fcrl\u00fc\u011fe girece\u011fini kaydetti. BRT\u2019de yay\u0131nlanan 18. Saat program\u0131na kat\u0131lan Bakan Amcao\u011flu, elektronik etiket uygulamas\u0131yla haks\u0131z kazan\u00e7lar ile fai\u015f fiyatlar\u0131n \u00f6nlenebilece\u011fini s\u00f6yledi. \u201cAnl\u0131k, g\u00fcnl\u00fck ve ayl\u0131k planlamalar yapmak istiyoruz. Bu konuda sivil toplum \u00f6rg\u00fctleri [&hellip;]<\/p>\n","protected":false},"author":908,"featured_media":15736,"comment_status":"open","ping_status":"open","sticky":false,"template":"","format":"standard","meta":{"_jetpack_memberships_contains_paid_content":false,"footnotes":"","jetpack_publicize_message":"","jetpack_publicize_feature_enabled":true,"jetpack_social_post_already_shared":true,"jetpack_social_options":{"image_generator_settings":{"template":"highway","default_image_id":0,"font":"","enabled":false},"version":2}},"categories":[253],"tags":[],"class_list":["post-15735","post","type-post","status-publish","format-standard","has-post-thumbnail","hentry","category-gundem"],"jetpack_publicize_connections":[],"jetpack_featured_media_url":"https:\/\/kibrisayna.com\/wp-content\/uploads\/2025\/01\/18.Saat-amcaoglu.jpg","jetpack_sharing_enabled":true,"_links":{"self":[{"href":"https:\/\/kibrisayna.com\/index.php\/wp-json\/wp\/v2\/posts\/15735","targetHints":{"allow":["GET"]}}],"collection":[{"href":"https:\/\/kibrisayna.com\/index.php\/wp-json\/wp\/v2\/posts"}],"about":[{"href":"https:\/\/kibrisayna.com\/index.php\/wp-json\/wp\/v2\/types\/post"}],"author":[{"embeddable":true,"href":"https:\/\/kibrisayna.com\/index.php\/wp-json\/wp\/v2\/users\/908"}],"replies":[{"embeddable":true,"href":"https:\/\/kibrisayna.com\/index.php\/wp-json\/wp\/v2\/comments?post=15735"}],"version-history":[{"count":0,"href":"https:\/\/kibrisayna.com\/index.php\/wp-json\/wp\/v2\/posts\/15735\/revisions"}],"wp:featuredmedia":[{"embeddable":true,"href":"https:\/\/kibrisayna.com\/index.php\/wp-json\/wp\/v2\/media\/15736"}],"wp:attachment":[{"href":"https:\/\/kibrisayna.com\/index.php\/wp-json\/wp\/v2\/media?parent=15735"}],"wp:term":[{"taxonomy":"category","embeddable":true,"href":"https:\/\/kibrisayna.com\/index.php\/wp-json\/wp\/v2\/categories?post=15735"},{"taxonomy":"post_tag","embeddable":true,"href":"https:\/\/kibrisayna.com\/index.php\/wp-json\/wp\/v2\/tags?post=15735"}],"curies":[{"name":"wp","href":"https:\/\/api.w.org\/{rel}","templated":true}]}}