{"id":15729,"date":"2025-01-03T18:51:20","date_gmt":"2025-01-03T15:51:20","guid":{"rendered":"https:\/\/kibrisayna.com\/index.php\/2025\/01\/03\/luksemburg-kayip-sahislar-komitesine-10-bin-euro-bagisladi-brtk\/"},"modified":"2025-01-03T18:51:20","modified_gmt":"2025-01-03T15:51:20","slug":"luksemburg-kayip-sahislar-komitesine-10-bin-euro-bagisladi-brtk","status":"publish","type":"post","link":"https:\/\/kibrisayna.com\/index.php\/2025\/01\/03\/luksemburg-kayip-sahislar-komitesine-10-bin-euro-bagisladi-brtk\/","title":{"rendered":"L\u00fcksemburg, Kay\u0131p \u015eah\u0131slar Komitesi\u2019ne 10 bin euro ba\u011f\u0131\u015flad\u0131 \u2013 BRTK"},"content":{"rendered":"<p> <br \/>\n<\/p>\n<div>\n<div class=\"mariselle-image-container center\">\n                <img loading=\"lazy\" decoding=\"async\" width=\"2048\" height=\"2048\" class=\"lazy-image\" alt=\"\" sizes=\"auto, (max-width: 2048px) 100vw, 2048px\" src=\"https:\/\/brtk.net\/wp-content\/uploads\/2025\/01\/03\/1735905578018326400128_914660002875530_8856653667413050381_n.jpg?ver=51add9f70aa8ec9fec4bdf7d069daeee\" srcset=\"https:\/\/brtk.net\/wp-content\/uploads\/2025\/01\/03\/1735905578018326400128_914660002875530_8856653667413050381_n.jpg?ver=51add9f70aa8ec9fec4bdf7d069daeee 2048w, https:\/\/brtk.net\/wp-content\/uploads\/2025\/01\/03\/1735905578018326400128_914660002875530_8856653667413050381_n-300x300.jpg?ver=3528bfd67a72c86d49f7004b4fcaa986 300w, https:\/\/brtk.net\/wp-content\/uploads\/2025\/01\/03\/1735905578018326400128_914660002875530_8856653667413050381_n-1024x1024.jpg?ver=3528bfd67a72c86d49f7004b4fcaa986 1024w, https:\/\/brtk.net\/wp-content\/uploads\/2025\/01\/03\/1735905578018326400128_914660002875530_8856653667413050381_n-150x150.jpg?ver=ba7bf855b24ecd8235351b315c420027 150w, https:\/\/brtk.net\/wp-content\/uploads\/2025\/01\/03\/1735905578018326400128_914660002875530_8856653667413050381_n-768x768.jpg?ver=ba7bf855b24ecd8235351b315c420027 768w, https:\/\/brtk.net\/wp-content\/uploads\/2025\/01\/03\/1735905578018326400128_914660002875530_8856653667413050381_n-1536x1536.jpg?ver=03beaf800cd4fa87b644997e980c5311 1536w, https:\/\/brtk.net\/wp-content\/uploads\/2025\/01\/03\/1735905578018326400128_914660002875530_8856653667413050381_n-800x800.jpg?ver=df4c889b4722b7eaa4532ea88d00b89d 800w\"\/>                            <\/div>\n<p>L\u00fcksemburg B\u00fcy\u00fck Dukal\u0131\u011f\u0131, Kay\u0131p \u015eah\u0131slar Komitesi\u2019ne (K\u015eK) 10 bin euro ba\u011f\u0131\u015flad\u0131.<\/p>\n<p>Kay\u0131p \u015eah\u0131slar Komitesi\u2019nden yap\u0131lan a\u00e7\u0131klamada, 23 Aral\u0131k\u2019ta al\u0131nan bu destekle 2018\u2019den bug\u00fcne L\u00fcksemburg\u2019dan K\u015eK\u2019 ya sa\u011flanan mali yard\u0131m\u0131n toplam 18 bin euroya y\u00fckseldi\u011fi kaydedildi.<\/p>\n<p>A\u00e7\u0131klamada,  bu ba\u011f\u0131\u015flar\u0131n, Komite\u2019nin kay\u0131p \u015fah\u0131slar\u0131n kal\u0131nt\u0131lar\u0131n\u0131n tespit edilerek ve ailelerine iade edilerek uzun y\u0131llard\u0131r aileleri etkileyen belirsizli\u011fin sona erdirilmesi amac\u0131na katk\u0131da bulundu\u011fu belirtildi.<\/p>\n<p>K\u015eK hakk\u0131nda bilgiler aktar\u0131lan a\u00e7\u0131klamada \u015funlar kaydedildi:<\/p>\n<p>\u201cK\u015eK, 1981 y\u0131l\u0131nda K\u0131br\u0131sl\u0131 T\u00fcrk ve K\u0131br\u0131sl\u0131 Rum liderler taraf\u0131ndan, Birle\u015fmi\u015f Milletler himayesinde ger\u00e7ekle\u015ftirilen bir anla\u015fma ile kurulmu\u015ftur.<br \/>Avrupa Birli\u011fi taraf\u0131ndan finanse edilen K\u0131br\u0131s\u2019taki Kay\u0131p \u015eah\u0131slar Komitesi Projesi, 2006 y\u0131l\u0131nda aktif olarak i\u015flev kazanm\u0131\u015f ve kay\u0131p \u015fah\u0131slar\u0131n g\u00f6m\u00fcl\u00fc olduklar\u0131 yerden \u00e7\u0131kar\u0131lmas\u0131, kimliklendirilmesi ve ailelerine iade edilmesine y\u00f6nelik misyonlar \u00fcstlenmektedir.<br \/>K\u0131br\u0131sl\u0131 T\u00fcrk ve K\u0131br\u0131sl\u0131 Rum kay\u0131plardan, \u015fu ana kadar toplam 1051 ki\u015fi kimliklendirilmi\u015f ve usul\u00fcne uygun bir cenaze t\u00f6reni d\u00fczenlenerek ailelerine teslim edilmi\u015ftir.<br \/>Kay\u0131p \u015eah\u0131slar Komitesi, iki toplumlu y\u00fcr\u00fct\u00fclen bu projeyi s\u00fcrd\u00fcrebilmek i\u00e7in ba\u011f\u0131\u015f\u00e7\u0131 desteklerine ihtiya\u00e7 duymaktad\u0131r.\u201d<\/p>\n<\/p><\/div>\n<p><script async\n                    defer\n                    crossorigin=\"anonymous\"\n                    src=\"https:\/\/connect.facebook.net\/tr_TR\/sdk.js#xfbml=1&#038;version=v3.3\"\n            ><\/script><br \/>\n<br \/><br \/>\n<br \/><a href=\"https:\/\/brtk.net\/luksemburg-kayip-sahislar-komitesine-10-bin-euro-bagisladi\/\">Kaynak BRT <\/a><\/p>\n","protected":false},"excerpt":{"rendered":"<p>L\u00fcksemburg B\u00fcy\u00fck Dukal\u0131\u011f\u0131, Kay\u0131p \u015eah\u0131slar Komitesi\u2019ne (K\u015eK) 10 bin euro ba\u011f\u0131\u015flad\u0131. Kay\u0131p \u015eah\u0131slar Komitesi\u2019nden yap\u0131lan a\u00e7\u0131klamada, 23 Aral\u0131k\u2019ta al\u0131nan bu destekle 2018\u2019den bug\u00fcne L\u00fcksemburg\u2019dan K\u015eK\u2019 ya sa\u011flanan mali yard\u0131m\u0131n toplam 18 bin euroya y\u00fckseldi\u011fi kaydedildi. A\u00e7\u0131klamada, bu ba\u011f\u0131\u015flar\u0131n, Komite\u2019nin kay\u0131p \u015fah\u0131slar\u0131n kal\u0131nt\u0131lar\u0131n\u0131n tespit edilerek ve ailelerine iade edilerek uzun y\u0131llard\u0131r aileleri etkileyen belirsizli\u011fin sona erdirilmesi [&hellip;]<\/p>\n","protected":false},"author":908,"featured_media":15730,"comment_status":"open","ping_status":"open","sticky":false,"template":"","format":"standard","meta":{"_jetpack_memberships_contains_paid_content":false,"footnotes":"","jetpack_publicize_message":"","jetpack_publicize_feature_enabled":true,"jetpack_social_post_already_shared":true,"jetpack_social_options":{"image_generator_settings":{"template":"highway","default_image_id":0,"font":"","enabled":false},"version":2}},"categories":[253],"tags":[],"class_list":["post-15729","post","type-post","status-publish","format-standard","has-post-thumbnail","hentry","category-gundem"],"jetpack_publicize_connections":[],"jetpack_featured_media_url":"https:\/\/kibrisayna.com\/wp-content\/uploads\/2025\/01\/1735905578018326400128_914660002875530_8856653667413050381_n.jpg","jetpack_sharing_enabled":true,"_links":{"self":[{"href":"https:\/\/kibrisayna.com\/index.php\/wp-json\/wp\/v2\/posts\/15729","targetHints":{"allow":["GET"]}}],"collection":[{"href":"https:\/\/kibrisayna.com\/index.php\/wp-json\/wp\/v2\/posts"}],"about":[{"href":"https:\/\/kibrisayna.com\/index.php\/wp-json\/wp\/v2\/types\/post"}],"author":[{"embeddable":true,"href":"https:\/\/kibrisayna.com\/index.php\/wp-json\/wp\/v2\/users\/908"}],"replies":[{"embeddable":true,"href":"https:\/\/kibrisayna.com\/index.php\/wp-json\/wp\/v2\/comments?post=15729"}],"version-history":[{"count":0,"href":"https:\/\/kibrisayna.com\/index.php\/wp-json\/wp\/v2\/posts\/15729\/revisions"}],"wp:featuredmedia":[{"embeddable":true,"href":"https:\/\/kibrisayna.com\/index.php\/wp-json\/wp\/v2\/media\/15730"}],"wp:attachment":[{"href":"https:\/\/kibrisayna.com\/index.php\/wp-json\/wp\/v2\/media?parent=15729"}],"wp:term":[{"taxonomy":"category","embeddable":true,"href":"https:\/\/kibrisayna.com\/index.php\/wp-json\/wp\/v2\/categories?post=15729"},{"taxonomy":"post_tag","embeddable":true,"href":"https:\/\/kibrisayna.com\/index.php\/wp-json\/wp\/v2\/tags?post=15729"}],"curies":[{"name":"wp","href":"https:\/\/api.w.org\/{rel}","templated":true}]}}