{"id":15727,"date":"2025-01-03T18:43:32","date_gmt":"2025-01-03T15:43:32","guid":{"rendered":"https:\/\/kibrisayna.com\/index.php\/2025\/01\/03\/ataogluparti-olarak-her-zaman-secime-haziriz-gundemin-erken-secim-olmamasi-gerekir-brtk\/"},"modified":"2025-01-03T18:43:32","modified_gmt":"2025-01-03T15:43:32","slug":"ataogluparti-olarak-her-zaman-secime-haziriz-gundemin-erken-secim-olmamasi-gerekir-brtk","status":"publish","type":"post","link":"https:\/\/kibrisayna.com\/index.php\/2025\/01\/03\/ataogluparti-olarak-her-zaman-secime-haziriz-gundemin-erken-secim-olmamasi-gerekir-brtk\/","title":{"rendered":"Atao\u011flu:Parti olarak her zaman se\u00e7ime haz\u0131r\u0131z, g\u00fcndemin erken se\u00e7im olmamas\u0131 gerekir \u2013 BRTK"},"content":{"rendered":"<p> <br \/>\n<\/p>\n<div>\n<div class=\"mariselle-image-container center\">\n                <img loading=\"lazy\" decoding=\"async\" width=\"998\" height=\"383\" class=\"lazy-image\" alt=\"\" sizes=\"auto, (max-width: 998px) 100vw, 998px\" src=\"https:\/\/brtk.net\/wp-content\/uploads\/2025\/01\/03\/alksjdla.jpg?ver=ece19d8718b4eaf0e1ba832b9b5293b5\" srcset=\"https:\/\/brtk.net\/wp-content\/uploads\/2025\/01\/03\/alksjdla.jpg?ver=ece19d8718b4eaf0e1ba832b9b5293b5 998w, https:\/\/brtk.net\/wp-content\/uploads\/2025\/01\/03\/alksjdla-300x115.jpg?ver=ece19d8718b4eaf0e1ba832b9b5293b5 300w, https:\/\/brtk.net\/wp-content\/uploads\/2025\/01\/03\/alksjdla-768x295.jpg?ver=ece19d8718b4eaf0e1ba832b9b5293b5 768w\"\/>                            <\/div>\n<p>Ba\u015fbakan Yard\u0131mc\u0131s\u0131, Turizm, K\u00fclt\u00fcr, Gen\u00e7lik ve \u00c7evre Bakan\u0131 Fikri Atao\u011flu, BRT\u2019de yay\u0131nlanan Buras\u0131 \u00d6nemli 50+1\u2019e konuk olarak, \u00fclke siyasetine y\u00f6nelik \u00f6nemli a\u00e7\u0131klamalarda bulundu.<\/p>\n<p>Atao\u011flu, YDP\u2019nin h\u00fck\u00fcmet \u00e7al\u0131\u015fmalar\u0131 ve h\u00fck\u00fcmet program\u0131yla ilgili \u00e7\u0131k\u0131\u015f\u0131na ili\u015fkin de\u011ferlendirmelerde bulunarak, Faiz Sucuo\u011flu d\u00f6neminde h\u00fck\u00fcmet kurma \u00e7al\u0131\u015fmalar\u0131 yap\u0131l\u0131rken, DP olarak gelir getirici \u00f6nlemler ve giderlerin minimize edilmesi y\u00f6n\u00fcnde bir \u00e7al\u0131\u015fma yapt\u0131klar\u0131n\u0131 an\u0131msatt\u0131.<\/p>\n<p>Atao\u011flu, bu \u00e7al\u0131\u015fmalar\u0131n o d\u00f6nem Sucuo\u011flu ve Ar\u0131kl\u0131 ile ele al\u0131nd\u0131\u011f\u0131n\u0131, o g\u00fcnden bug\u00fcne ge\u00e7en zamanda \u00dcnal \u00dcstel\u2019in ba\u015fbakanl\u0131\u011f\u0131nda iki y\u0131l\u0131 a\u015fk\u0131n s\u00fcredir h\u00fck\u00fcmette olduklar\u0131n\u0131 kaydetti.<\/p>\n<p>Programda olan birtak\u0131m \u015feylerin hayata ge\u00e7irildi\u011fini, olmayanlar\u0131n da nas\u0131l hayata ge\u00e7irilece\u011fine dair birlikte oturarak hareket etmek gerekti\u011fini belirten Atao\u011flu, \u201cTehdit de\u011filse de yorumlar yap\u0131lmas\u0131 do\u011fru de\u011fildir. Cumhurba\u015fkanl\u0131\u011f\u0131 se\u00e7imi \u00f6n\u00fcm\u00fczde varken, Ba\u015fbakan \u00dcstel bu h\u00fck\u00fcmet 2027\u2019ye kadar devam edecek derken, ekonomiye odaklanmak gerekirken, 4\u2019\u00fcnde YDP Parti Meclisi h\u00fck\u00fcmetten \u00e7ekilip \u00e7ekilmeyece\u011fini de\u011ferlendirecek demesi do\u011fru de\u011fildir.\u201d dedi.<\/p>\n<p>\u201cAr\u0131kl\u0131\u2019n\u0131n toplant\u0131da al\u0131nacak kararlardan benim bilgim yoktur demesi \u00e7ok da do\u011fru de\u011fildir\u201d diyen Atao\u011flu, h\u00fck\u00fcmet ortaklar\u0131n\u0131n g\u00f6revinin \u00fclke i\u00e7inde s\u0131k\u0131nt\u0131lara odaklanarak bunlar\u0131 a\u015fmas\u0131 gerekti\u011fini, d\u0131\u015ftan yap\u0131lan yorumlar\u0131 do\u011fru bulmad\u0131\u011f\u0131n\u0131 s\u00f6yledi.<\/p>\n<p>Atao\u011flu, b\u00fct\u00e7e g\u00f6r\u00fc\u015fmeleri s\u0131ras\u0131nda sorunlar\u0131 de\u011ferlendirme f\u0131rsat\u0131 bulduklar\u0131n\u0131 da vurgulayarak, Ba\u015fbakan \u00dcstel KKTC\u2019ye d\u00f6nd\u00fckten sonra Ba\u015fbakan\u2019dan bu konuda bir g\u00f6r\u00fc\u015fme talep etmeleri durumunda g\u00f6r\u00fc\u015fmenin yap\u0131labilece\u011fini belirtti.<\/p>\n<p>Hasan Tosuno\u011flu\u2019nun DP\u2019den istifas\u0131n\u0131 da de\u011ferlendiren Atao\u011flu, Hasan Tosuno\u011flu\u2019nun karar\u0131na sayg\u0131 duydu\u011funu, kimsenin bu karar\u0131 ve gerek\u00e7elerini kullanmas\u0131 veya yorum yapmas\u0131n\u0131n do\u011fru olmad\u0131\u011f\u0131n\u0131 kaydetti.<\/p>\n<p>Kendilerinin her zaman i\u00e7in se\u00e7ime haz\u0131r olduklar\u0131n\u0131 da ifade eden Atao\u011flu, \u00fclkede bu y\u0131l Cumhurba\u015fkanl\u0131\u011f\u0131 se\u00e7imi varken, milletvekilli\u011fi say\u0131s\u0131n\u0131 art\u0131rmak ad\u0131na hareket edilmesinin yeri ve zaman\u0131 olmad\u0131\u011f\u0131na i\u015faret etti.<\/p>\n<p>Atao\u011flu, Ba\u015fbakan\u2019\u0131n da dedi\u011fi gibi 2027 y\u0131l\u0131na kadar h\u00fck\u00fcmetin s\u00fcrmesinden yana olduklar\u0131n\u0131 vurgulayarak, \u201cBiz bir se\u00e7ime haz\u0131r\u0131z. Halk buzdolab\u0131na bakt\u0131\u011f\u0131nda bir \u015feyler g\u00f6rmesi gerekir. Ba\u015flad\u0131\u011f\u0131m\u0131z \u00e7al\u0131\u015fmalar\u0131m\u0131z\u0131 art\u0131rmam\u0131z gerekirken, \u00f6n\u00fcne set \u00e7ekip hareket edemeyiz. Bu y\u0131l bir tek Cumhurba\u015fkanl\u0131\u011f\u0131 se\u00e7im y\u0131l\u0131 olabilir. \u00d6n\u00fcm\u00fczdeki 10 ay i\u00e7in de 3 h\u00fck\u00fcmet ora\u011f\u0131 oturup karar verir ve hayat\u0131 ucuzlat\u0131r. Bakmam\u0131z gereken de budur\u201d dedi.\t\t<\/p>\n<p>H\u00fck\u00fcmetten gelecek yanl\u0131\u015f bir ad\u0131m\u0131n vatanda\u015f\u0131n beklentilerini de olumsuz etkileyece\u011fini anlatan Atao\u011flu, olas\u0131 sorunlar veya konular\u0131n vatanda\u015fa yans\u0131t\u0131lmamas\u0131 gerekti\u011fini belirtti.<\/p>\n<p><iframe loading=\"lazy\" src=\"https:\/\/www.facebook.com\/plugins\/video.php?height=314&amp;href=https%3A%2F%2Fwww.facebook.com%2Fbrtk.haber%2Fvideos%2F2607050589630111%2F&amp;show_text=false&amp;width=560&amp;t=0\" width=\"560\" height=\"314\" style=\"border:none;overflow:hidden\" scrolling=\"no\" frameborder=\"0\" allowfullscreen=\"true\" allow=\"autoplay; clipboard-write; encrypted-media; picture-in-picture; web-share\"><\/iframe><\/p>\n<\/p><\/div>\n<p><script async\n                    defer\n                    crossorigin=\"anonymous\"\n                    src=\"https:\/\/connect.facebook.net\/tr_TR\/sdk.js#xfbml=1&#038;version=v3.3\"\n            ><\/script><br \/>\n<br \/><br \/>\n<br \/><a href=\"https:\/\/brtk.net\/ataogluparti-olarak-her-zaman-secime-haziriz-gundemin-erken-secim-olmamasi-gerekir\/\">Kaynak BRT <\/a><\/p>\n","protected":false},"excerpt":{"rendered":"<p>Ba\u015fbakan Yard\u0131mc\u0131s\u0131, Turizm, K\u00fclt\u00fcr, Gen\u00e7lik ve \u00c7evre Bakan\u0131 Fikri Atao\u011flu, BRT\u2019de yay\u0131nlanan Buras\u0131 \u00d6nemli 50+1\u2019e konuk olarak, \u00fclke siyasetine y\u00f6nelik \u00f6nemli a\u00e7\u0131klamalarda bulundu. Atao\u011flu, YDP\u2019nin h\u00fck\u00fcmet \u00e7al\u0131\u015fmalar\u0131 ve h\u00fck\u00fcmet program\u0131yla ilgili \u00e7\u0131k\u0131\u015f\u0131na ili\u015fkin de\u011ferlendirmelerde bulunarak, Faiz Sucuo\u011flu d\u00f6neminde h\u00fck\u00fcmet kurma \u00e7al\u0131\u015fmalar\u0131 yap\u0131l\u0131rken, DP olarak gelir getirici \u00f6nlemler ve giderlerin minimize edilmesi y\u00f6n\u00fcnde bir \u00e7al\u0131\u015fma yapt\u0131klar\u0131n\u0131 [&hellip;]<\/p>\n","protected":false},"author":908,"featured_media":15728,"comment_status":"open","ping_status":"open","sticky":false,"template":"","format":"standard","meta":{"_jetpack_memberships_contains_paid_content":false,"footnotes":"","jetpack_publicize_message":"","jetpack_publicize_feature_enabled":true,"jetpack_social_post_already_shared":true,"jetpack_social_options":{"image_generator_settings":{"template":"highway","default_image_id":0,"font":"","enabled":false},"version":2}},"categories":[253],"tags":[],"class_list":["post-15727","post","type-post","status-publish","format-standard","has-post-thumbnail","hentry","category-gundem"],"jetpack_publicize_connections":[],"jetpack_featured_media_url":"https:\/\/kibrisayna.com\/wp-content\/uploads\/2025\/01\/alksjdla.jpg","jetpack_sharing_enabled":true,"_links":{"self":[{"href":"https:\/\/kibrisayna.com\/index.php\/wp-json\/wp\/v2\/posts\/15727","targetHints":{"allow":["GET"]}}],"collection":[{"href":"https:\/\/kibrisayna.com\/index.php\/wp-json\/wp\/v2\/posts"}],"about":[{"href":"https:\/\/kibrisayna.com\/index.php\/wp-json\/wp\/v2\/types\/post"}],"author":[{"embeddable":true,"href":"https:\/\/kibrisayna.com\/index.php\/wp-json\/wp\/v2\/users\/908"}],"replies":[{"embeddable":true,"href":"https:\/\/kibrisayna.com\/index.php\/wp-json\/wp\/v2\/comments?post=15727"}],"version-history":[{"count":0,"href":"https:\/\/kibrisayna.com\/index.php\/wp-json\/wp\/v2\/posts\/15727\/revisions"}],"wp:featuredmedia":[{"embeddable":true,"href":"https:\/\/kibrisayna.com\/index.php\/wp-json\/wp\/v2\/media\/15728"}],"wp:attachment":[{"href":"https:\/\/kibrisayna.com\/index.php\/wp-json\/wp\/v2\/media?parent=15727"}],"wp:term":[{"taxonomy":"category","embeddable":true,"href":"https:\/\/kibrisayna.com\/index.php\/wp-json\/wp\/v2\/categories?post=15727"},{"taxonomy":"post_tag","embeddable":true,"href":"https:\/\/kibrisayna.com\/index.php\/wp-json\/wp\/v2\/tags?post=15727"}],"curies":[{"name":"wp","href":"https:\/\/api.w.org\/{rel}","templated":true}]}}