{"id":15724,"date":"2025-01-03T18:38:55","date_gmt":"2025-01-03T15:38:55","guid":{"rendered":"https:\/\/kibrisayna.com\/index.php\/2025\/01\/03\/mahkeme-avlusunda-bilegindeki-kelepceyi-cikarip-firar-eden-zanli-yakalandi-brtk\/"},"modified":"2025-01-03T18:38:55","modified_gmt":"2025-01-03T15:38:55","slug":"mahkeme-avlusunda-bilegindeki-kelepceyi-cikarip-firar-eden-zanli-yakalandi-brtk","status":"publish","type":"post","link":"https:\/\/kibrisayna.com\/index.php\/2025\/01\/03\/mahkeme-avlusunda-bilegindeki-kelepceyi-cikarip-firar-eden-zanli-yakalandi-brtk\/","title":{"rendered":"Mahkeme avlusunda bile\u011findeki kelep\u00e7eyi \u00e7\u0131kar\u0131p firar eden zanl\u0131 yakaland\u0131 \u2013 BRTK"},"content":{"rendered":"<p> <br \/>\n<\/p>\n<div>\n<div class=\"mariselle-image-container center\">\n                <img loading=\"lazy\" decoding=\"async\" width=\"952\" height=\"984\" class=\"lazy-image\" alt=\"\" sizes=\"auto, (max-width: 952px) 100vw, 952px\" src=\"https:\/\/brtk.net\/wp-content\/uploads\/2025\/01\/03\/1735898300817polis-genel-mudurlugu-1.jpeg?ver=77853955e435b8ccac7a23ddc5a6fce6\" srcset=\"https:\/\/brtk.net\/wp-content\/uploads\/2025\/01\/03\/1735898300817polis-genel-mudurlugu-1.jpeg?ver=77853955e435b8ccac7a23ddc5a6fce6 952w, https:\/\/brtk.net\/wp-content\/uploads\/2025\/01\/03\/1735898300817polis-genel-mudurlugu-1-290x300.jpeg?ver=ab24de5e328c2ab2a1d49083890b79dd 290w, https:\/\/brtk.net\/wp-content\/uploads\/2025\/01\/03\/1735898300817polis-genel-mudurlugu-1-768x794.jpeg?ver=f85052ef80c42519152e1aa09aa78288 768w\"\/>                            <\/div>\n<p>Lefko\u015fa Kaza Mahkemesi\u2019nin avlusu i\u00e7erisinde bulunan h\u00fccrelere yerle\u015ftirilmek i\u00e7in arac\u0131n tutuklu b\u00f6l\u00fcm\u00fcndeki kap\u0131s\u0131 a\u00e7\u0131ld\u0131\u011f\u0131 esnada bile\u011findeki kelep\u00e7eyi \u00e7\u0131kar\u0131p firar eden 24 ya\u015f\u0131ndaki zanl\u0131 yakaland\u0131.<\/p>\n<p>Polis Bas\u0131n Subayl\u0131\u011f\u0131\u2019ndan verilen bilgiye g\u00f6re, bu sabah 10.00 s\u0131ralar\u0131nda meydana gelen olayda, Merkezi Cezaevi\u2019nde \u201ctrafik kazas\u0131 ve ikamet izinsiz\u201d su\u00e7lar\u0131yla ilgili h\u00fck\u00fcms\u00fcz tutuklu olarak bulunan M.S.A.S. (E-24),  g\u00f6r\u00fclen davas\u0131 i\u00e7in polis taraf\u0131ndan ara\u00e7la Lefko\u015fa Kaza Mahkemesi\u2019ne getirildi.<\/p>\n<p>S\u00f6z konusu \u015fah\u0131s, mahkeme avlusu i\u00e7erisinde bulunan h\u00fccrelere yerle\u015ftirilmek amac\u0131yla ara\u00e7tan \u00e7\u0131kar\u0131ld\u0131\u011f\u0131 s\u0131rada bile\u011findeki kelep\u00e7eyi hen\u00fcz tespit edilemeyen bir \u015fekilde \u00e7\u0131kar\u0131p, firar etti. Bahse konu \u015fah\u0131s ayn\u0131 g\u00fcn polis taraf\u0131ndan tespit edilerek tutukland\u0131.<\/p>\n<p>Polisin soru\u015fturmas\u0131 s\u00fcr\u00fcyor.<\/p>\n<\/p><\/div>\n<p><script async\n                    defer\n                    crossorigin=\"anonymous\"\n                    src=\"https:\/\/connect.facebook.net\/tr_TR\/sdk.js#xfbml=1&#038;version=v3.3\"\n            ><\/script><br \/>\n<br \/><br \/>\n<br \/><a href=\"https:\/\/brtk.net\/mahkeme-avlusunda-bilegindeki-kelepceyi-cikarip-firar-eden-zanli-yakalandi\/\"> <\/a><\/p>\n","protected":false},"excerpt":{"rendered":"<p>Lefko\u015fa Kaza Mahkemesi\u2019nin avlusu i\u00e7erisinde bulunan h\u00fccrelere yerle\u015ftirilmek i\u00e7in arac\u0131n tutuklu b\u00f6l\u00fcm\u00fcndeki kap\u0131s\u0131 a\u00e7\u0131ld\u0131\u011f\u0131 esnada bile\u011findeki kelep\u00e7eyi \u00e7\u0131kar\u0131p firar eden 24 ya\u015f\u0131ndaki zanl\u0131 yakaland\u0131. Polis Bas\u0131n Subayl\u0131\u011f\u0131\u2019ndan verilen bilgiye g\u00f6re, bu sabah 10.00 s\u0131ralar\u0131nda meydana gelen olayda, Merkezi Cezaevi\u2019nde \u201ctrafik kazas\u0131 ve ikamet izinsiz\u201d su\u00e7lar\u0131yla ilgili h\u00fck\u00fcms\u00fcz tutuklu olarak bulunan M.S.A.S. (E-24), g\u00f6r\u00fclen davas\u0131 i\u00e7in [&hellip;]<\/p>\n","protected":false},"author":908,"featured_media":9099,"comment_status":"open","ping_status":"open","sticky":false,"template":"","format":"standard","meta":{"_jetpack_memberships_contains_paid_content":false,"footnotes":"","jetpack_publicize_message":"","jetpack_publicize_feature_enabled":true,"jetpack_social_post_already_shared":true,"jetpack_social_options":{"image_generator_settings":{"template":"highway","default_image_id":0,"font":"","enabled":false},"version":2}},"categories":[253,19],"tags":[],"class_list":["post-15724","post","type-post","status-publish","format-standard","has-post-thumbnail","hentry","category-gundem","category-manset"],"jetpack_publicize_connections":[],"jetpack_featured_media_url":"https:\/\/kibrisayna.com\/wp-content\/uploads\/2024\/10\/polis-2444.webp","jetpack_sharing_enabled":true,"_links":{"self":[{"href":"https:\/\/kibrisayna.com\/index.php\/wp-json\/wp\/v2\/posts\/15724","targetHints":{"allow":["GET"]}}],"collection":[{"href":"https:\/\/kibrisayna.com\/index.php\/wp-json\/wp\/v2\/posts"}],"about":[{"href":"https:\/\/kibrisayna.com\/index.php\/wp-json\/wp\/v2\/types\/post"}],"author":[{"embeddable":true,"href":"https:\/\/kibrisayna.com\/index.php\/wp-json\/wp\/v2\/users\/908"}],"replies":[{"embeddable":true,"href":"https:\/\/kibrisayna.com\/index.php\/wp-json\/wp\/v2\/comments?post=15724"}],"version-history":[{"count":0,"href":"https:\/\/kibrisayna.com\/index.php\/wp-json\/wp\/v2\/posts\/15724\/revisions"}],"wp:featuredmedia":[{"embeddable":true,"href":"https:\/\/kibrisayna.com\/index.php\/wp-json\/wp\/v2\/media\/9099"}],"wp:attachment":[{"href":"https:\/\/kibrisayna.com\/index.php\/wp-json\/wp\/v2\/media?parent=15724"}],"wp:term":[{"taxonomy":"category","embeddable":true,"href":"https:\/\/kibrisayna.com\/index.php\/wp-json\/wp\/v2\/categories?post=15724"},{"taxonomy":"post_tag","embeddable":true,"href":"https:\/\/kibrisayna.com\/index.php\/wp-json\/wp\/v2\/tags?post=15724"}],"curies":[{"name":"wp","href":"https:\/\/api.w.org\/{rel}","templated":true}]}}