{"id":15722,"date":"2025-01-03T18:37:30","date_gmt":"2025-01-03T15:37:30","guid":{"rendered":"https:\/\/kibrisayna.com\/index.php\/2025\/01\/03\/hayat-pahaliliginin-aciklanmasinin-ardindan-asgari-ucret-sureci-baslayacak-brtk\/"},"modified":"2025-01-03T18:37:30","modified_gmt":"2025-01-03T15:37:30","slug":"hayat-pahaliliginin-aciklanmasinin-ardindan-asgari-ucret-sureci-baslayacak-brtk","status":"publish","type":"post","link":"https:\/\/kibrisayna.com\/index.php\/2025\/01\/03\/hayat-pahaliliginin-aciklanmasinin-ardindan-asgari-ucret-sureci-baslayacak-brtk\/","title":{"rendered":"Hayat pahal\u0131l\u0131\u011f\u0131n\u0131n a\u00e7\u0131klanmas\u0131n\u0131n ard\u0131ndan asgari \u00fccret s\u00fcreci ba\u015flayacak \u2013 BRTK"},"content":{"rendered":"<p> <br \/>\n<\/p>\n<div>\n<div class=\"mariselle-image-container center\">\n                <img loading=\"lazy\" decoding=\"async\" width=\"2560\" height=\"1501\" class=\"lazy-image\" alt=\"\" sizes=\"auto, (max-width: 2560px) 100vw, 2560px\" src=\"https:\/\/brtk.net\/wp-content\/uploads\/2025\/01\/03\/1735914259592sadik-gardiyanoglu-6-1-1-scaled-1.jpg?ver=5d9e4f46bccc23bead3fe8de0b4d0f35\" srcset=\"https:\/\/brtk.net\/wp-content\/uploads\/2025\/01\/03\/1735914259592sadik-gardiyanoglu-6-1-1-scaled-1.jpg?ver=5d9e4f46bccc23bead3fe8de0b4d0f35 2560w, https:\/\/brtk.net\/wp-content\/uploads\/2025\/01\/03\/1735914259592sadik-gardiyanoglu-6-1-1-scaled-1-300x176.jpg?ver=a3427c33c8fdec2d9fea084de3f246bb 300w, https:\/\/brtk.net\/wp-content\/uploads\/2025\/01\/03\/1735914259592sadik-gardiyanoglu-6-1-1-scaled-1-1024x600.jpg?ver=a3427c33c8fdec2d9fea084de3f246bb 1024w, https:\/\/brtk.net\/wp-content\/uploads\/2025\/01\/03\/1735914259592sadik-gardiyanoglu-6-1-1-scaled-1-768x450.jpg?ver=0e0799e53b0f0e722da093867f653448 768w, https:\/\/brtk.net\/wp-content\/uploads\/2025\/01\/03\/1735914259592sadik-gardiyanoglu-6-1-1-scaled-1-1536x901.jpg?ver=bd34833e32d5f1c6dce9a7b8602e5f74 1536w, https:\/\/brtk.net\/wp-content\/uploads\/2025\/01\/03\/1735914259592sadik-gardiyanoglu-6-1-1-scaled-1-2048x1201.jpg?ver=b58025a41271a2a570237eceb20aa194 2048w, https:\/\/brtk.net\/wp-content\/uploads\/2025\/01\/03\/1735914259592sadik-gardiyanoglu-6-1-1-scaled-1-379x222.jpg?ver=ccc8ef887a871b0a85d9a48817fb8192 379w\"\/>                            <\/div>\n<p>\u00c7al\u0131\u015fma ve Sosyal G\u00fcvenlik Bakan\u0131 Sad\u0131k Gardiyano\u011flu, Aral\u0131k ay\u0131 Hayat Pahal\u0131l\u0131\u011f\u0131n\u0131n a\u00e7\u0131klanmas\u0131n\u0131n ard\u0131ndan asgari \u00fccret s\u00fcrecinin taraflarca g\u00f6r\u00fc\u015f\u00fclerek ba\u015flayaca\u011f\u0131n\u0131 a\u00e7\u0131klad\u0131.<\/p>\n<p>Sekt\u00f6rel bazda asgari \u00fccret \u00e7al\u0131\u015fmalar\u0131n\u0131 s\u00fcrd\u00fcrd\u00fcklerine de i\u015faret eden Gardiyano\u011flu, \u201c14 sekt\u00f6rde asgari \u00fccret farkl\u0131 olacak\u201d dedi.<\/p>\n<p>\u00c7al\u0131\u015fma ve Sosyal G\u00fcvenlik Bakan\u0131 Sad\u0131k Gardiyano\u011flu, kat\u0131ld\u0131\u011f\u0131 bir programda asgari \u00fccret ile ilgili a\u00e7\u0131klamada bulundu.<\/p>\n<p>Bakan Gardiyano\u011flu, Asgari \u00dccret Saptama Komisyonu\u2019nun toplanma s\u00fcre\u00e7lerinin belli oldu\u011funu belirterek, Aral\u0131k ay\u0131 hayat pahal\u0131l\u0131\u011f\u0131 verilerinin a\u00e7\u0131klanmas\u0131n\u0131n ard\u0131ndan yap\u0131lacak de\u011ferlendirmelerle birlikte, asgari \u00fccret masas\u0131n\u0131n toplanmas\u0131 i\u00e7in \u00e7a\u011fr\u0131n\u0131n yap\u0131laca\u011f\u0131n\u0131 a\u00e7\u0131klad\u0131.<\/p>\n<p>Gardiyano\u011flu \u201c\u00c7al\u0131\u015fma ve Sosyal G\u00fcvenlik Bakanl\u0131\u011f\u0131 g\u00f6rev ve sorumlulu\u011funun bilincindedir. Gerekli \u00e7a\u011fr\u0131 yap\u0131lacakt\u0131r\u201d dedi.<\/p>\n<p>Sekt\u00f6rel bazda asgari \u00fccret \u00e7al\u0131\u015fmalar\u0131n\u0131 s\u00fcrd\u00fcrd\u00fcklerine de dikkat \u00e7eken Gardiyano\u011flu,  \u201c14 sekt\u00f6r belirledik. \u00c7al\u0131\u015fmam\u0131z\u0131 \u00f6n\u00fcm\u00fczdeki aylar i\u00e7inde Bakanlar Kurulu\u2019na sunaca\u011f\u0131m\u201d ifadelerini kulland\u0131.<\/p>\n<\/p><\/div>\n<p><script async\n                    defer\n                    crossorigin=\"anonymous\"\n                    src=\"https:\/\/connect.facebook.net\/tr_TR\/sdk.js#xfbml=1&#038;version=v3.3\"\n            ><\/script><br \/>\n<br \/><br \/>\n<br \/><a href=\"https:\/\/brtk.net\/gardiyanoglu-hayat-pahaliliginin-aciklanmasinin-ardindan-asgari-ucret-sureci-baslayacak\/\">Kaynak BRT <\/a><\/p>\n","protected":false},"excerpt":{"rendered":"<p>\u00c7al\u0131\u015fma ve Sosyal G\u00fcvenlik Bakan\u0131 Sad\u0131k Gardiyano\u011flu, Aral\u0131k ay\u0131 Hayat Pahal\u0131l\u0131\u011f\u0131n\u0131n a\u00e7\u0131klanmas\u0131n\u0131n ard\u0131ndan asgari \u00fccret s\u00fcrecinin taraflarca g\u00f6r\u00fc\u015f\u00fclerek ba\u015flayaca\u011f\u0131n\u0131 a\u00e7\u0131klad\u0131. Sekt\u00f6rel bazda asgari \u00fccret \u00e7al\u0131\u015fmalar\u0131n\u0131 s\u00fcrd\u00fcrd\u00fcklerine de i\u015faret eden Gardiyano\u011flu, \u201c14 sekt\u00f6rde asgari \u00fccret farkl\u0131 olacak\u201d dedi. \u00c7al\u0131\u015fma ve Sosyal G\u00fcvenlik Bakan\u0131 Sad\u0131k Gardiyano\u011flu, kat\u0131ld\u0131\u011f\u0131 bir programda asgari \u00fccret ile ilgili a\u00e7\u0131klamada bulundu. Bakan Gardiyano\u011flu, [&hellip;]<\/p>\n","protected":false},"author":908,"featured_media":15723,"comment_status":"open","ping_status":"open","sticky":false,"template":"","format":"standard","meta":{"_jetpack_memberships_contains_paid_content":false,"footnotes":"","jetpack_publicize_message":"","jetpack_publicize_feature_enabled":true,"jetpack_social_post_already_shared":true,"jetpack_social_options":{"image_generator_settings":{"template":"highway","default_image_id":0,"font":"","enabled":false},"version":2}},"categories":[253],"tags":[],"class_list":["post-15722","post","type-post","status-publish","format-standard","has-post-thumbnail","hentry","category-gundem"],"jetpack_publicize_connections":[],"jetpack_featured_media_url":"https:\/\/kibrisayna.com\/wp-content\/uploads\/2025\/01\/1735914259592sadik-gardiyanoglu-6-1-1-scaled-1.jpg","jetpack_sharing_enabled":true,"_links":{"self":[{"href":"https:\/\/kibrisayna.com\/index.php\/wp-json\/wp\/v2\/posts\/15722","targetHints":{"allow":["GET"]}}],"collection":[{"href":"https:\/\/kibrisayna.com\/index.php\/wp-json\/wp\/v2\/posts"}],"about":[{"href":"https:\/\/kibrisayna.com\/index.php\/wp-json\/wp\/v2\/types\/post"}],"author":[{"embeddable":true,"href":"https:\/\/kibrisayna.com\/index.php\/wp-json\/wp\/v2\/users\/908"}],"replies":[{"embeddable":true,"href":"https:\/\/kibrisayna.com\/index.php\/wp-json\/wp\/v2\/comments?post=15722"}],"version-history":[{"count":0,"href":"https:\/\/kibrisayna.com\/index.php\/wp-json\/wp\/v2\/posts\/15722\/revisions"}],"wp:featuredmedia":[{"embeddable":true,"href":"https:\/\/kibrisayna.com\/index.php\/wp-json\/wp\/v2\/media\/15723"}],"wp:attachment":[{"href":"https:\/\/kibrisayna.com\/index.php\/wp-json\/wp\/v2\/media?parent=15722"}],"wp:term":[{"taxonomy":"category","embeddable":true,"href":"https:\/\/kibrisayna.com\/index.php\/wp-json\/wp\/v2\/categories?post=15722"},{"taxonomy":"post_tag","embeddable":true,"href":"https:\/\/kibrisayna.com\/index.php\/wp-json\/wp\/v2\/tags?post=15722"}],"curies":[{"name":"wp","href":"https:\/\/api.w.org\/{rel}","templated":true}]}}