{"id":15712,"date":"2025-01-03T15:38:29","date_gmt":"2025-01-03T12:38:29","guid":{"rendered":"https:\/\/kibrisayna.com\/index.php\/2025\/01\/03\/69-yasindaki-adam-saka-bagimlisi-oldu-nadir-gorulen-hastaligin-beyindeki-hasari-ortaya-cikti\/"},"modified":"2025-01-03T15:38:29","modified_gmt":"2025-01-03T12:38:29","slug":"69-yasindaki-adam-saka-bagimlisi-oldu-nadir-gorulen-hastaligin-beyindeki-hasari-ortaya-cikti","status":"publish","type":"post","link":"https:\/\/kibrisayna.com\/index.php\/2025\/01\/03\/69-yasindaki-adam-saka-bagimlisi-oldu-nadir-gorulen-hastaligin-beyindeki-hasari-ortaya-cikti\/","title":{"rendered":"69 ya\u015f\u0131ndaki adam \u015faka ba\u011f\u0131ml\u0131s\u0131 oldu: Nadir g\u00f6r\u00fclen hastal\u0131\u011f\u0131n beyindeki hasar\u0131 ortaya \u00e7\u0131kt\u0131"},"content":{"rendered":"<p> <br \/>\n<br \/><img decoding=\"async\" src=\"https:\/\/cdn1.ntv.com.tr\/gorsel\/sV86MVFmQU62FvsPate62g.jpg?width=1200&amp;ampmode=crop&amp;ampscale=both\" class=\"type:primaryImage\" alt=\"69 ya\u015f\u0131ndaki adam \u015faka ba\u011f\u0131ml\u0131s\u0131 oldu: Nadir g\u00f6r\u00fclen hastal\u0131\u011f\u0131n beyindeki hasar\u0131 ortaya \u00e7\u0131kt\u0131\" \/><\/p>\n<p>Witzelsucht, n\u00f6rolojik bir rahats\u0131zl\u0131k olarak \u015faka yapma ba\u011f\u0131ml\u0131l\u0131\u011f\u0131na neden oluyor. Beyindeki belirli b\u00f6lgelerde meydana gelen hasar\u0131n ard\u0131ndan geli\u015fen bu durum, hastalar\u0131n kontrol edilemeyen espri yapma iste\u011fi duymas\u0131na yol a\u00e7\u0131yor. Uygunsuz zamanlarda bile ortaya \u00e7\u0131kan bu davran\u0131\u015f, hem hastalar hem de \u00e7evreleri i\u00e7in zorlu bir tablo olu\u015fturuyor.<\/p>\n<section class=\"type:slideshow\">\n<figure><img decoding=\"async\" src=\"https:\/\/cdn1.ntv.com.tr\/gorsel\/aoCd7SPnzUO4-qFZMXTEHQ.jpg?width=1200&amp;mode=crop&amp;scale=both\" width=\"1200\" \/><figcaption>Witzelsucht, ilk kez 1890\u2019da Alman n\u00f6rolog Hermann Oppenheim taraf\u0131ndan tan\u0131mland\u0131. Kelime k\u00f6keni, Almanca\u2019da \u201c\u015faka\u201d anlam\u0131na gelen Witzel ve \u201cba\u011f\u0131ml\u0131l\u0131k\u201d anlam\u0131ndaki Sucht s\u00f6zc\u00fcklerinden geliyor. Oppenheim, sa\u011f frontal lob hasar\u0131n\u0131n bu s\u0131ra d\u0131\u015f\u0131 davran\u0131\u015f de\u011fi\u015fikli\u011fine neden oldu\u011funu g\u00f6zlemlemi\u015fti.<\/figcaption><\/figure>\n<figure><img decoding=\"async\" src=\"https:\/\/cdn1.ntv.com.tr\/gorsel\/RfOkUu_pAUi34rZUft30Ig.jpg?width=1200&amp;mode=crop&amp;scale=both\" width=\"1200\" \/><figcaption>2016 y\u0131l\u0131nda bildirilen bir vakada, 69 ya\u015f\u0131ndaki bir adam ge\u00e7irdi\u011fi inme sonras\u0131 durdurulamaz bir \u015faka yapma iste\u011fi geli\u015ftirdi. Gece yar\u0131s\u0131 bile \u015fakalar\u0131n\u0131 yazmak i\u00e7in uyanan adam, n\u00f6rologlara yakla\u015f\u0131k 50 sayfal\u0131k \u015faka notlar\u0131yla ba\u015fvurdu. Bu espriler genellikle \u00e7ocuk\u00e7a ya da uygunsuz i\u00e7eriklere sahipti.<\/figcaption><\/figure>\n<figure><img decoding=\"async\" src=\"https:\/\/cdn1.ntv.com.tr\/gorsel\/E0R1tZN2BEOTcNnAXfRsqA.jpg?width=1200&amp;mode=crop&amp;scale=both\" width=\"1200\" \/><figcaption>Bir ba\u015fka dikkat \u00e7ekici vaka, ba\u015f\u0131ndan kur\u015fun yaras\u0131 alan 63 ya\u015f\u0131ndaki bir adamla ilgili. Sa\u011f frontal lobu ve orbitofrontal korteksi hasar g\u00f6ren bu ki\u015fi, ge\u00e7mi\u015fte depresif olmas\u0131na ra\u011fmen, s\u00fcrekli ne\u015feli bir tutum sergilemeye ba\u015flad\u0131 ve \u00e7evresindekilere s\u00fcrekli espriler yapt\u0131.<\/figcaption><\/figure>\n<figure><img decoding=\"async\" src=\"https:\/\/cdn1.ntv.com.tr\/gorsel\/5W62Zf2v_kmQQvud0Kh-Yg.jpg?width=1200&amp;mode=crop&amp;scale=both\" width=\"1200\" \/><figcaption>UCLA n\u00f6rologlar\u0131ndan Mario Mendez ve ekibi, Witzelsucht \u00fczerine kapsaml\u0131 ara\u015ft\u0131rmalar yapt\u0131. Mendez, sa\u011f frontal lob ve orbitofrontal devredeki hasarlar\u0131n rahats\u0131zl\u0131\u011f\u0131n temel nedeni oldu\u011funu belirtiyor. Bu b\u00f6lgeler, karar verme ve sosyal uyum s\u00fcre\u00e7lerini y\u00f6neten merkezler oldu\u011fundan, hasar sonras\u0131 hastalar\u0131n davran\u0131\u015flar\u0131n\u0131 kontrol edemedi\u011fi g\u00f6zlemleniyor.<\/figcaption><\/figure>\n<figure><img decoding=\"async\" src=\"https:\/\/cdn1.ntv.com.tr\/gorsel\/Nx3B2KNV2Ee6-86MpnWWTg.jpg?width=1200&amp;mode=crop&amp;scale=both\" width=\"1200\" \/><figcaption>Witzelsucht, s\u0131kl\u0131kla moria ad\u0131 verilen bir ba\u015fka n\u00f6rolojik durumla birlikte g\u00f6r\u00fclebiliyor. Moria, patolojik ne\u015fe hali olarak tan\u0131mlan\u0131yor ve hastalarda a\u015f\u0131r\u0131 g\u00fclme ile alayc\u0131 davran\u0131\u015flarla kendini g\u00f6steriyor.<\/figcaption><\/figure>\n<figure><img decoding=\"async\" src=\"https:\/\/cdn1.ntv.com.tr\/gorsel\/zngVEmdUPE2RfCmhfBLflA.jpg?width=1200&amp;mode=crop&amp;scale=both\" width=\"1200\" \/><figcaption>Bu iki rahats\u0131zl\u0131\u011f\u0131n birlikte g\u00f6r\u00fclmesi, tan\u0131 ve tedavi s\u00fcre\u00e7lerini daha da karma\u015f\u0131k hale getiriyor.<\/figcaption><\/figure>\n<figure><img decoding=\"async\" src=\"https:\/\/cdn1.ntv.com.tr\/gorsel\/QR5BiUjCIkCWKZMnSnSiEA.jpg?width=1200&amp;mode=crop&amp;scale=both\" width=\"1200\" \/><figcaption>Hen\u00fcz Witzelsucht i\u00e7in standart bir tedavi y\u00f6ntemi bulunmu\u015f de\u011fil. \u00c7o\u011fu zaman serotonin geri al\u0131m inhibit\u00f6rleri veya antiepileptik ila\u00e7lar deneniyor. Ancak bu tedavilerin mizah ba\u011f\u0131ml\u0131l\u0131\u011f\u0131 \u00fczerindeki etkileri s\u0131n\u0131rl\u0131 kal\u0131yor.<\/figcaption><\/figure>\n<\/section>\n<p><br \/>\n<br \/><a href=\"https:\/\/www.ntv.com.tr\/galeri\/yasam\/69-yasindaki-adam-saka-bagimlisi-oldu-nadir-gorulen-hastaligin-beyindeki-hasari-ortaya-cikti,Mw91bWBAvkibnlIWJLexpg\"><\/a><\/p>\n","protected":false},"excerpt":{"rendered":"<p>Witzelsucht, n\u00f6rolojik bir rahats\u0131zl\u0131k olarak \u015faka yapma ba\u011f\u0131ml\u0131l\u0131\u011f\u0131na neden oluyor. Beyindeki belirli b\u00f6lgelerde meydana gelen hasar\u0131n ard\u0131ndan geli\u015fen bu durum, hastalar\u0131n kontrol edilemeyen espri yapma iste\u011fi duymas\u0131na yol a\u00e7\u0131yor. Uygunsuz zamanlarda bile ortaya \u00e7\u0131kan bu davran\u0131\u015f, hem hastalar hem de \u00e7evreleri i\u00e7in zorlu bir tablo olu\u015fturuyor. Witzelsucht, ilk kez 1890\u2019da Alman n\u00f6rolog Hermann Oppenheim taraf\u0131ndan [&hellip;]<\/p>\n","protected":false},"author":908,"featured_media":15713,"comment_status":"open","ping_status":"open","sticky":false,"template":"","format":"standard","meta":{"_jetpack_memberships_contains_paid_content":false,"footnotes":"","jetpack_publicize_message":"","jetpack_publicize_feature_enabled":true,"jetpack_social_post_already_shared":true,"jetpack_social_options":{"image_generator_settings":{"template":"highway","default_image_id":0,"font":"","enabled":false},"version":2}},"categories":[12],"tags":[],"class_list":["post-15712","post","type-post","status-publish","format-standard","has-post-thumbnail","hentry","category-teknoloji"],"jetpack_publicize_connections":[],"jetpack_featured_media_url":"https:\/\/kibrisayna.com\/wp-content\/uploads\/2025\/01\/sV86MVFmQU62FvsPate62g.jpg","jetpack_sharing_enabled":true,"_links":{"self":[{"href":"https:\/\/kibrisayna.com\/index.php\/wp-json\/wp\/v2\/posts\/15712","targetHints":{"allow":["GET"]}}],"collection":[{"href":"https:\/\/kibrisayna.com\/index.php\/wp-json\/wp\/v2\/posts"}],"about":[{"href":"https:\/\/kibrisayna.com\/index.php\/wp-json\/wp\/v2\/types\/post"}],"author":[{"embeddable":true,"href":"https:\/\/kibrisayna.com\/index.php\/wp-json\/wp\/v2\/users\/908"}],"replies":[{"embeddable":true,"href":"https:\/\/kibrisayna.com\/index.php\/wp-json\/wp\/v2\/comments?post=15712"}],"version-history":[{"count":0,"href":"https:\/\/kibrisayna.com\/index.php\/wp-json\/wp\/v2\/posts\/15712\/revisions"}],"wp:featuredmedia":[{"embeddable":true,"href":"https:\/\/kibrisayna.com\/index.php\/wp-json\/wp\/v2\/media\/15713"}],"wp:attachment":[{"href":"https:\/\/kibrisayna.com\/index.php\/wp-json\/wp\/v2\/media?parent=15712"}],"wp:term":[{"taxonomy":"category","embeddable":true,"href":"https:\/\/kibrisayna.com\/index.php\/wp-json\/wp\/v2\/categories?post=15712"},{"taxonomy":"post_tag","embeddable":true,"href":"https:\/\/kibrisayna.com\/index.php\/wp-json\/wp\/v2\/tags?post=15712"}],"curies":[{"name":"wp","href":"https:\/\/api.w.org\/{rel}","templated":true}]}}