{"id":15710,"date":"2025-01-03T15:04:25","date_gmt":"2025-01-03T12:04:25","guid":{"rendered":"https:\/\/kibrisayna.com\/index.php\/2025\/01\/03\/iskelede-27-aralik-ataturk-kosulari-9-ocakta-kosulacak-brtk\/"},"modified":"2025-01-03T15:04:25","modified_gmt":"2025-01-03T12:04:25","slug":"iskelede-27-aralik-ataturk-kosulari-9-ocakta-kosulacak-brtk","status":"publish","type":"post","link":"https:\/\/kibrisayna.com\/index.php\/2025\/01\/03\/iskelede-27-aralik-ataturk-kosulari-9-ocakta-kosulacak-brtk\/","title":{"rendered":"\u0130skele\u2019de \u201c27 Aral\u0131k Atat\u00fcrk Ko\u015fular\u0131\u201d 9 Ocak\u2019ta ko\u015fulacak \u2013 BRTK"},"content":{"rendered":"<p> <br \/>\n<\/p>\n<div>\n<div class=\"mariselle-image-container center\">\n                <img loading=\"lazy\" decoding=\"async\" width=\"1000\" height=\"667\" class=\"lazy-image\" alt=\"\" sizes=\"auto, (max-width: 1000px) 100vw, 1000px\" src=\"https:\/\/brtk.net\/wp-content\/uploads\/2025\/01\/03\/1735903061485ATATURK_KoYusu_7.jpg?ver=99cbfcfa4421de54c2ecff864638aeb2\" srcset=\"https:\/\/brtk.net\/wp-content\/uploads\/2025\/01\/03\/1735903061485ATATURK_KoYusu_7.jpg?ver=99cbfcfa4421de54c2ecff864638aeb2 1000w, https:\/\/brtk.net\/wp-content\/uploads\/2025\/01\/03\/1735903061485ATATURK_KoYusu_7-300x200.jpg?ver=f6655db21706afd71570422f16feada1 300w, https:\/\/brtk.net\/wp-content\/uploads\/2025\/01\/03\/1735903061485ATATURK_KoYusu_7-768x512.jpg?ver=f6655db21706afd71570422f16feada1 768w\"\/>                            <\/div>\n<p>2 \u0130skele\u2019de 7 Aral\u0131k Atat\u00fcrk Ko\u015fular\u0131, 9 Ocak Per\u015fembe g\u00fcn\u00fc yap\u0131lacak.<\/p>\n<p>\u0130skele Kaymakaml\u0131\u011f\u0131\u2019ndan verilen bilgiye g\u00f6re, okullar\u0131n 9.00\u2019da Atat\u00fcrk b\u00fcst\u00fc \u00f6n\u00fcnde yerlerini almas\u0131n\u0131n ard\u0131ndan okul m\u00fcd\u00fcrleri Atat\u00fcrk B\u00fcst\u00fcne \u00e7elenk koyacak.<\/p>\n<p>Sayg\u0131 duru\u015fu ve \u0130stiklal Mar\u015f\u0131 ile bayraklar\u0131n g\u00f6ndere \u00e7ekilmesini, Tarih \u00d6\u011fretmeni Koral \u00d6zkoraltay\u2019\u0131n g\u00fcn\u00fcn anlam ve \u00f6nemini belirten konu\u015fmas\u0131 izleyecek.<\/p>\n<p>Yar\u0131\u015flar\u0131n ard\u0131ndan Atat\u00fcrk K\u00fclt\u00fcr Merkezi ve\/veya Ecevit Meydan\u0131\u2019nda \u00f6d\u00fcl t\u00f6reni ger\u00e7ekle\u015ftirilecek.<\/p>\n<\/p><\/div>\n<p><script async\n                    defer\n                    crossorigin=\"anonymous\"\n                    src=\"https:\/\/connect.facebook.net\/tr_TR\/sdk.js#xfbml=1&#038;version=v3.3\"\n            ><\/script><br \/>\n<br \/><br \/>\n<br \/><a href=\"https:\/\/brtk.net\/iskelede-27-aralik-ataturk-kosulari-9-ocakta-kosulacak\/\">Kaynak BRT <\/a><\/p>\n","protected":false},"excerpt":{"rendered":"<p>2 \u0130skele\u2019de 7 Aral\u0131k Atat\u00fcrk Ko\u015fular\u0131, 9 Ocak Per\u015fembe g\u00fcn\u00fc yap\u0131lacak. \u0130skele Kaymakaml\u0131\u011f\u0131\u2019ndan verilen bilgiye g\u00f6re, okullar\u0131n 9.00\u2019da Atat\u00fcrk b\u00fcst\u00fc \u00f6n\u00fcnde yerlerini almas\u0131n\u0131n ard\u0131ndan okul m\u00fcd\u00fcrleri Atat\u00fcrk B\u00fcst\u00fcne \u00e7elenk koyacak. Sayg\u0131 duru\u015fu ve \u0130stiklal Mar\u015f\u0131 ile bayraklar\u0131n g\u00f6ndere \u00e7ekilmesini, Tarih \u00d6\u011fretmeni Koral \u00d6zkoraltay\u2019\u0131n g\u00fcn\u00fcn anlam ve \u00f6nemini belirten konu\u015fmas\u0131 izleyecek. Yar\u0131\u015flar\u0131n ard\u0131ndan Atat\u00fcrk K\u00fclt\u00fcr Merkezi [&hellip;]<\/p>\n","protected":false},"author":908,"featured_media":15711,"comment_status":"open","ping_status":"open","sticky":false,"template":"","format":"standard","meta":{"_jetpack_memberships_contains_paid_content":false,"footnotes":"","jetpack_publicize_message":"","jetpack_publicize_feature_enabled":true,"jetpack_social_post_already_shared":true,"jetpack_social_options":{"image_generator_settings":{"template":"highway","default_image_id":0,"font":"","enabled":false},"version":2}},"categories":[9],"tags":[],"class_list":["post-15710","post","type-post","status-publish","format-standard","has-post-thumbnail","hentry","category-spor"],"jetpack_publicize_connections":[],"jetpack_featured_media_url":"https:\/\/kibrisayna.com\/wp-content\/uploads\/2025\/01\/1735903061485ATATURK_KoYusu_7.jpg","jetpack_sharing_enabled":true,"_links":{"self":[{"href":"https:\/\/kibrisayna.com\/index.php\/wp-json\/wp\/v2\/posts\/15710","targetHints":{"allow":["GET"]}}],"collection":[{"href":"https:\/\/kibrisayna.com\/index.php\/wp-json\/wp\/v2\/posts"}],"about":[{"href":"https:\/\/kibrisayna.com\/index.php\/wp-json\/wp\/v2\/types\/post"}],"author":[{"embeddable":true,"href":"https:\/\/kibrisayna.com\/index.php\/wp-json\/wp\/v2\/users\/908"}],"replies":[{"embeddable":true,"href":"https:\/\/kibrisayna.com\/index.php\/wp-json\/wp\/v2\/comments?post=15710"}],"version-history":[{"count":0,"href":"https:\/\/kibrisayna.com\/index.php\/wp-json\/wp\/v2\/posts\/15710\/revisions"}],"wp:featuredmedia":[{"embeddable":true,"href":"https:\/\/kibrisayna.com\/index.php\/wp-json\/wp\/v2\/media\/15711"}],"wp:attachment":[{"href":"https:\/\/kibrisayna.com\/index.php\/wp-json\/wp\/v2\/media?parent=15710"}],"wp:term":[{"taxonomy":"category","embeddable":true,"href":"https:\/\/kibrisayna.com\/index.php\/wp-json\/wp\/v2\/categories?post=15710"},{"taxonomy":"post_tag","embeddable":true,"href":"https:\/\/kibrisayna.com\/index.php\/wp-json\/wp\/v2\/tags?post=15710"}],"curies":[{"name":"wp","href":"https:\/\/api.w.org\/{rel}","templated":true}]}}