{"id":15707,"date":"2025-01-03T14:53:03","date_gmt":"2025-01-03T11:53:03","guid":{"rendered":"https:\/\/kibrisayna.com\/index.php\/2025\/01\/03\/teknofest-kktc-basvurulari-15-ocakta-sona-erecek-brtk\/"},"modified":"2025-01-03T14:53:03","modified_gmt":"2025-01-03T11:53:03","slug":"teknofest-kktc-basvurulari-15-ocakta-sona-erecek-brtk","status":"publish","type":"post","link":"https:\/\/kibrisayna.com\/index.php\/2025\/01\/03\/teknofest-kktc-basvurulari-15-ocakta-sona-erecek-brtk\/","title":{"rendered":"TEKNOFEST KKTC ba\u015fvurular\u0131 15 Ocak\u2019ta sona erecek \u2013 BRTK"},"content":{"rendered":"<p> <br \/>\n<\/p>\n<div>\n<div class=\"mariselle-image-container center\">\n                <img loading=\"lazy\" decoding=\"async\" width=\"1252\" height=\"703\" class=\"lazy-image\" alt=\"\" sizes=\"auto, (max-width: 1252px) 100vw, 1252px\" src=\"https:\/\/brtk.net\/wp-content\/uploads\/2025\/01\/03\/1735901416687teknofest.png?ver=8fafee1b63b56ca2692ed8f9bbed1609\" srcset=\"https:\/\/brtk.net\/wp-content\/uploads\/2025\/01\/03\/1735901416687teknofest.png?ver=8fafee1b63b56ca2692ed8f9bbed1609 1252w, https:\/\/brtk.net\/wp-content\/uploads\/2025\/01\/03\/1735901416687teknofest-300x168.png?ver=e6876b0497f80ac14188469bd2f907d7 300w, https:\/\/brtk.net\/wp-content\/uploads\/2025\/01\/03\/1735901416687teknofest-1024x575.png?ver=d915fe40ede7130657e28c7896b5cc23 1024w, https:\/\/brtk.net\/wp-content\/uploads\/2025\/01\/03\/1735901416687teknofest-768x431.png?ver=d00c508e914b65eb2b00c21a7c5c4ba5 768w\"\/>                            <\/div>\n<p>TEKNOFEST KKTC Teknoloji Yar\u0131\u015fmalar\u0131 i\u00e7in ba\u015fvuru s\u00fcresi 15 Ocak tarihinde sona eriyor.<\/p>\n<p>D\u00fcnyan\u0131n en b\u00fcy\u00fck havac\u0131l\u0131k, uzay ve teknoloji festivali TEKNOFEST kapsam\u0131nda d\u00fczenlenecek KKTC Teknoloji Yar\u0131\u015fmalar\u0131, Kuzey K\u0131br\u0131s T\u00fcrk Cumhuriyeti\u2019nde teknoloji ve inovasyon tutkunu kat\u0131l\u0131mc\u0131lar\u0131 bir araya getirecek. <\/p>\n<p>TEKNOFEST KKTC kapsam\u0131nda d\u00fczenlenen Sosyal \u0130novasyon Yar\u0131\u015fmas\u0131 bu y\u0131l toplumsal fayday\u0131 art\u0131rmay\u0131 ve ya\u015fam kalitesini iyile\u015ftirmeyi hedefleyen projeler i\u00e7in yer a\u00e7\u0131yor. Y\u00fcr\u00fct\u00fcc\u00fcl\u00fc\u011f\u00fcn\u00fc T\u00dcB\u0130TAK\u2019\u0131n \u00fcstlendi\u011fi yar\u0131\u015fma, bireylerin yarat\u0131c\u0131 ve yenilik\u00e7i fikirlerini hayata ge\u00e7irerek toplumsal sorunlara \u00e7\u00f6z\u00fcm sunmalar\u0131n\u0131 te\u015fvik etmeyi ama\u00e7l\u0131yor.<\/p>\n<p>\u201cHayat Boyu \u00d6\u011frenme\u201d, \u201cToplum\u201d ve \u201cG\u00fcvenlik\u201d olmak \u00fczere \u00fc\u00e7 ana kategoride d\u00fczenlenecek Sosyal \u0130novasyon Yar\u0131\u015fmas\u0131, toplumsal e\u015fitsizlikleri azaltmay\u0131 ve ya\u015fam standartlar\u0131n\u0131 iyile\u015ftirmeyi hedefleyen projelere odaklanacak. Kat\u0131l\u0131mc\u0131lar, ya\u015fam ko\u015fullar\u0131n\u0131 geli\u015ftiren, toplumsal fayda yaratan ve bireylerin topluma aktif kat\u0131l\u0131m\u0131n\u0131 te\u015fvik eden yenilik\u00e7i projelerle yar\u0131\u015fmaya kat\u0131labilecek.<\/p>\n<p>Sosyal \u0130novasyon Yar\u0131\u015fmas\u0131\u2019na, T\u00fcrkiye, Kuzey K\u0131br\u0131s T\u00fcrk Cumhuriyeti ve yurt d\u0131\u015f\u0131nda \u00f6\u011frenim g\u00f6ren t\u00fcm ilkokul, ortaokul, lise (A\u00e7\u0131k \u00d6\u011fretim dahil) ve \u00fcniversite \u00f6\u011frencileri (Lisans, \u00d6n Lisans, Y\u00fcksek Lisans, Doktora ve A\u00e7\u0131k \u00d6\u011fretim dahil) ile mezunlar ba\u015fvurabilecek. <\/p>\n<p>Kat\u0131l\u0131mc\u0131lar, bireysel olarak ba\u015fvuru yapabilecekleri gibi, en fazla 6 ki\u015fiden olu\u015fan tak\u0131mlar da kurarak yar\u0131\u015fmaya kat\u0131labilecek. Sosyal \u0130novasyon Yar\u0131\u015fmas\u0131, her ya\u015ftan kat\u0131l\u0131mc\u0131y\u0131 toplumsal zorluklara yarat\u0131c\u0131 \u00e7\u00f6z\u00fcmler geli\u015ftirmeye te\u015fvik ederken, gen\u00e7lere yaln\u0131zca \u00f6d\u00fcl kazanma \u015fans\u0131 de\u011fil, ayn\u0131 zamanda topluma anlaml\u0131 katk\u0131lar sunma f\u0131rsat\u0131 da sunuyor.<\/p>\n<p>TEKNOFEST, t\u00fcm teknoloji yar\u0131\u015fmalar\u0131nda oldu\u011fu gibi Sosyal \u0130novasyon Yar\u0131\u015fmas\u0131\u2019nda da farkl\u0131 e\u011fitim seviyelerine \u00f6zel b\u00fcy\u00fck \u00f6d\u00fcller sunuyor. \u0130lkokul d\u00fczeyinde birinci olanlar 50 bin TL, ikinci olanlar 40 bin TL, \u00fc\u00e7\u00fcnc\u00fc olanlar ise 30 bin TL \u00f6d\u00fcl kazanacak. Ortaokul kategorisinde birincilere 60 bin TL, ikincilere 50 bin TL, \u00fc\u00e7\u00fcnc\u00fclere 40 bin TL \u00f6d\u00fcl verilecek. Lise seviyesinde dereceye girenler i\u00e7in birincilik \u00f6d\u00fcl\u00fc 70 bin TL, ikincilik \u00f6d\u00fcl\u00fc 60 bin TL, \u00fc\u00e7\u00fcnc\u00fcl\u00fck \u00f6d\u00fcl\u00fc ise 50 bin TL olarak belirlendi. \u00dcniversite ve \u00fczeri kategoride yar\u0131\u015fan birinciler 80 bin TL, ikinciler 70 bin TL, \u00fc\u00e7\u00fcnc\u00fcler ise 60 bin TL \u00f6d\u00fclle \u00f6d\u00fcllendirilecek.<\/p>\n<p>D\u00fcnyan\u0131n d\u00f6rt bir yan\u0131ndan kat\u0131l\u0131mc\u0131lar\u0131 a\u011f\u0131rlayacak TEKNOFEST KKTC Teknoloji Yar\u0131\u015fmalar\u0131 i\u00e7in ba\u015fvuru s\u00fcresi 15 Ocak tarihinde sona erecek. Kat\u0131l\u0131m\u0131n \u00fccretsiz oldu\u011fu etkinli\u011fe dair detayl\u0131 bilgi ve ba\u015fvuru i\u00e7in www.teknofest.org adresini ziyaret edilebilecek.<\/p>\n<\/p><\/div>\n<p><script async\n                    defer\n                    crossorigin=\"anonymous\"\n                    src=\"https:\/\/connect.facebook.net\/tr_TR\/sdk.js#xfbml=1&#038;version=v3.3\"\n            ><\/script><br \/>\n<br \/><br \/>\n<br \/><a href=\"https:\/\/brtk.net\/teknofest-kktc-basvurulari-15-ocakta-sona-erecek\/\">Kaynak BRT <\/a><\/p>\n","protected":false},"excerpt":{"rendered":"<p>TEKNOFEST KKTC Teknoloji Yar\u0131\u015fmalar\u0131 i\u00e7in ba\u015fvuru s\u00fcresi 15 Ocak tarihinde sona eriyor. D\u00fcnyan\u0131n en b\u00fcy\u00fck havac\u0131l\u0131k, uzay ve teknoloji festivali TEKNOFEST kapsam\u0131nda d\u00fczenlenecek KKTC Teknoloji Yar\u0131\u015fmalar\u0131, Kuzey K\u0131br\u0131s T\u00fcrk Cumhuriyeti\u2019nde teknoloji ve inovasyon tutkunu kat\u0131l\u0131mc\u0131lar\u0131 bir araya getirecek. TEKNOFEST KKTC kapsam\u0131nda d\u00fczenlenen Sosyal \u0130novasyon Yar\u0131\u015fmas\u0131 bu y\u0131l toplumsal fayday\u0131 art\u0131rmay\u0131 ve ya\u015fam kalitesini iyile\u015ftirmeyi hedefleyen [&hellip;]<\/p>\n","protected":false},"author":908,"featured_media":15708,"comment_status":"open","ping_status":"open","sticky":false,"template":"","format":"standard","meta":{"_jetpack_memberships_contains_paid_content":false,"footnotes":"","jetpack_publicize_message":"","jetpack_publicize_feature_enabled":true,"jetpack_social_post_already_shared":true,"jetpack_social_options":{"image_generator_settings":{"template":"highway","default_image_id":0,"font":"","enabled":false},"version":2}},"categories":[253],"tags":[],"class_list":["post-15707","post","type-post","status-publish","format-standard","has-post-thumbnail","hentry","category-gundem"],"jetpack_publicize_connections":[],"jetpack_featured_media_url":"https:\/\/kibrisayna.com\/wp-content\/uploads\/2025\/01\/1735901416687teknofest.png","jetpack_sharing_enabled":true,"_links":{"self":[{"href":"https:\/\/kibrisayna.com\/index.php\/wp-json\/wp\/v2\/posts\/15707","targetHints":{"allow":["GET"]}}],"collection":[{"href":"https:\/\/kibrisayna.com\/index.php\/wp-json\/wp\/v2\/posts"}],"about":[{"href":"https:\/\/kibrisayna.com\/index.php\/wp-json\/wp\/v2\/types\/post"}],"author":[{"embeddable":true,"href":"https:\/\/kibrisayna.com\/index.php\/wp-json\/wp\/v2\/users\/908"}],"replies":[{"embeddable":true,"href":"https:\/\/kibrisayna.com\/index.php\/wp-json\/wp\/v2\/comments?post=15707"}],"version-history":[{"count":0,"href":"https:\/\/kibrisayna.com\/index.php\/wp-json\/wp\/v2\/posts\/15707\/revisions"}],"wp:featuredmedia":[{"embeddable":true,"href":"https:\/\/kibrisayna.com\/index.php\/wp-json\/wp\/v2\/media\/15708"}],"wp:attachment":[{"href":"https:\/\/kibrisayna.com\/index.php\/wp-json\/wp\/v2\/media?parent=15707"}],"wp:term":[{"taxonomy":"category","embeddable":true,"href":"https:\/\/kibrisayna.com\/index.php\/wp-json\/wp\/v2\/categories?post=15707"},{"taxonomy":"post_tag","embeddable":true,"href":"https:\/\/kibrisayna.com\/index.php\/wp-json\/wp\/v2\/tags?post=15707"}],"curies":[{"name":"wp","href":"https:\/\/api.w.org\/{rel}","templated":true}]}}