{"id":15685,"date":"2025-01-03T14:16:01","date_gmt":"2025-01-03T11:16:01","guid":{"rendered":"https:\/\/kibrisayna.com\/index.php\/2025\/01\/03\/ozturkler-buyukelci-serimi-ziyaret-etti\/"},"modified":"2025-01-03T14:16:01","modified_gmt":"2025-01-03T11:16:01","slug":"ozturkler-buyukelci-serimi-ziyaret-etti","status":"publish","type":"post","link":"https:\/\/kibrisayna.com\/index.php\/2025\/01\/03\/ozturkler-buyukelci-serimi-ziyaret-etti\/","title":{"rendered":"\u00d6zt\u00fcrkler, B\u00fcy\u00fckel\u00e7i Serim\u2019i ziyaret etti"},"content":{"rendered":"<p> <br \/>\n<\/p>\n<div class=\"mariselle-image-container center\">\n                <img width=\"1800\" height=\"1200\" class=\"lazy-image\" alt=\"\" data-src=\"https:\/\/brtk.net\/wp-content\/uploads\/2025\/01\/03\/1735900969154OZTURKLER-BUYUKELCI-SERIM.jpg?ver=e799ff3d1585754474823f7b07ae47ca\" data-srcset=\"https:\/\/brtk.net\/wp-content\/uploads\/2025\/01\/03\/1735900969154OZTURKLER-BUYUKELCI-SERIM.jpg?ver=e799ff3d1585754474823f7b07ae47ca 1800w, https:\/\/brtk.net\/wp-content\/uploads\/2025\/01\/03\/1735900969154OZTURKLER-BUYUKELCI-SERIM-300x200.jpg?ver=9b49a35247433f64efd0d25dc69d50e8 300w, https:\/\/brtk.net\/wp-content\/uploads\/2025\/01\/03\/1735900969154OZTURKLER-BUYUKELCI-SERIM-1024x683.jpg?ver=6143855887539690cf9795f9e24cf630 1024w, https:\/\/brtk.net\/wp-content\/uploads\/2025\/01\/03\/1735900969154OZTURKLER-BUYUKELCI-SERIM-768x512.jpg?ver=6143855887539690cf9795f9e24cf630 768w, https:\/\/brtk.net\/wp-content\/uploads\/2025\/01\/03\/1735900969154OZTURKLER-BUYUKELCI-SERIM-1536x1024.jpg?ver=c78b84013294f4ad3ae50dafb978ff83 1536w\" \/>                            <\/div>\n<p>Cumhuriyet Meclisi Ba\u015fkan\u0131 Ziya \u00d6zt\u00fcrkler, T\u00fcrkiye Cumhuriyeti\u2019nin Lefko\u015fa B\u00fcy\u00fckel\u00e7isi Yasin Ekrem Serim\u2019i ziyaret etti.<\/p>\n<p>Cumhuriyet Meclisi\u2019nden verilen bilgiye g\u00f6re,  ziyarette g\u00f6r\u00fc\u015f al\u0131\u015fveri\u015finde bulunuldu.<\/p>\n<p><br \/>\n<br \/><a href=\"https:\/\/brtk.net\/ozturkler-buyukelci-serimi-ziyaret-etti\/\">Kaynak BRT <\/a><\/p>\n","protected":false},"excerpt":{"rendered":"<p>Cumhuriyet Meclisi Ba\u015fkan\u0131 Ziya \u00d6zt\u00fcrkler, T\u00fcrkiye Cumhuriyeti\u2019nin Lefko\u015fa B\u00fcy\u00fckel\u00e7isi Yasin Ekrem Serim\u2019i ziyaret etti. Cumhuriyet Meclisi\u2019nden verilen bilgiye g\u00f6re, ziyarette g\u00f6r\u00fc\u015f al\u0131\u015fveri\u015finde bulunuldu. Kaynak BRT<\/p>\n","protected":false},"author":908,"featured_media":15686,"comment_status":"open","ping_status":"open","sticky":false,"template":"","format":"standard","meta":{"_jetpack_memberships_contains_paid_content":false,"footnotes":"","jetpack_publicize_message":"","jetpack_publicize_feature_enabled":true,"jetpack_social_post_already_shared":true,"jetpack_social_options":{"image_generator_settings":{"template":"highway","default_image_id":0,"font":"","enabled":false},"version":2}},"categories":[253],"tags":[],"class_list":["post-15685","post","type-post","status-publish","format-standard","has-post-thumbnail","hentry","category-gundem"],"jetpack_publicize_connections":[],"jetpack_featured_media_url":"https:\/\/kibrisayna.com\/wp-content\/uploads\/2025\/01\/ewlkjrlwj.jpg","jetpack_sharing_enabled":true,"_links":{"self":[{"href":"https:\/\/kibrisayna.com\/index.php\/wp-json\/wp\/v2\/posts\/15685","targetHints":{"allow":["GET"]}}],"collection":[{"href":"https:\/\/kibrisayna.com\/index.php\/wp-json\/wp\/v2\/posts"}],"about":[{"href":"https:\/\/kibrisayna.com\/index.php\/wp-json\/wp\/v2\/types\/post"}],"author":[{"embeddable":true,"href":"https:\/\/kibrisayna.com\/index.php\/wp-json\/wp\/v2\/users\/908"}],"replies":[{"embeddable":true,"href":"https:\/\/kibrisayna.com\/index.php\/wp-json\/wp\/v2\/comments?post=15685"}],"version-history":[{"count":0,"href":"https:\/\/kibrisayna.com\/index.php\/wp-json\/wp\/v2\/posts\/15685\/revisions"}],"wp:featuredmedia":[{"embeddable":true,"href":"https:\/\/kibrisayna.com\/index.php\/wp-json\/wp\/v2\/media\/15686"}],"wp:attachment":[{"href":"https:\/\/kibrisayna.com\/index.php\/wp-json\/wp\/v2\/media?parent=15685"}],"wp:term":[{"taxonomy":"category","embeddable":true,"href":"https:\/\/kibrisayna.com\/index.php\/wp-json\/wp\/v2\/categories?post=15685"},{"taxonomy":"post_tag","embeddable":true,"href":"https:\/\/kibrisayna.com\/index.php\/wp-json\/wp\/v2\/tags?post=15685"}],"curies":[{"name":"wp","href":"https:\/\/api.w.org\/{rel}","templated":true}]}}